{"id":43938,"date":"2025-01-01T09:31:24","date_gmt":"2025-01-01T14:31:24","guid":{"rendered":"https:\/\/contraluzcucuta.co\/?p=43938"},"modified":"2025-01-01T09:32:07","modified_gmt":"2025-01-01T14:32:07","slug":"denuncia-ciudadana-letrina-publica-y-guarida","status":"publish","type":"post","link":"https:\/\/contraluzcucuta.co\/?p=43938","title":{"rendered":"DENUNCIA CIUDADANA. Letrina p\u00fablica y guarida"},"content":{"rendered":"<figure id=\"attachment_43941\" aria-describedby=\"caption-attachment-43941\" style=\"width: 243px\" class=\"wp-caption alignleft\"><a href=\"https:\/\/contraluzcucuta.co\/wp-content\/uploads\/2025\/01\/DENUNCIA-CASA-2-scaled.jpeg\"><img loading=\"lazy\" decoding=\"async\" class=\" wp-image-43941\" src=\"https:\/\/contraluzcucuta.co\/wp-content\/uploads\/2025\/01\/DENUNCIA-CASA-2-300x225.jpeg\" alt=\"\" width=\"243\" height=\"182\" srcset=\"https:\/\/contraluzcucuta.co\/wp-content\/uploads\/2025\/01\/DENUNCIA-CASA-2-300x225.jpeg 300w, https:\/\/contraluzcucuta.co\/wp-content\/uploads\/2025\/01\/DENUNCIA-CASA-2-scaled-600x450.jpeg 600w, https:\/\/contraluzcucuta.co\/wp-content\/uploads\/2025\/01\/DENUNCIA-CASA-2-1024x768.jpeg 1024w, https:\/\/contraluzcucuta.co\/wp-content\/uploads\/2025\/01\/DENUNCIA-CASA-2-768x576.jpeg 768w, https:\/\/contraluzcucuta.co\/wp-content\/uploads\/2025\/01\/DENUNCIA-CASA-2-1536x1152.jpeg 1536w, https:\/\/contraluzcucuta.co\/wp-content\/uploads\/2025\/01\/DENUNCIA-CASA-2-2048x1536.jpeg 2048w\" sizes=\"auto, (max-width: 243px) 100vw, 243px\" \/><\/a><figcaption id=\"caption-attachment-43941\" class=\"wp-caption-text\">Fotos: contraluzcucuta<\/figcaption><\/figure>\n<p style=\"text-align: left;\"><strong><span style=\"color: #ff9900;\">C\u00daCUTA.- Meses atr\u00e1s, en la esquina de la avenida primera con calle 14 funcion\u00f3 un restaurante y luego un negocio de billares. Por razones desconocidas, el inmueble qued\u00f3 abandonado y a la merced de los v\u00e1ndalos que lo han desmantelado poco a poco.<\/span><\/strong><\/p>\n<p>El otrora pr\u00f3spero lugar comercial est\u00e1 convertido en sitio de porquer\u00eda, desde donde se despiden olores desagradables provocados por la suciedad, la porquer\u00eda que dejan los habitantes de calle, la basura que arrojan a lo que fue el comedor y la asquerosidad producida por los desechos humanos.<\/p>\n<p>Transitar por el and\u00e9n es someterse a soportar la hediondez y sentir ganas de trasbocar. Solo los due\u00f1os de esa inmundicia son capaces de vivir ah\u00ed.<\/p>\n<p>&nbsp;<\/p>\n<p><a href=\"https:\/\/contraluzcucuta.co\/wp-content\/uploads\/2025\/01\/DENUNCIA-CASA-1-1-scaled.jpeg\"><img loading=\"lazy\" decoding=\"async\" class=\"alignnone wp-image-43940 alignleft\" src=\"https:\/\/contraluzcucuta.co\/wp-content\/uploads\/2025\/01\/DENUNCIA-CASA-1-1-300x225.jpeg\" alt=\"\" width=\"247\" height=\"185\" srcset=\"https:\/\/contraluzcucuta.co\/wp-content\/uploads\/2025\/01\/DENUNCIA-CASA-1-1-300x225.jpeg 300w, https:\/\/contraluzcucuta.co\/wp-content\/uploads\/2025\/01\/DENUNCIA-CASA-1-1-scaled-600x450.jpeg 600w, https:\/\/contraluzcucuta.co\/wp-content\/uploads\/2025\/01\/DENUNCIA-CASA-1-1-1024x768.jpeg 1024w, https:\/\/contraluzcucuta.co\/wp-content\/uploads\/2025\/01\/DENUNCIA-CASA-1-1-768x576.jpeg 768w, https:\/\/contraluzcucuta.co\/wp-content\/uploads\/2025\/01\/DENUNCIA-CASA-1-1-1536x1152.jpeg 1536w, https:\/\/contraluzcucuta.co\/wp-content\/uploads\/2025\/01\/DENUNCIA-CASA-1-1-2048x1536.jpeg 2048w\" sizes=\"auto, (max-width: 247px) 100vw, 247px\" \/><\/a><\/p>\n<p>La casa es vecina del Museo de Norte de Santander y de C\u00facuta, y la fetidez se cuela hasta molestar a los asistentes a exposiciones en la sede cultural.<\/p>\n","protected":false},"excerpt":{"rendered":"<p>C\u00daCUTA.- Meses atr\u00e1s, en la esquina de la avenida primera con calle 14 funcion\u00f3 un restaurante y luego un negocio de billares. Por razones desconocidas, el inmueble qued\u00f3 abandonado y a la merced de los v\u00e1ndalos que lo han desmantelado poco a poco. El otrora pr\u00f3spero lugar comercial est\u00e1 convertido en sitio de porquer\u00eda, desde &hellip;<\/p>\n","protected":false},"author":1,"featured_media":43941,"comment_status":"open","ping_status":"open","sticky":false,"template":"","format":"standard","meta":{"footnotes":""},"categories":[11,4],"tags":[226,6836,323,163],"class_list":["post-43938","post","type-post","status-publish","format-standard","has-post-thumbnail","hentry","category-cronica-roja","category-barra","tag-alcaldia-de-cucuta","tag-denuncia-ciudadana","tag-mecuc","tag-policia-metropolitana"],"_links":{"self":[{"href":"https:\/\/contraluzcucuta.co\/index.php?rest_route=\/wp\/v2\/posts\/43938","targetHints":{"allow":["GET"]}}],"collection":[{"href":"https:\/\/contraluzcucuta.co\/index.php?rest_route=\/wp\/v2\/posts"}],"about":[{"href":"https:\/\/contraluzcucuta.co\/index.php?rest_route=\/wp\/v2\/types\/post"}],"author":[{"embeddable":true,"href":"https:\/\/contraluzcucuta.co\/index.php?rest_route=\/wp\/v2\/users\/1"}],"replies":[{"embeddable":true,"href":"https:\/\/contraluzcucuta.co\/index.php?rest_route=%2Fwp%2Fv2%2Fcomments&post=43938"}],"version-history":[{"count":2,"href":"https:\/\/contraluzcucuta.co\/index.php?rest_route=\/wp\/v2\/posts\/43938\/revisions"}],"predecessor-version":[{"id":43944,"href":"https:\/\/contraluzcucuta.co\/index.php?rest_route=\/wp\/v2\/posts\/43938\/revisions\/43944"}],"wp:featuredmedia":[{"embeddable":true,"href":"https:\/\/contraluzcucuta.co\/index.php?rest_route=\/wp\/v2\/media\/43941"}],"wp:attachment":[{"href":"https:\/\/contraluzcucuta.co\/index.php?rest_route=%2Fwp%2Fv2%2Fmedia&parent=43938"}],"wp:term":[{"taxonomy":"category","embeddable":true,"href":"https:\/\/contraluzcucuta.co\/index.php?rest_route=%2Fwp%2Fv2%2Fcategories&post=43938"},{"taxonomy":"post_tag","embeddable":true,"href":"https:\/\/contraluzcucuta.co\/index.php?rest_route=%2Fwp%2Fv2%2Ftags&post=43938"}],"curies":[{"name":"wp","href":"https:\/\/api.w.org\/{rel}","templated":true}]}}