{"id":43931,"date":"2025-01-01T09:19:15","date_gmt":"2025-01-01T14:19:15","guid":{"rendered":"https:\/\/contraluzcucuta.co\/?p=43931"},"modified":"2025-01-01T09:19:15","modified_gmt":"2025-01-01T14:19:15","slug":"conversaciones-de-entre-casa-soy-progresista-y-abierto-vito-serrano","status":"publish","type":"post","link":"https:\/\/contraluzcucuta.co\/?p=43931","title":{"rendered":"CONVERSACIONES DE ENTRE CASA. Soy progresista y abierto, Vito Serrano"},"content":{"rendered":"<p style=\"padding-left: 40px; text-align: right;\"><strong><span style=\"color: #ff9900;\">C\u00daCUTA.- Del ba\u00fal de los recuerdos Vito Serrano saca canciones, historias, poemas, armas y balas. Esa colecci\u00f3n de objetos guardados en el cofre corresponde a momentos vividos en Gramalote, el pueblo natal, y C\u00facuta, la ciudad que lo vio crecer. Ah\u00ed, doblado, est\u00e1 el primer peri\u00f3dico que escribi\u00f3 en la \u00e9poca de colegial y que contiene el art\u00edculo con el que debut\u00f3 en el mundo de las letras: <em>Soy un emo<\/em>.<\/span><\/strong><\/p>\n<p><a href=\"https:\/\/contraluzcucuta.co\/wp-content\/uploads\/2025\/01\/VITO-3-scaled.jpeg\"><img loading=\"lazy\" decoding=\"async\" class=\"alignnone  wp-image-43934 alignright\" src=\"https:\/\/contraluzcucuta.co\/wp-content\/uploads\/2025\/01\/VITO-3-225x300.jpeg\" alt=\"\" width=\"211\" height=\"281\" srcset=\"https:\/\/contraluzcucuta.co\/wp-content\/uploads\/2025\/01\/VITO-3-225x300.jpeg 225w, https:\/\/contraluzcucuta.co\/wp-content\/uploads\/2025\/01\/VITO-3-scaled-600x800.jpeg 600w, https:\/\/contraluzcucuta.co\/wp-content\/uploads\/2025\/01\/VITO-3-768x1024.jpeg 768w, https:\/\/contraluzcucuta.co\/wp-content\/uploads\/2025\/01\/VITO-3-1152x1536.jpeg 1152w, https:\/\/contraluzcucuta.co\/wp-content\/uploads\/2025\/01\/VITO-3-1536x2048.jpeg 1536w, https:\/\/contraluzcucuta.co\/wp-content\/uploads\/2025\/01\/VITO-3-scaled.jpeg 1920w\" sizes=\"auto, (max-width: 211px) 100vw, 211px\" \/><\/a><\/p>\n<p>Eran los d\u00edas en los que pertenec\u00eda a la subcultura visual. Asist\u00eda a clases con la vestimenta y los peinados propios de ese grupo. Las bromas de los compa\u00f1eros no lo hac\u00edan desistir del gusto por lo irreverente. Hoy, cree que por las venas le corre sangre revolucionaria heredada de la abuela materna adoptiva, que en los tiempos de juventud profesaba admiraci\u00f3n por la Anapo.<\/p>\n<p>En Gramalote fue testigo de actos protagonizados por grupos paramilitares y por el Eln. Lleva esos recuerdos frescos de la ni\u00f1ez, compartidos con los minutos frente al televisor, los juegos con los amigos y las temporadas de metras, trompos y golosas.<\/p>\n<ul>\n<li><em>Soy progresista y abierto<\/em><em>, pero hay recuerdos con los que me vuelvo melanc\u00f3lico, nost\u00e1lgico, como los de la ni\u00f1ez.<\/em><\/li>\n<\/ul>\n<p>Para tomarles gusto a las frases, las oraciones y los p\u00e1rrafos escribi\u00f3 el cuento <em>Cincel mata<\/em>. El papel se perdi\u00f3, pero la historia permanece en la mente. La herramienta la tom\u00f3 prestada de los t\u00edos constructores y el instinto asesino lo pidi\u00f3 prestado a las pel\u00edculas que ve\u00eda. Tendr\u00eda 8 a\u00f1os.<\/p>\n<p>A pesar de que escrib\u00eda, no le\u00eda. El primer libro que ley\u00f3 fue <em>La isla del tesoro. <\/em>No le gust\u00f3. El segundo, <em>Diario de Ana Frank<\/em>, lo termin\u00f3 para ganarse el regalo prometido por el primo. Nunca le cumpli\u00f3. El tercero fue <em>En pie de guerra<\/em>, de Carlos Cuauht\u00e9moc S\u00e1nchez. De ah\u00ed en adelante se perdi\u00f3 la cuenta.<\/p>\n<p>\u00bfQui\u00e9n que le ha tomado forma a la lectura y a la escritura no escoger\u00eda el plantel que lleve por nombre Pablo Neruda? Pues, David (ese es el nombre que le pusieron en la pila bautismal) ajust\u00f3 ese don de la mano de Jorge Corredor, fil\u00f3sofo, seguidor de la m\u00fasica met\u00e1lica y titular en el colegio.<\/p>\n<ul>\n<li><em>El profe me dijo: \u2018Usted tiene madera para eso. Le gusta investigar, deber\u00eda meterse como comunicador social\u2019. Yo no quer\u00eda estudiar comunicaci\u00f3n social, sino derecho.<\/em><\/li>\n<\/ul>\n<p><a href=\"https:\/\/contraluzcucuta.co\/wp-content\/uploads\/2025\/01\/VITO-8-scaled.jpeg\"><img loading=\"lazy\" decoding=\"async\" class=\"alignnone  wp-image-43935 alignleft\" src=\"https:\/\/contraluzcucuta.co\/wp-content\/uploads\/2025\/01\/VITO-8-300x225.jpeg\" alt=\"\" width=\"247\" height=\"185\" srcset=\"https:\/\/contraluzcucuta.co\/wp-content\/uploads\/2025\/01\/VITO-8-300x225.jpeg 300w, https:\/\/contraluzcucuta.co\/wp-content\/uploads\/2025\/01\/VITO-8-scaled-600x450.jpeg 600w, https:\/\/contraluzcucuta.co\/wp-content\/uploads\/2025\/01\/VITO-8-1024x768.jpeg 1024w, https:\/\/contraluzcucuta.co\/wp-content\/uploads\/2025\/01\/VITO-8-768x576.jpeg 768w, https:\/\/contraluzcucuta.co\/wp-content\/uploads\/2025\/01\/VITO-8-1536x1152.jpeg 1536w, https:\/\/contraluzcucuta.co\/wp-content\/uploads\/2025\/01\/VITO-8-2048x1536.jpeg 2048w\" sizes=\"auto, (max-width: 247px) 100vw, 247px\" \/><\/a><\/p>\n<p>No matricul\u00f3 sicolog\u00eda luego de las observaciones maternas. \u2018Eso no da nada. Es para perder tiempo y plata\u2019. A eso se agregaba que obtuvo la pen\u00faltima peor calificaci\u00f3n en las pruebas Icfes. Definitivamente, derecho no era la opci\u00f3n de vida. Ingres\u00f3 a Comunicaci\u00f3n y las primeras materias lo engancharon a la carrera hasta graduarse con tesis meritoria.<\/p>\n<p>Corr\u00edan las \u00faltimas semanas del 2014, cuando apareci\u00f3 el hombre que le har\u00eda dar un viraje a la vida. El conferenciante habl\u00f3 de multimedia y transmedia, t\u00e9rminos que Vito jam\u00e1s hab\u00eda o\u00eddo. Ah\u00ed, comprob\u00f3 que estaba desactualizado en cuesti\u00f3n de tecnolog\u00eda.<\/p>\n<p>A\u00f1os despu\u00e9s de la charla, tiene el placer de compartir manteles con gente que se mueve en esa \u00f3rbita. Y fue el SENA la instituci\u00f3n que le abri\u00f3 los sentidos para salir del analfabetismo tecnol\u00f3gico.<\/p>\n<ul>\n<li><em>Hab\u00eda hecho un pr\u00e9stamo para comenzar un proyecto. Entramos en pandemia y quebr\u00e9 antes de empezar la empresa. Todav\u00eda la tengo registrada.<\/em><\/li>\n<\/ul>\n<p>Entr\u00f3 en estado de depresi\u00f3n. La vida se resum\u00eda en dormir y comer. De repente, lloraba sin motivo visible. Para salir de la crisis busc\u00f3 refugio en la escritura. Encontr\u00f3 en el odio que sent\u00eda por la abuela materna la inspiraci\u00f3n para escribir y desahogarse. Fueron ocho p\u00e1ginas iniciales. Luego las complement\u00f3 con elementos vivenciales y ficticios para llegar a la historia final.<\/p>\n<p>El suicidio de una mujer en el intercambiador de la Autopista Atalaya fue el detonante para encontrar el camino que buscaba para terminar la obra. El reloj de Sol, el templo de San Luis y otros puntos de la Ciudad del Eterno Verano comenzaron a aparecer en las 260 p\u00e1ginas que conforman <em>Las Cr\u00f3nicas de Vincent, el ni\u00f1o de ojos color caf\u00e9.<\/em><\/p>\n<p>Los nombres de los personajes son reales, as\u00ed la historia sea ficticia. Algunos amigos tambi\u00e9n est\u00e1n en el entramado de esta novela que har\u00e1 parte de la trilog\u00eda con la que quedar\u00e1 bien contada la historia.<\/p>\n<ul>\n<li><em>La portada la dise\u00f1\u00e9. Ped\u00ed unos comentarios a Andr\u00e9s Carvajal, quien me ayud\u00f3 con la correcci\u00f3n de estilo. Luego fortalec\u00ed el texto.<\/em><\/li>\n<\/ul>\n<p><a href=\"https:\/\/contraluzcucuta.co\/wp-content\/uploads\/2025\/01\/VITO-2-scaled.jpeg\"><img loading=\"lazy\" decoding=\"async\" class=\"alignnone  wp-image-43936 alignright\" src=\"https:\/\/contraluzcucuta.co\/wp-content\/uploads\/2025\/01\/VITO-2-300x225.jpeg\" alt=\"\" width=\"256\" height=\"192\" srcset=\"https:\/\/contraluzcucuta.co\/wp-content\/uploads\/2025\/01\/VITO-2-300x225.jpeg 300w, https:\/\/contraluzcucuta.co\/wp-content\/uploads\/2025\/01\/VITO-2-scaled-600x450.jpeg 600w, https:\/\/contraluzcucuta.co\/wp-content\/uploads\/2025\/01\/VITO-2-1024x768.jpeg 1024w, https:\/\/contraluzcucuta.co\/wp-content\/uploads\/2025\/01\/VITO-2-768x576.jpeg 768w, https:\/\/contraluzcucuta.co\/wp-content\/uploads\/2025\/01\/VITO-2-1536x1152.jpeg 1536w, https:\/\/contraluzcucuta.co\/wp-content\/uploads\/2025\/01\/VITO-2-2048x1536.jpeg 2048w\" sizes=\"auto, (max-width: 256px) 100vw, 256px\" \/><\/a><\/p>\n<p>Las portadas tienen impl\u00edcito un mensaje. El juego de las figuras geom\u00e9tricas se entiende en la medida que avanza la lectura. Y se resuelven los porqu\u00e9s que aparecen al ver el ni\u00f1o, el \u00e1rbol, la hoja. Los simbolismos tienen respuestas en las p\u00e1ginas.<\/p>\n<p>El nombre del protagonista, Vincent, surge de la admiraci\u00f3n del autor por Vincent Willem van Gogh, pintor neerland\u00e9s y uno de los principales exponentes del postimpresionismo.\u200b El seud\u00f3nimo de Vito es por el encandilamiento que le produce el escritor \u00edtalo-estadounidense Mario Puzo.<\/p>\n<p>Cuando ley\u00f3 el libro y vio la pel\u00edcula El padrino, comenz\u00f3 a so\u00f1ar con ser como el protagonista de la novela, Vito Andolini, por el liderazgo que ejerce Corleone en la obra. Debut\u00f3 con ese nombre en la Universidad y cambi\u00f3 el remoquete familiar Tato, por el de Vito.<\/p>\n<ul>\n<li><em>Quer\u00eda dar una impresi\u00f3n despu\u00e9s de leer El padrino. Qued\u00e9 tan impactado despu\u00e9s de ver las pel\u00edculas que dije, \u2018Voy a ser Vito\u2019. Muchos pensaban que era cantante. <\/em><\/li>\n<\/ul>\n<p>El segundo libro de la trilog\u00eda est\u00e1 escrito y saldr\u00e1 cuando pase el entusiasmo suscitado por <em>El ni\u00f1o de ojos color caf\u00e9<\/em>. Ver\u00e1 la luz a mitad de 2025, cuando tenga certeza acerca de la respuesta de las tendencias tecnol\u00f3gicas. El t\u00edtulo: <em>Cr\u00f3nicas de Vincent, libro de Ad\u00e1n.<\/em> Es la historia de Ad\u00e1n, como primer hombre, y tocar\u00e1 el incesto y las parejas igualitarias, entre otros asuntos controversiales.<\/p>\n<p><strong>\u00bfY el tercero?<\/strong><\/p>\n<ul>\n<li><em>Cr\u00f3nicas de Vincent, la casa del duende. Tiene un poquito de todo. Primero, policial y thriller; luego, ficci\u00f3n y realismo m\u00e1gico.<\/em><\/li>\n<\/ul>\n<p><strong>RAFAEL ANTONIO PAB\u00d3N<\/strong><\/p>\n<p><a href=\"mailto:rafaelpabon58@hotmail.com\"><strong>rafaelpabon58@hotmail.com<\/strong><\/a><\/p>\n","protected":false},"excerpt":{"rendered":"<p>C\u00daCUTA.- Del ba\u00fal de los recuerdos Vito Serrano saca canciones, historias, poemas, armas y balas. Esa colecci\u00f3n de objetos guardados en el cofre corresponde a momentos vividos en Gramalote, el pueblo natal, y C\u00facuta, la ciudad que lo vio crecer. Ah\u00ed, doblado, est\u00e1 el primer peri\u00f3dico que escribi\u00f3 en la \u00e9poca de colegial y que &hellip;<\/p>\n","protected":false},"author":1,"featured_media":43933,"comment_status":"open","ping_status":"open","sticky":false,"template":"","format":"standard","meta":{"footnotes":""},"categories":[45,4],"tags":[1312,6835],"class_list":["post-43931","post","type-post","status-publish","format-standard","has-post-thumbnail","hentry","category-destacado","category-barra","tag-escritores-nortesantandereanos","tag-vito-serrano"],"_links":{"self":[{"href":"https:\/\/contraluzcucuta.co\/index.php?rest_route=\/wp\/v2\/posts\/43931","targetHints":{"allow":["GET"]}}],"collection":[{"href":"https:\/\/contraluzcucuta.co\/index.php?rest_route=\/wp\/v2\/posts"}],"about":[{"href":"https:\/\/contraluzcucuta.co\/index.php?rest_route=\/wp\/v2\/types\/post"}],"author":[{"embeddable":true,"href":"https:\/\/contraluzcucuta.co\/index.php?rest_route=\/wp\/v2\/users\/1"}],"replies":[{"embeddable":true,"href":"https:\/\/contraluzcucuta.co\/index.php?rest_route=%2Fwp%2Fv2%2Fcomments&post=43931"}],"version-history":[{"count":1,"href":"https:\/\/contraluzcucuta.co\/index.php?rest_route=\/wp\/v2\/posts\/43931\/revisions"}],"predecessor-version":[{"id":43937,"href":"https:\/\/contraluzcucuta.co\/index.php?rest_route=\/wp\/v2\/posts\/43931\/revisions\/43937"}],"wp:featuredmedia":[{"embeddable":true,"href":"https:\/\/contraluzcucuta.co\/index.php?rest_route=\/wp\/v2\/media\/43933"}],"wp:attachment":[{"href":"https:\/\/contraluzcucuta.co\/index.php?rest_route=%2Fwp%2Fv2%2Fmedia&parent=43931"}],"wp:term":[{"taxonomy":"category","embeddable":true,"href":"https:\/\/contraluzcucuta.co\/index.php?rest_route=%2Fwp%2Fv2%2Fcategories&post=43931"},{"taxonomy":"post_tag","embeddable":true,"href":"https:\/\/contraluzcucuta.co\/index.php?rest_route=%2Fwp%2Fv2%2Ftags&post=43931"}],"curies":[{"name":"wp","href":"https:\/\/api.w.org\/{rel}","templated":true}]}}