{"id":43862,"date":"2024-12-09T14:09:21","date_gmt":"2024-12-09T19:09:21","guid":{"rendered":"https:\/\/contraluzcucuta.co\/?p=43862"},"modified":"2024-12-09T14:09:21","modified_gmt":"2024-12-09T19:09:21","slug":"migrantes-en-colombia-el-51-reporta-dificultades-para-acceder-a-un-trabajo-formal","status":"publish","type":"post","link":"https:\/\/contraluzcucuta.co\/?p=43862","title":{"rendered":"MIGRANTES EN COLOMBIA. El 51 % reporta dificultades para acceder a un trabajo formal"},"content":{"rendered":"<p style=\"padding-left: 40px; text-align: right;\"><strong><span style=\"color: #ff9900;\">BOGOT\u00c1.- El an\u00e1lisis de los desaf\u00edos derivados de la crisis migratoria venezolana revela un ecosistema de vulnerabilidad que afecta a miles de migrantes que residen en Colombia. As\u00ed lo se\u00f1ala el informe \u201cFronteras de Papel: el alcance del Estatuto Temporal de Protecci\u00f3n a Migrantes Venezolanos para el acceso a derechos\u201d. El documento es resultado del estudio efectuado con participaci\u00f3n de venezolanos radicados en Norte de Santander, Santander, Risaralda, Bol\u00edvar, Tolima, Cundinamarca y Nari\u00f1o.\u00a0<\/span><\/strong><\/p>\n<figure id=\"attachment_43864\" aria-describedby=\"caption-attachment-43864\" style=\"width: 247px\" class=\"wp-caption alignleft\"><a href=\"https:\/\/contraluzcucuta.co\/wp-content\/uploads\/2024\/12\/MIGRANTES-VENEZOLANOS-2.jpeg\"><img loading=\"lazy\" decoding=\"async\" class=\" wp-image-43864\" src=\"https:\/\/contraluzcucuta.co\/wp-content\/uploads\/2024\/12\/MIGRANTES-VENEZOLANOS-2-300x169.jpeg\" alt=\"\" width=\"247\" height=\"139\" srcset=\"https:\/\/contraluzcucuta.co\/wp-content\/uploads\/2024\/12\/MIGRANTES-VENEZOLANOS-2-300x169.jpeg 300w, https:\/\/contraluzcucuta.co\/wp-content\/uploads\/2024\/12\/MIGRANTES-VENEZOLANOS-2-600x338.jpeg 600w, https:\/\/contraluzcucuta.co\/wp-content\/uploads\/2024\/12\/MIGRANTES-VENEZOLANOS-2-1024x576.jpeg 1024w, https:\/\/contraluzcucuta.co\/wp-content\/uploads\/2024\/12\/MIGRANTES-VENEZOLANOS-2-768x432.jpeg 768w, https:\/\/contraluzcucuta.co\/wp-content\/uploads\/2024\/12\/MIGRANTES-VENEZOLANOS-2.jpeg 1200w\" sizes=\"auto, (max-width: 247px) 100vw, 247px\" \/><\/a><figcaption id=\"caption-attachment-43864\" class=\"wp-caption-text\"><em>Foto: Impacto Venezuela<\/em><\/figcaption><\/figure>\n<p>Esta realidad documentada en la investigaci\u00f3n llevada a cabo por el Servicio Jesuita de Colombia (JRS\/COL), organizaci\u00f3n presente en 58 pa\u00edses, y que se dedica a acompa\u00f1ar, servir y defender a desplazados por la fuerza, migrantes y refugiados, plantea una reflexi\u00f3n en torno a cuatro escenarios que representan pilares del desarrollo personal, social y econ\u00f3mico de los migrantes venezolanos en el pa\u00eds, y que a los ojos de este informe, necesitan integrarse a las pol\u00edticas de instituciones p\u00fablicas y privadas en Colombia permiti\u00e9ndoles acceder a salud, educaci\u00f3n y trabajo.<\/p>\n<p>En el Estatuto Temporal de Protecci\u00f3n a Migrantes Venezolanos se garantiza, entre otros derechos fundamentales, el acceso a trabajo formal, acceso a servicios de salud y acceso a la educaci\u00f3n para quienes cuentan con Permiso por Protecci\u00f3n Temporal y lo est\u00e1n tramitando. Desde su creaci\u00f3n en 2021, por medio del ETPV se han regularizado alrededor de dos millones de migrantes, permiti\u00e9ndoles reducir las brechas de desigualdad.<\/p>\n<p>El padre Juan Enrique Casas, director del Servicio Jesuita a Refugiados Colombia, dijo que, a pesar de la implementaci\u00f3n del Estatuto, muchos se enfrentan a la discriminaci\u00f3n y al desconocimiento de la norma por parte de empleadores, entidades financieras, comerciales y del sector p\u00fablico, limitando el goce de los derechos, lo que repercute, la mayor\u00eda de las ocasiones en la estabilidad de sus n\u00facleos familiares.<\/p>\n<p>\u201cSe estima que el 51% de ellos tienen dificultades para conseguir empleo formal, lo que incrementa su vulnerabilidad econ\u00f3mica y reduce las posibilidades de acceso a servicios de salud\u201d, destac\u00f3 el director.<\/p>\n<p><a href=\"https:\/\/contraluzcucuta.co\/wp-content\/uploads\/2024\/12\/MIGRANTES-VENEZOLANOS-3.jpeg\"><img loading=\"lazy\" decoding=\"async\" class=\"alignnone  wp-image-43865 alignleft\" src=\"https:\/\/contraluzcucuta.co\/wp-content\/uploads\/2024\/12\/MIGRANTES-VENEZOLANOS-3-300x192.jpeg\" alt=\"\" width=\"255\" height=\"163\" srcset=\"https:\/\/contraluzcucuta.co\/wp-content\/uploads\/2024\/12\/MIGRANTES-VENEZOLANOS-3-300x192.jpeg 300w, https:\/\/contraluzcucuta.co\/wp-content\/uploads\/2024\/12\/MIGRANTES-VENEZOLANOS-3-600x384.jpeg 600w, https:\/\/contraluzcucuta.co\/wp-content\/uploads\/2024\/12\/MIGRANTES-VENEZOLANOS-3-1024x655.jpeg 1024w, https:\/\/contraluzcucuta.co\/wp-content\/uploads\/2024\/12\/MIGRANTES-VENEZOLANOS-3-768x491.jpeg 768w, https:\/\/contraluzcucuta.co\/wp-content\/uploads\/2024\/12\/MIGRANTES-VENEZOLANOS-3-1536x982.jpeg 1536w, https:\/\/contraluzcucuta.co\/wp-content\/uploads\/2024\/12\/MIGRANTES-VENEZOLANOS-3.jpeg 1920w\" sizes=\"auto, (max-width: 255px) 100vw, 255px\" \/><\/a><\/p>\n<p><strong>Dificultades:<\/strong><\/p>\n<p>El informe destaca la feminizaci\u00f3n de la migraci\u00f3n. El grupo con mayores dificultades para acceder a derechos son mujeres, especialmente entre 21 y 45 a\u00f1os.<\/p>\n<p>Aunque el documento se\u00f1ala que el derecho con mayor acceso para esta poblaci\u00f3n es la educaci\u00f3n, se presentan barreras ligadas a la situaci\u00f3n migratoria de los padres y las dificultades econ\u00f3micas, la exigencia del PPT en f\u00edsico e incluso la negaci\u00f3n de cupos escolares.<\/p>\n<p>El acceso a la bancarizaci\u00f3n y a cr\u00e9ditos es otra de las dificultades que enfrenta la poblaci\u00f3n migrante en Colombia.<\/p>\n<p>El an\u00e1lisis realizado por la organizaci\u00f3n invita al Estado y a la sociedad en su conjunto a dar una respuesta integral y coordinada para superar estas barreras.<\/p>\n","protected":false},"excerpt":{"rendered":"<p>BOGOT\u00c1.- El an\u00e1lisis de los desaf\u00edos derivados de la crisis migratoria venezolana revela un ecosistema de vulnerabilidad que afecta a miles de migrantes que residen en Colombia. As\u00ed lo se\u00f1ala el informe \u201cFronteras de Papel: el alcance del Estatuto Temporal de Protecci\u00f3n a Migrantes Venezolanos para el acceso a derechos\u201d. El documento es resultado del &hellip;<\/p>\n","protected":false},"author":1,"featured_media":43863,"comment_status":"open","ping_status":"open","sticky":false,"template":"","format":"standard","meta":{"footnotes":""},"categories":[1326,4],"tags":[6814,6813],"class_list":["post-43862","post","type-post","status-publish","format-standard","has-post-thumbnail","hentry","category-crisis-en-venezuela-2","category-barra","tag-estatuto-temporal-de-proteccion-a-migrantes-venezolanos","tag-migrantes-en-colombia"],"_links":{"self":[{"href":"https:\/\/contraluzcucuta.co\/index.php?rest_route=\/wp\/v2\/posts\/43862","targetHints":{"allow":["GET"]}}],"collection":[{"href":"https:\/\/contraluzcucuta.co\/index.php?rest_route=\/wp\/v2\/posts"}],"about":[{"href":"https:\/\/contraluzcucuta.co\/index.php?rest_route=\/wp\/v2\/types\/post"}],"author":[{"embeddable":true,"href":"https:\/\/contraluzcucuta.co\/index.php?rest_route=\/wp\/v2\/users\/1"}],"replies":[{"embeddable":true,"href":"https:\/\/contraluzcucuta.co\/index.php?rest_route=%2Fwp%2Fv2%2Fcomments&post=43862"}],"version-history":[{"count":1,"href":"https:\/\/contraluzcucuta.co\/index.php?rest_route=\/wp\/v2\/posts\/43862\/revisions"}],"predecessor-version":[{"id":43866,"href":"https:\/\/contraluzcucuta.co\/index.php?rest_route=\/wp\/v2\/posts\/43862\/revisions\/43866"}],"wp:featuredmedia":[{"embeddable":true,"href":"https:\/\/contraluzcucuta.co\/index.php?rest_route=\/wp\/v2\/media\/43863"}],"wp:attachment":[{"href":"https:\/\/contraluzcucuta.co\/index.php?rest_route=%2Fwp%2Fv2%2Fmedia&parent=43862"}],"wp:term":[{"taxonomy":"category","embeddable":true,"href":"https:\/\/contraluzcucuta.co\/index.php?rest_route=%2Fwp%2Fv2%2Fcategories&post=43862"},{"taxonomy":"post_tag","embeddable":true,"href":"https:\/\/contraluzcucuta.co\/index.php?rest_route=%2Fwp%2Fv2%2Ftags&post=43862"}],"curies":[{"name":"wp","href":"https:\/\/api.w.org\/{rel}","templated":true}]}}