{"id":43811,"date":"2024-12-02T22:07:37","date_gmt":"2024-12-03T03:07:37","guid":{"rendered":"https:\/\/contraluzcucuta.co\/?p=43811"},"modified":"2024-12-02T22:07:37","modified_gmt":"2024-12-03T03:07:37","slug":"conversaciones-de-entre-casa-hacer-velas-es-terapeutico-ana-isabel-vera","status":"publish","type":"post","link":"https:\/\/contraluzcucuta.co\/?p=43811","title":{"rendered":"CONVERSACIONES DE ENTRE CASA. Hacer velas es terap\u00e9utico, Ana Isabel Vera"},"content":{"rendered":"<p style=\"padding-left: 40px; text-align: right;\"><span style=\"color: #ff9900;\"><strong>VILLA DEL ROSARIO \u2013 Norte de Santander.-<\/strong> Ana Isabel de los \u00c1ngeles un d\u00eda escuch\u00f3 con atenci\u00f3n acerca de las bondades de la palma de cera y la curiosidad que le brot\u00f3 en ese instante la hizo cambiar de rumbo en la vida. Es dise\u00f1adora de modas y viv\u00eda tranquila en este oficio. Pensaba en el siguiente modelo, lo visualizaba y en poco tiempo lo hac\u00eda realidad.<\/span><\/p>\n<p><a href=\"https:\/\/contraluzcucuta.co\/wp-content\/uploads\/2024\/12\/VELAS-STELLA-14-scaled.jpg\"><img loading=\"lazy\" decoding=\"async\" class=\"alignnone  wp-image-43813 alignleft\" src=\"https:\/\/contraluzcucuta.co\/wp-content\/uploads\/2024\/12\/VELAS-STELLA-14-300x225.jpg\" alt=\"\" width=\"244\" height=\"183\" srcset=\"https:\/\/contraluzcucuta.co\/wp-content\/uploads\/2024\/12\/VELAS-STELLA-14-300x225.jpg 300w, https:\/\/contraluzcucuta.co\/wp-content\/uploads\/2024\/12\/VELAS-STELLA-14-scaled-600x450.jpg 600w, https:\/\/contraluzcucuta.co\/wp-content\/uploads\/2024\/12\/VELAS-STELLA-14-1024x768.jpg 1024w, https:\/\/contraluzcucuta.co\/wp-content\/uploads\/2024\/12\/VELAS-STELLA-14-768x576.jpg 768w, https:\/\/contraluzcucuta.co\/wp-content\/uploads\/2024\/12\/VELAS-STELLA-14-1536x1152.jpg 1536w, https:\/\/contraluzcucuta.co\/wp-content\/uploads\/2024\/12\/VELAS-STELLA-14-2048x1536.jpg 2048w\" sizes=\"auto, (max-width: 244px) 100vw, 244px\" \/><\/a><\/p>\n<p>En mayo, sin dejar de lado las telas, comenz\u00f3 el emprendimiento que hoy la mantiene ocupada y que en pocos meses la ha llevado a seis ferias y exposiciones. <em>Stella velas artesanales<\/em> naci\u00f3 y poco a poco ha ganado posicionamiento en el mercado local. La sede est\u00e1 en el barrio Gran Colombia, en Villa del Rosario.<\/p>\n<p>En una peque\u00f1a vitrina est\u00e1n las muestras de las velas aromatizadas. La virgen guadalupana se disputa los cent\u00edmetros con gaticos, perritos, ositos, angelitos, cubos, elefantes y figuras que salen de la mente de esta mujer. Hasta un avi\u00f3n ronda en el imaginario de Ana Isabel de los \u00c1ngeles Vera D\u00e1vila.<\/p>\n<p>El ser profesional del dise\u00f1o le ha valido para innovar en el nuevo arte y le ha abierto la imaginaci\u00f3n para crecer en el inventario. Tambi\u00e9n, en la combinaci\u00f3n de colores para que los productos tengan presentaci\u00f3n y la elegancia prime en los exhibidores.<\/p>\n<ul>\n<li><em>Ha sido un poquito tedioso explicar que son de cera de palma, que es ecol\u00f3gica, que nos ayuda a cuidar el medio ambiente y a nosotros.<\/em><\/li>\n<\/ul>\n<p><a href=\"https:\/\/contraluzcucuta.co\/wp-content\/uploads\/2024\/12\/VELAS-STELLA-9-scaled.jpg\"><img loading=\"lazy\" decoding=\"async\" class=\"alignnone  wp-image-43815 alignright\" src=\"https:\/\/contraluzcucuta.co\/wp-content\/uploads\/2024\/12\/VELAS-STELLA-9-300x225.jpg\" alt=\"\" width=\"249\" height=\"187\" srcset=\"https:\/\/contraluzcucuta.co\/wp-content\/uploads\/2024\/12\/VELAS-STELLA-9-300x225.jpg 300w, https:\/\/contraluzcucuta.co\/wp-content\/uploads\/2024\/12\/VELAS-STELLA-9-scaled-600x450.jpg 600w, https:\/\/contraluzcucuta.co\/wp-content\/uploads\/2024\/12\/VELAS-STELLA-9-1024x768.jpg 1024w, https:\/\/contraluzcucuta.co\/wp-content\/uploads\/2024\/12\/VELAS-STELLA-9-768x576.jpg 768w, https:\/\/contraluzcucuta.co\/wp-content\/uploads\/2024\/12\/VELAS-STELLA-9-1536x1152.jpg 1536w, https:\/\/contraluzcucuta.co\/wp-content\/uploads\/2024\/12\/VELAS-STELLA-9-2048x1536.jpg 2048w\" sizes=\"auto, (max-width: 249px) 100vw, 249px\" \/><\/a><\/p>\n<p>Simple, escogi\u00f3 este material por varias razones, entre las que destaca un motivo emocional. El t\u00edo campesino que vive en Tib\u00fa cada que la visitaba le hablaba de esa planta y el proceso para cultivarla. En la capacitaci\u00f3n que tom\u00f3 para entrar al mundo de las velas descubri\u00f3 que hay un sinf\u00edn de tipos de cera.<\/p>\n<p>El inter\u00e9s lo encaus\u00f3 hacia la palma y encontr\u00f3 que entre los beneficios que tiene destaca que la cera mantiene por m\u00e1s tiempo el aroma. Ese detalle la llev\u00f3 a inclinarse por esa materia prima y pens\u00f3 en el cuidado del medio ambiente y los cambios ambientales, asuntos que le preocupan.<\/p>\n<p>Y no faltan los inconvenientes. En Norte de Santander no consigue la cera pura y debe pedirla a Bogot\u00e1. Ac\u00e1, la ha encontrado, pero ligada con parafina y el objetivo es no manejar elementos que estima contaminantes. En las velas navide\u00f1as que prepara para esta temporada no emple\u00f3 vinilos ni escarchas. Quiere trabajarlas al natural.<\/p>\n<ul>\n<li><em>El proceso comienza con escoger el tipo de vela. Luego, hay que calentar la cera hasta que llegue a cierto punto de fusi\u00f3n. Despu\u00e9s, se agregan las esencias. Se pone a calentar el molde y se aplica la cera. Lo ideal es dejarlas quietas, 24 horas.<\/em><\/li>\n<\/ul>\n<p><a href=\"https:\/\/contraluzcucuta.co\/wp-content\/uploads\/2024\/12\/VELAS-STELLA-7-scaled.jpg\"><img loading=\"lazy\" decoding=\"async\" class=\"alignnone  wp-image-43814 alignleft\" src=\"https:\/\/contraluzcucuta.co\/wp-content\/uploads\/2024\/12\/VELAS-STELLA-7-300x225.jpg\" alt=\"\" width=\"245\" height=\"184\" srcset=\"https:\/\/contraluzcucuta.co\/wp-content\/uploads\/2024\/12\/VELAS-STELLA-7-300x225.jpg 300w, https:\/\/contraluzcucuta.co\/wp-content\/uploads\/2024\/12\/VELAS-STELLA-7-scaled-600x450.jpg 600w, https:\/\/contraluzcucuta.co\/wp-content\/uploads\/2024\/12\/VELAS-STELLA-7-1024x768.jpg 1024w, https:\/\/contraluzcucuta.co\/wp-content\/uploads\/2024\/12\/VELAS-STELLA-7-768x576.jpg 768w, https:\/\/contraluzcucuta.co\/wp-content\/uploads\/2024\/12\/VELAS-STELLA-7-1536x1152.jpg 1536w, https:\/\/contraluzcucuta.co\/wp-content\/uploads\/2024\/12\/VELAS-STELLA-7-2048x1536.jpg 2048w\" sizes=\"auto, (max-width: 245px) 100vw, 245px\" \/><\/a><\/p>\n<p>Las que van en envase tienen un proceso similar. Solo las diferencian los 15 d\u00edas que deben esperar en la curaci\u00f3n para que el aroma se impregne en la cera. As\u00ed oler\u00e1n siempre, no perder\u00e1n el aroma a los minutos de encendidas.<\/p>\n<p>Aunque compra los moldes, el ensayo con el avi\u00f3n la ha motivado a pensar en que pueden hacerlos en silicona. De esa manera complementar\u00e1 la producci\u00f3n y el trabajo se validar\u00e1 como artesanal en todas las partes. Y la idea es que en el 2025 se elaboren flores t\u00edpicas de Norte de Santander.<\/p>\n<p><strong>\u00bfCu\u00e1l es la vela m\u00e1s bonita que ha elaborado?<\/strong><\/p>\n<ul>\n<li><em>Me encantan todas. Pero a la que m\u00e1s le he dedicado tiempo es al kit de la Novena de Aguinaldos. Fue sentarme a pensar, investigar cada aroma para cada valor. La novena la dise\u00f1\u00e9, busqu\u00e9 las oraciones, las reflexiones est\u00e1n acordes con los d\u00edas y que los aromas coincidan.<\/em><\/li>\n<\/ul>\n<p>A ratos tiene otras manos que la ayudan a sacar adelante la empresa. A la madre, de quien tom\u00f3 prestado el nombre Stella, le encanta desmoldar. Hacer velas es terap\u00e9utico. El hermano David molde\u00f3 la idea para el logo; el padre Jes\u00fas ayud\u00f3 en el molde del avi\u00f3n, y la hermana est\u00e1 pendiente de las redes para apoyar desde la distancia.<\/p>\n<p>Ahora, siete meses despu\u00e9s, hace cuentas y se declara satisfecha con lo obtenido. Ha ganado en presencia, porque a donde va la reconocen. Los clientes crecen y encargan modelos. Debut\u00f3 en la Feria de la Uva y desde entonces no ha dejado de asistir a encuentros, de la mano de la Fundaci\u00f3n Artes Emp\u00edricas. Ha llegado hasta San Crist\u00f3bal (Venezuela).<\/p>\n<ul>\n<li><em>Una necesita un espacio, mostrarse, que la gente sepa qu\u00e9 es lo una hace y qu\u00e9 producto tiene.<\/em><\/li>\n<\/ul>\n<p><strong>RAFAEL ANTONIO PAB\u00d3N<\/strong><\/p>\n<p><strong><a href=\"mailto:rafaelpabon58@hotmail.com\">rafaelpabon58@hotmail.com<\/a><\/strong><\/p>\n","protected":false},"excerpt":{"rendered":"<p>VILLA DEL ROSARIO \u2013 Norte de Santander.- Ana Isabel de los \u00c1ngeles un d\u00eda escuch\u00f3 con atenci\u00f3n acerca de las bondades de la palma de cera y la curiosidad que le brot\u00f3 en ese instante la hizo cambiar de rumbo en la vida. Es dise\u00f1adora de modas y viv\u00eda tranquila en este oficio. Pensaba en &hellip;<\/p>\n","protected":false},"author":1,"featured_media":43812,"comment_status":"open","ping_status":"open","sticky":false,"template":"","format":"standard","meta":{"footnotes":""},"categories":[45,4],"tags":[6516,5996,6803,204],"class_list":["post-43811","post","type-post","status-publish","format-standard","has-post-thumbnail","hentry","category-destacado","category-barra","tag-emprendedores-artesanales","tag-fundacion-artes-empiricas","tag-stella-velas-artesanales","tag-villa-del-rosario"],"_links":{"self":[{"href":"https:\/\/contraluzcucuta.co\/index.php?rest_route=\/wp\/v2\/posts\/43811","targetHints":{"allow":["GET"]}}],"collection":[{"href":"https:\/\/contraluzcucuta.co\/index.php?rest_route=\/wp\/v2\/posts"}],"about":[{"href":"https:\/\/contraluzcucuta.co\/index.php?rest_route=\/wp\/v2\/types\/post"}],"author":[{"embeddable":true,"href":"https:\/\/contraluzcucuta.co\/index.php?rest_route=\/wp\/v2\/users\/1"}],"replies":[{"embeddable":true,"href":"https:\/\/contraluzcucuta.co\/index.php?rest_route=%2Fwp%2Fv2%2Fcomments&post=43811"}],"version-history":[{"count":1,"href":"https:\/\/contraluzcucuta.co\/index.php?rest_route=\/wp\/v2\/posts\/43811\/revisions"}],"predecessor-version":[{"id":43816,"href":"https:\/\/contraluzcucuta.co\/index.php?rest_route=\/wp\/v2\/posts\/43811\/revisions\/43816"}],"wp:featuredmedia":[{"embeddable":true,"href":"https:\/\/contraluzcucuta.co\/index.php?rest_route=\/wp\/v2\/media\/43812"}],"wp:attachment":[{"href":"https:\/\/contraluzcucuta.co\/index.php?rest_route=%2Fwp%2Fv2%2Fmedia&parent=43811"}],"wp:term":[{"taxonomy":"category","embeddable":true,"href":"https:\/\/contraluzcucuta.co\/index.php?rest_route=%2Fwp%2Fv2%2Fcategories&post=43811"},{"taxonomy":"post_tag","embeddable":true,"href":"https:\/\/contraluzcucuta.co\/index.php?rest_route=%2Fwp%2Fv2%2Ftags&post=43811"}],"curies":[{"name":"wp","href":"https:\/\/api.w.org\/{rel}","templated":true}]}}