{"id":43694,"date":"2024-11-05T15:24:39","date_gmt":"2024-11-05T20:24:39","guid":{"rendered":"https:\/\/contraluzcucuta.co\/?p=43694"},"modified":"2024-11-05T15:24:39","modified_gmt":"2024-11-05T20:24:39","slug":"el-camino-de-don-jose-de-la-vida-en-el-campo-al-exito-como-emprendedor","status":"publish","type":"post","link":"https:\/\/contraluzcucuta.co\/?p=43694","title":{"rendered":"EL CAMINO DE DON JOS\u00c9. De la vida en el campo al \u00e9xito como emprendedor"},"content":{"rendered":"<p style=\"padding-left: 40px; text-align: right;\"><strong><span style=\"color: #ff9900;\">C\u00daCUTA.- En Salazar de las Palmas, naci\u00f3 hace 74 a\u00f1os Jos\u00e9 de Jes\u00fas Villamizar Quintero, quien tuvo que enfrentarse a los desaf\u00edos que representa vivir en el campo, donde acceder a la educaci\u00f3n es un lujo que no todos pueden tener, pero gracias a la educaci\u00f3n que le brindaron sus padres, creci\u00f3 lleno de virtudes y valores, siendo una persona honesta, responsable y trabajadora.<\/span><\/strong><\/p>\n<p><a href=\"https:\/\/contraluzcucuta.co\/wp-content\/uploads\/2024\/11\/JOSE-VILLAMIZAR-2A.jpg\"><img loading=\"lazy\" decoding=\"async\" class=\"alignnone  wp-image-43696 alignleft\" src=\"https:\/\/contraluzcucuta.co\/wp-content\/uploads\/2024\/11\/JOSE-VILLAMIZAR-2A-300x239.jpg\" alt=\"\" width=\"246\" height=\"196\" srcset=\"https:\/\/contraluzcucuta.co\/wp-content\/uploads\/2024\/11\/JOSE-VILLAMIZAR-2A-300x239.jpg 300w, https:\/\/contraluzcucuta.co\/wp-content\/uploads\/2024\/11\/JOSE-VILLAMIZAR-2A-600x478.jpg 600w, https:\/\/contraluzcucuta.co\/wp-content\/uploads\/2024\/11\/JOSE-VILLAMIZAR-2A.jpg 718w\" sizes=\"auto, (max-width: 246px) 100vw, 246px\" \/><\/a><\/p>\n<p>Cuando ten\u00eda 21 a\u00f1os, dej\u00f3 la casa en el campo y migr\u00f3 a C\u00facuta. Lleg\u00f3 a enfrentarse con muchos obst\u00e1culos, porque estaba acostumbrado a esforzarse para ganarse la vida. <em>\u201cSolo sab\u00eda dar pica y sembrar\u201d<\/em>. Sin embargo, un d\u00eda cualquiera, un arquitecto le dio la oportunidad de trabajar como ayudante de construcci\u00f3n sin que tuviera alg\u00fan conocimiento o experiencia. Su perfil como trabajador tuvo un giro de 180 grados.<\/p>\n<p>Aunque ten\u00eda una buena vida, no se sent\u00eda satisfecho con lo que hac\u00eda. Por eso decidi\u00f3 emprender y abrir una carnicer\u00eda, la cual le permiti\u00f3 apoyar a su nieto para que continuar\u00e1 los estudios como ingeniero. Esta experiencia facilit\u00f3 que Jos\u00e9 adquiriera conocimientos en la administraci\u00f3n de un negocio y el manejo y producci\u00f3n de productos c\u00e1rnicos. A pesar de que era un negocio pr\u00f3spero, debido a la pandemia tuvieron que cerrarlo.<\/p>\n<p>Al estar confinado en la casa y sin hacer nada, Jos\u00e9 no se dej\u00f3 vencer por la adversidad. En plena pandemia se contact\u00f3 con un amigo que distribu\u00eda caf\u00e9 y empez\u00f3 a venderlo a vecinos y amigos por medio de WhatsApp. La idea creci\u00f3 y no perdi\u00f3 el tiempo. Decidi\u00f3 ampliar y diversificar los productos. Arranc\u00f3 en la cocina la producci\u00f3n de arom\u00e1ticas y condimentos, t\u00e9 de jengibre y manzanillas, entre otros.<\/p>\n<p><a href=\"https:\/\/contraluzcucuta.co\/wp-content\/uploads\/2024\/11\/JOSE-VILLAMIZAR-4.jpg\"><img loading=\"lazy\" decoding=\"async\" class=\"alignnone  wp-image-43697 alignright\" src=\"https:\/\/contraluzcucuta.co\/wp-content\/uploads\/2024\/11\/JOSE-VILLAMIZAR-4-300x199.jpg\" alt=\"\" width=\"246\" height=\"163\" srcset=\"https:\/\/contraluzcucuta.co\/wp-content\/uploads\/2024\/11\/JOSE-VILLAMIZAR-4-300x199.jpg 300w, https:\/\/contraluzcucuta.co\/wp-content\/uploads\/2024\/11\/JOSE-VILLAMIZAR-4-600x398.jpg 600w, https:\/\/contraluzcucuta.co\/wp-content\/uploads\/2024\/11\/JOSE-VILLAMIZAR-4-1024x680.jpg 1024w, https:\/\/contraluzcucuta.co\/wp-content\/uploads\/2024\/11\/JOSE-VILLAMIZAR-4-768x510.jpg 768w, https:\/\/contraluzcucuta.co\/wp-content\/uploads\/2024\/11\/JOSE-VILLAMIZAR-4-1536x1019.jpg 1536w, https:\/\/contraluzcucuta.co\/wp-content\/uploads\/2024\/11\/JOSE-VILLAMIZAR-4-310x205.jpg 310w, https:\/\/contraluzcucuta.co\/wp-content\/uploads\/2024\/11\/JOSE-VILLAMIZAR-4.jpg 2048w\" sizes=\"auto, (max-width: 246px) 100vw, 246px\" \/><\/a><\/p>\n<p>Jos\u00e9, al ser mayor de edad, no ten\u00eda mucho conocimiento de las redes sociales y de c\u00f3mo manejar el celular. Un d\u00eda, cuando llevaba casi un a\u00f1o con el emprendimiento Productos 100 % artesanales \u2013 Orgullo Nortesantandereano, conoci\u00f3 el programa Empropaz y opt\u00f3 por tomar la opci\u00f3n en L\u00ednea. Esto signific\u00f3 un gran descubrimiento.<\/p>\n<ul>\n<li><em>No me imaginaba el mundo que hay detr\u00e1s de ese celular y todo lo que uno puede hacer.<\/em><\/li>\n<\/ul>\n<p>Para este emprendedor, el haber conocido el programa represent\u00f3 gran avance en el camino del emprendimiento. Gracias al acompa\u00f1amiento que recibi\u00f3 abri\u00f3 redes sociales. En Facebook logr\u00f3 establecer un canal directo con los clientes y empez\u00f3 a participar en ferias empresariales, algo que lo llev\u00f3 a ser a\u00fan m\u00e1s reconocido\u2026 tanto que logr\u00f3 conectarse con la Alcald\u00eda de Los Patios \u2013 donde reside &#8211; y tener apoyo para hacer parte de m\u00e1s espacios comerciales de este tipo.<\/p>\n<p>En 2022, obtuvo un cr\u00e9dito con Bancam\u00eda, fortaleci\u00f3 el negocio, adecu\u00f3 un espacio en la casa para elaborar los productos y exhibirlos. Compr\u00f3 equipos de cocina que le facilitan la preparaci\u00f3n, agiliz\u00f3 el proceso y aument\u00f3 la producci\u00f3n. Actualmente, Jos\u00e9 tiene amplia gama de mermeladas, condimentos, caf\u00e9 y derivados, y arom\u00e1ticas.<\/p>\n<ul>\n<li><em>Quiero seguir creciendo. Me acaban de entregar una m\u00e1quina que me va a ayudar con la producci\u00f3n y voy a necesitar gente que me ayude. Tambi\u00e9n quiero generar empleo y apoyar a otras personas. Quiero seguir aprendiendo, sobre todo lo digital que para m\u00ed ha sido algo maravilloso.<\/em><\/li>\n<\/ul>\n","protected":false},"excerpt":{"rendered":"<p>C\u00daCUTA.- En Salazar de las Palmas, naci\u00f3 hace 74 a\u00f1os Jos\u00e9 de Jes\u00fas Villamizar Quintero, quien tuvo que enfrentarse a los desaf\u00edos que representa vivir en el campo, donde acceder a la educaci\u00f3n es un lujo que no todos pueden tener, pero gracias a la educaci\u00f3n que le brindaron sus padres, creci\u00f3 lleno de virtudes &hellip;<\/p>\n","protected":false},"author":1,"featured_media":43695,"comment_status":"open","ping_status":"open","sticky":false,"template":"","format":"standard","meta":{"footnotes":""},"categories":[45,4],"tags":[6769,5108,1254],"class_list":["post-43694","post","type-post","status-publish","format-standard","has-post-thumbnail","hentry","category-destacado","category-barra","tag-cucutenos-emprendedores","tag-empropaz","tag-salazar-de-las-palmas"],"_links":{"self":[{"href":"https:\/\/contraluzcucuta.co\/index.php?rest_route=\/wp\/v2\/posts\/43694","targetHints":{"allow":["GET"]}}],"collection":[{"href":"https:\/\/contraluzcucuta.co\/index.php?rest_route=\/wp\/v2\/posts"}],"about":[{"href":"https:\/\/contraluzcucuta.co\/index.php?rest_route=\/wp\/v2\/types\/post"}],"author":[{"embeddable":true,"href":"https:\/\/contraluzcucuta.co\/index.php?rest_route=\/wp\/v2\/users\/1"}],"replies":[{"embeddable":true,"href":"https:\/\/contraluzcucuta.co\/index.php?rest_route=%2Fwp%2Fv2%2Fcomments&post=43694"}],"version-history":[{"count":1,"href":"https:\/\/contraluzcucuta.co\/index.php?rest_route=\/wp\/v2\/posts\/43694\/revisions"}],"predecessor-version":[{"id":43698,"href":"https:\/\/contraluzcucuta.co\/index.php?rest_route=\/wp\/v2\/posts\/43694\/revisions\/43698"}],"wp:featuredmedia":[{"embeddable":true,"href":"https:\/\/contraluzcucuta.co\/index.php?rest_route=\/wp\/v2\/media\/43695"}],"wp:attachment":[{"href":"https:\/\/contraluzcucuta.co\/index.php?rest_route=%2Fwp%2Fv2%2Fmedia&parent=43694"}],"wp:term":[{"taxonomy":"category","embeddable":true,"href":"https:\/\/contraluzcucuta.co\/index.php?rest_route=%2Fwp%2Fv2%2Fcategories&post=43694"},{"taxonomy":"post_tag","embeddable":true,"href":"https:\/\/contraluzcucuta.co\/index.php?rest_route=%2Fwp%2Fv2%2Ftags&post=43694"}],"curies":[{"name":"wp","href":"https:\/\/api.w.org\/{rel}","templated":true}]}}