{"id":43691,"date":"2024-10-29T20:26:05","date_gmt":"2024-10-30T01:26:05","guid":{"rendered":"https:\/\/contraluzcucuta.co\/?p=43691"},"modified":"2024-10-29T20:26:05","modified_gmt":"2024-10-30T01:26:05","slug":"festival-de-las-artes-escenicas-por-los-caminos-de-veredas-corregimientos-y-municipios","status":"publish","type":"post","link":"https:\/\/contraluzcucuta.co\/?p=43691","title":{"rendered":"FESTIVAL DE LAS ARTES ESC\u00c9NICAS. Por los caminos de veredas, corregimientos y municipios"},"content":{"rendered":"<p><strong><span style=\"color: #ff9900;\">C\u00daCUTA.- Del 1 al 12 de noviembre se llevar\u00e1 a cabo el VI Festival de las Artes Esc\u00e9nicas \u201cpor los caminos de nuestras veredas, corregimientos y municipios\u201d. La iniciativa, organizada por la Asociaci\u00f3n Art\u00edstica y Cultural Sombras y Silencio, cuenta con la colaboraci\u00f3n de la Gobernaci\u00f3n de Norte de Santander y la Alcald\u00eda de Los Patios.<\/span><\/strong><\/p>\n<p>El evento tiene como prop\u00f3sito promover la paz y la convivencia mediante la magia del arte esc\u00e9nico. El enfoque socio-cultural del festival llevar\u00e1 a veredas y municipios de Norte de Santander espect\u00e1culos cargados de mensajes de respeto, tolerancia y armon\u00eda.<\/p>\n<p>El festival llegar\u00e1 a Sardinata, Villa del Rosario y Los Patios, y se presentar\u00e1 en las veredas El P\u00f3rtico y Santa Cecilia. Durante el recorrido, la comunidad disfrutar\u00e1 con las presentaciones art\u00edsticas que incluyen t\u00edteres, clowns, narraci\u00f3n oral y magia.<\/p>\n<p>Entre los grupos y los artistas participantes destacan:<\/p>\n<ul>\n<li>T\u00edteres Arlequ\u00edn.<\/li>\n<li>Mago Capizzo.<\/li>\n<li>Bexy Amparo Mendoza.<\/li>\n<li>Circo Frontera de Paz.<\/li>\n<li>Agrupaci\u00f3n Esc\u00e9nica Sombras y Silencio.<\/li>\n<\/ul>\n<p>Juan Pablo Escobar &#8211; @GoberNorte<\/p>\n","protected":false},"excerpt":{"rendered":"<p>C\u00daCUTA.- Del 1 al 12 de noviembre se llevar\u00e1 a cabo el VI Festival de las Artes Esc\u00e9nicas \u201cpor los caminos de nuestras veredas, corregimientos y municipios\u201d. La iniciativa, organizada por la Asociaci\u00f3n Art\u00edstica y Cultural Sombras y Silencio, cuenta con la colaboraci\u00f3n de la Gobernaci\u00f3n de Norte de Santander y la Alcald\u00eda de Los &hellip;<\/p>\n","protected":false},"author":1,"featured_media":43692,"comment_status":"open","ping_status":"open","sticky":false,"template":"","format":"standard","meta":{"footnotes":""},"categories":[4,6011],"tags":[6768,1082,638,204],"class_list":["post-43691","post","type-post","status-publish","format-standard","has-post-thumbnail","hentry","category-barra","category-gobernacion-de-norte-de-santander","tag-festival-de-arte","tag-los-patios","tag-sardinata","tag-villa-del-rosario"],"_links":{"self":[{"href":"https:\/\/contraluzcucuta.co\/index.php?rest_route=\/wp\/v2\/posts\/43691","targetHints":{"allow":["GET"]}}],"collection":[{"href":"https:\/\/contraluzcucuta.co\/index.php?rest_route=\/wp\/v2\/posts"}],"about":[{"href":"https:\/\/contraluzcucuta.co\/index.php?rest_route=\/wp\/v2\/types\/post"}],"author":[{"embeddable":true,"href":"https:\/\/contraluzcucuta.co\/index.php?rest_route=\/wp\/v2\/users\/1"}],"replies":[{"embeddable":true,"href":"https:\/\/contraluzcucuta.co\/index.php?rest_route=%2Fwp%2Fv2%2Fcomments&post=43691"}],"version-history":[{"count":1,"href":"https:\/\/contraluzcucuta.co\/index.php?rest_route=\/wp\/v2\/posts\/43691\/revisions"}],"predecessor-version":[{"id":43693,"href":"https:\/\/contraluzcucuta.co\/index.php?rest_route=\/wp\/v2\/posts\/43691\/revisions\/43693"}],"wp:featuredmedia":[{"embeddable":true,"href":"https:\/\/contraluzcucuta.co\/index.php?rest_route=\/wp\/v2\/media\/43692"}],"wp:attachment":[{"href":"https:\/\/contraluzcucuta.co\/index.php?rest_route=%2Fwp%2Fv2%2Fmedia&parent=43691"}],"wp:term":[{"taxonomy":"category","embeddable":true,"href":"https:\/\/contraluzcucuta.co\/index.php?rest_route=%2Fwp%2Fv2%2Fcategories&post=43691"},{"taxonomy":"post_tag","embeddable":true,"href":"https:\/\/contraluzcucuta.co\/index.php?rest_route=%2Fwp%2Fv2%2Ftags&post=43691"}],"curies":[{"name":"wp","href":"https:\/\/api.w.org\/{rel}","templated":true}]}}