{"id":43669,"date":"2024-10-28T21:05:56","date_gmt":"2024-10-29T02:05:56","guid":{"rendered":"https:\/\/contraluzcucuta.co\/?p=43669"},"modified":"2024-10-28T21:05:56","modified_gmt":"2024-10-29T02:05:56","slug":"recategorizacion-norte-de-santander-departamento-de-primera-categoria","status":"publish","type":"post","link":"https:\/\/contraluzcucuta.co\/?p=43669","title":{"rendered":"RECATEGORIZACI\u00d3N. Norte de Santander, departamento de primera categor\u00eda"},"content":{"rendered":"<p style=\"padding-left: 40px; text-align: right;\"><strong><span style=\"color: #ff9900;\">C\u00daCUTA.- Norte de Santander ha sido recategorizado como departamento de primera categor\u00eda y se une al grupo conformado por Atl\u00e1ntico, Meta, Nari\u00f1o, Santander, Bol\u00edvar y Boyac\u00e1. La clasificaci\u00f3n es resultado del incremento en los ingresos corrientes de libre destinaci\u00f3n (ICLD) durante 2023, en comparaci\u00f3n con 2022. Las estrategias de recaudo implementadas por la secretar\u00eda de Hacienda arrojaron frutos positivos.<\/span><\/strong><\/p>\n<p>La recategorizaci\u00f3n fue confirmada por el ministerio del Interior, basado en las certificaciones emitidas por la Contralor\u00eda General de la Rep\u00fablica y el Departamento Administrativo Nacional de Estad\u00edstica (DANE). Seg\u00fan el informe de la Contralor\u00eda, Norte de Santander recaud\u00f3 $ 201.973 millones en ICLD en la vigencia fiscal de 2023.<\/p>\n<p>El buen manejo de las finanzas, certificado por el DANE y la Contralor\u00eda, demuestra que Norte de Santander ha mejorado en la captaci\u00f3n de recursos y en la administraci\u00f3n, sin exceder los l\u00edmites establecidos para gastos de funcionamiento que representaron el 41,29 %.<\/p>\n<p>El departamento obtiene el reconocimiento seg\u00fan el art\u00edculo 1 de la Ley de 2000 que indica: \u201cTodos aquellos departamentos con poblaci\u00f3n comprendida entre 700.001 habitantes y 2,0 millones de habitantes, cuyos ingresos corrientes de libre destinaci\u00f3n anuales igualen o superen 170.001 salarios m\u00ednimos legales mensuales y hasta 600.000 salarios m\u00ednimos legales mensuales\u201d.<\/p>\n<p>Desde 2002, Norte de Santander ha estado en segunda categor\u00eda. B\u00e1sicamente, desde la promulgaci\u00f3n de la Ley 617 de 2000.<\/p>\n<p>\u201cEste es un paso importante en el camino hacia el fortalecimiento econ\u00f3mico y administrativo del departamento. Hemos trabajado arduamente en la implementaci\u00f3n de estrategias de recaudo desde la Secretar\u00eda de Hacienda, y los resultados hoy nos permiten mirar hacia un futuro de mayor inversi\u00f3n y desarrollo para nuestros ciudadanos\u00bb, coment\u00f3 el gobernador WilliamVillamizar.<\/p>\n<p>Norte de Santander se plantea como meta a largo plazo alcanzar el r\u00e9gimen especial al igual que Antioquia, Cundinamarca y Valle del Cauca. La recategorizaci\u00f3n posiciona al departamento para acceder a mayores oportunidades de financiaci\u00f3n y cooperaci\u00f3n nacional, lo que se traducir\u00e1 en nuevas inversiones en infraestructura, salud, educaci\u00f3n y tecnolog\u00eda.<\/p>\n<p>Luis Tob\u00f3n \u2013 GoberNorte<\/p>\n","protected":false},"excerpt":{"rendered":"<p>C\u00daCUTA.- Norte de Santander ha sido recategorizado como departamento de primera categor\u00eda y se une al grupo conformado por Atl\u00e1ntico, Meta, Nari\u00f1o, Santander, Bol\u00edvar y Boyac\u00e1. La clasificaci\u00f3n es resultado del incremento en los ingresos corrientes de libre destinaci\u00f3n (ICLD) durante 2023, en comparaci\u00f3n con 2022. Las estrategias de recaudo implementadas por la secretar\u00eda de &hellip;<\/p>\n","protected":false},"author":1,"featured_media":43670,"comment_status":"open","ping_status":"open","sticky":false,"template":"","format":"standard","meta":{"footnotes":""},"categories":[45,4],"tags":[2517,1494,6760,6761],"class_list":["post-43669","post","type-post","status-publish","format-standard","has-post-thumbnail","hentry","category-destacado","category-barra","tag-contraloria-general-de-la-republica","tag-dane","tag-departamento-administrativo-nacional-de-estadistica","tag-gobernador-williamvillamizar"],"_links":{"self":[{"href":"https:\/\/contraluzcucuta.co\/index.php?rest_route=\/wp\/v2\/posts\/43669","targetHints":{"allow":["GET"]}}],"collection":[{"href":"https:\/\/contraluzcucuta.co\/index.php?rest_route=\/wp\/v2\/posts"}],"about":[{"href":"https:\/\/contraluzcucuta.co\/index.php?rest_route=\/wp\/v2\/types\/post"}],"author":[{"embeddable":true,"href":"https:\/\/contraluzcucuta.co\/index.php?rest_route=\/wp\/v2\/users\/1"}],"replies":[{"embeddable":true,"href":"https:\/\/contraluzcucuta.co\/index.php?rest_route=%2Fwp%2Fv2%2Fcomments&post=43669"}],"version-history":[{"count":1,"href":"https:\/\/contraluzcucuta.co\/index.php?rest_route=\/wp\/v2\/posts\/43669\/revisions"}],"predecessor-version":[{"id":43671,"href":"https:\/\/contraluzcucuta.co\/index.php?rest_route=\/wp\/v2\/posts\/43669\/revisions\/43671"}],"wp:featuredmedia":[{"embeddable":true,"href":"https:\/\/contraluzcucuta.co\/index.php?rest_route=\/wp\/v2\/media\/43670"}],"wp:attachment":[{"href":"https:\/\/contraluzcucuta.co\/index.php?rest_route=%2Fwp%2Fv2%2Fmedia&parent=43669"}],"wp:term":[{"taxonomy":"category","embeddable":true,"href":"https:\/\/contraluzcucuta.co\/index.php?rest_route=%2Fwp%2Fv2%2Fcategories&post=43669"},{"taxonomy":"post_tag","embeddable":true,"href":"https:\/\/contraluzcucuta.co\/index.php?rest_route=%2Fwp%2Fv2%2Ftags&post=43669"}],"curies":[{"name":"wp","href":"https:\/\/api.w.org\/{rel}","templated":true}]}}