{"id":43626,"date":"2024-10-23T14:11:50","date_gmt":"2024-10-23T19:11:50","guid":{"rendered":"https:\/\/contraluzcucuta.co\/?p=43626"},"modified":"2024-10-23T14:11:50","modified_gmt":"2024-10-23T19:11:50","slug":"innpulsa-colombia-se-fortalecen-emprendimientos-y-mipymes-de-victimas-de-la-violencia","status":"publish","type":"post","link":"https:\/\/contraluzcucuta.co\/?p=43626","title":{"rendered":"INNPULSA COLOMBIA. Se fortalecen emprendimientos y MiPymes de v\u00edctimas de la violencia"},"content":{"rendered":"<p style=\"padding-left: 40px; text-align: right;\"><strong><span style=\"color: #ff9900;\">BOGOT\u00c1.- V\u00edctimas del conflicto armado en Norte de Santander ser\u00e1n tenidas en cuenta en el Programa Minicadenas Locales, que adelanta el Ministerio de Comercio, Industria y Turismo, por medio de iNNpulsa Colombia. Para el desarrollo de la nueva convocatoria se destinar\u00e1n m\u00e1s de $ 6000 millones.<\/span><\/strong><\/p>\n<p><a href=\"https:\/\/contraluzcucuta.co\/wp-content\/uploads\/2024\/10\/MINICADENAS-LOCALES-1.jpeg\"><img loading=\"lazy\" decoding=\"async\" class=\"alignnone  wp-image-43628 alignright\" src=\"https:\/\/contraluzcucuta.co\/wp-content\/uploads\/2024\/10\/MINICADENAS-LOCALES-1-300x200.jpeg\" alt=\"\" width=\"246\" height=\"164\" srcset=\"https:\/\/contraluzcucuta.co\/wp-content\/uploads\/2024\/10\/MINICADENAS-LOCALES-1-300x200.jpeg 300w, https:\/\/contraluzcucuta.co\/wp-content\/uploads\/2024\/10\/MINICADENAS-LOCALES-1-600x399.jpeg 600w, https:\/\/contraluzcucuta.co\/wp-content\/uploads\/2024\/10\/MINICADENAS-LOCALES-1-1024x682.jpeg 1024w, https:\/\/contraluzcucuta.co\/wp-content\/uploads\/2024\/10\/MINICADENAS-LOCALES-1-768x511.jpeg 768w, https:\/\/contraluzcucuta.co\/wp-content\/uploads\/2024\/10\/MINICADENAS-LOCALES-1-310x205.jpeg 310w, https:\/\/contraluzcucuta.co\/wp-content\/uploads\/2024\/10\/MINICADENAS-LOCALES-1.jpeg 1280w\" sizes=\"auto, (max-width: 246px) 100vw, 246px\" \/><\/a><\/p>\n<p>El objetivo es fortalecer productiva y comercialmente a 180 emprendimientos de esa poblaci\u00f3n, pertenecientes al sector agroindustrial. Los beneficiados estar\u00e1n en 96 municipios de Antioquia, Caldas, Choc\u00f3, Santander, Norte de Santander, Arauca, Bol\u00edvar (Sur), Cesar, Sucre y La Guajira.<\/p>\n<p>\u201cMinicadenas Locales es una estrategia que busca cerrar las brechas comerciales para que los emprendimientos y las MiPymes de la econom\u00eda popular y de las v\u00edctimas puedan fortalecerse y comercializar sus productos y servicios en mercados m\u00e1s exigentes\u201d, explic\u00f3 Hern\u00e1n Ceballos Gacharn\u00e1, gerente de iNNpulsa Colombia \u2013 Colombia Productiva.<\/p>\n<p>En los municipios priorizados se adelantan los Programas de Desarrollo con Enfoque Territorial (PDET) y las Zonas M\u00e1s Afectadas por el Conflicto (Zomac). Mediante la iniciativa, las unidades productivas de la econom\u00eda popular de los sectores agr\u00edcola, pecuario, pesquero y forestal, lideradas por v\u00edctimas de desplazamiento forzado, podr\u00e1n acceder a:<\/p>\n<ul>\n<li>Capital productivo para formalizarse y para la compra de insumos y maquinaria<\/li>\n<li>Espacios de relacionamiento con empresas locales para la generaci\u00f3n de acuerdos comerciales<\/li>\n<li>Asesor\u00eda t\u00e9cnica que permita fortalecer los procesos financieros, administrativos, sociales, empresariales, productivos o comerciales.<\/li>\n<\/ul>\n<p>Pueden participar personas, asociaciones, unidades productivas, micro, peque\u00f1as y medianas empresas (MiPymes) de v\u00edctimas de desplazamiento forzado incluidas en el Registro \u00danico de V\u00edctimas (RUV).<\/p>\n<p>&nbsp;<\/p>\n","protected":false},"excerpt":{"rendered":"<p>BOGOT\u00c1.- V\u00edctimas del conflicto armado en Norte de Santander ser\u00e1n tenidas en cuenta en el Programa Minicadenas Locales, que adelanta el Ministerio de Comercio, Industria y Turismo, por medio de iNNpulsa Colombia. Para el desarrollo de la nueva convocatoria se destinar\u00e1n m\u00e1s de $ 6000 millones. El objetivo es fortalecer productiva y comercialmente a 180 &hellip;<\/p>\n","protected":false},"author":1,"featured_media":43627,"comment_status":"open","ping_status":"open","sticky":false,"template":"","format":"standard","meta":{"footnotes":""},"categories":[4,5],"tags":[4578,6754,6515,1560,886,4819,6753,4095],"class_list":["post-43626","post","type-post","status-publish","format-standard","has-post-thumbnail","hentry","category-barra","category-justicia-transicional","tag-colombia-productiva","tag-industria-y-turismo","tag-innpulsa-colombia","tag-ministerio-de-comercio","tag-mipymes","tag-municipios-pdet","tag-programa-minicadenas-locales","tag-zomac"],"_links":{"self":[{"href":"https:\/\/contraluzcucuta.co\/index.php?rest_route=\/wp\/v2\/posts\/43626","targetHints":{"allow":["GET"]}}],"collection":[{"href":"https:\/\/contraluzcucuta.co\/index.php?rest_route=\/wp\/v2\/posts"}],"about":[{"href":"https:\/\/contraluzcucuta.co\/index.php?rest_route=\/wp\/v2\/types\/post"}],"author":[{"embeddable":true,"href":"https:\/\/contraluzcucuta.co\/index.php?rest_route=\/wp\/v2\/users\/1"}],"replies":[{"embeddable":true,"href":"https:\/\/contraluzcucuta.co\/index.php?rest_route=%2Fwp%2Fv2%2Fcomments&post=43626"}],"version-history":[{"count":1,"href":"https:\/\/contraluzcucuta.co\/index.php?rest_route=\/wp\/v2\/posts\/43626\/revisions"}],"predecessor-version":[{"id":43629,"href":"https:\/\/contraluzcucuta.co\/index.php?rest_route=\/wp\/v2\/posts\/43626\/revisions\/43629"}],"wp:featuredmedia":[{"embeddable":true,"href":"https:\/\/contraluzcucuta.co\/index.php?rest_route=\/wp\/v2\/media\/43627"}],"wp:attachment":[{"href":"https:\/\/contraluzcucuta.co\/index.php?rest_route=%2Fwp%2Fv2%2Fmedia&parent=43626"}],"wp:term":[{"taxonomy":"category","embeddable":true,"href":"https:\/\/contraluzcucuta.co\/index.php?rest_route=%2Fwp%2Fv2%2Fcategories&post=43626"},{"taxonomy":"post_tag","embeddable":true,"href":"https:\/\/contraluzcucuta.co\/index.php?rest_route=%2Fwp%2Fv2%2Ftags&post=43626"}],"curies":[{"name":"wp","href":"https:\/\/api.w.org\/{rel}","templated":true}]}}