{"id":43581,"date":"2024-10-14T06:12:23","date_gmt":"2024-10-14T11:12:23","guid":{"rendered":"https:\/\/contraluzcucuta.co\/?p=43581"},"modified":"2024-10-14T06:12:23","modified_gmt":"2024-10-14T11:12:23","slug":"primer-subcomite-del-ano-aprobado-plan-operativo-anual-de-la-urt","status":"publish","type":"post","link":"https:\/\/contraluzcucuta.co\/?p=43581","title":{"rendered":"PRIMER SUBCOMIT\u00c9 DEL A\u00d1O. Aprobado Plan Operativo Anual de la URT"},"content":{"rendered":"<p><a href=\"https:\/\/contraluzcucuta.co\/wp-content\/uploads\/2024\/10\/URT-SUBCOMITE-4.JPG.jpeg\"><img loading=\"lazy\" decoding=\"async\" class=\"wp-image-43583 alignleft\" src=\"https:\/\/contraluzcucuta.co\/wp-content\/uploads\/2024\/10\/URT-SUBCOMITE-4.JPG-300x224.jpeg\" alt=\"\" width=\"245\" height=\"183\" srcset=\"https:\/\/contraluzcucuta.co\/wp-content\/uploads\/2024\/10\/URT-SUBCOMITE-4.JPG-300x224.jpeg 300w, https:\/\/contraluzcucuta.co\/wp-content\/uploads\/2024\/10\/URT-SUBCOMITE-4.JPG-600x449.jpeg 600w, https:\/\/contraluzcucuta.co\/wp-content\/uploads\/2024\/10\/URT-SUBCOMITE-4.JPG-1024x766.jpeg 1024w, https:\/\/contraluzcucuta.co\/wp-content\/uploads\/2024\/10\/URT-SUBCOMITE-4.JPG-768x575.jpeg 768w, https:\/\/contraluzcucuta.co\/wp-content\/uploads\/2024\/10\/URT-SUBCOMITE-4.JPG.jpeg 1421w\" sizes=\"auto, (max-width: 245px) 100vw, 245px\" \/><\/a><strong>C\u00daCUTA.-<\/strong> El primer Subcomit\u00e9 de Restituci\u00f3n de Tierras del a\u00f1o en esta jurisdicci\u00f3n del pa\u00eds aprob\u00f3 el Plan Operativo Anual de la URT. El POA incluye acompa\u00f1amiento en la implementaci\u00f3n de la pol\u00edtica p\u00fablica con las entidades involucradas en el pacto por El Catatumbo y posibilitar la implementaci\u00f3n de estrategias de enfoque de g\u00e9nero con enlaces de entidades responsables del cumplimiento del punto n\u00famero uno del acuerdo final de paz.<\/p>\n<p>Adem\u00e1s, asistencia al Centro Regional de Atenci\u00f3n Integral a V\u00edctimas de C\u00facuta, seguimiento a los planes de desarrollo municipales y departamental relacionados con el componente de la reparaci\u00f3n integral a las v\u00edctimas del conflicto armado y socializaci\u00f3n de la Pol\u00edtica de Restituci\u00f3n de Tierras a v\u00edctimas que tienen solicitudes sobre este proceso.<\/p>\n<p>Adicionalmente, se generar\u00e1n herramientas de articulaci\u00f3n con la Gobernaci\u00f3n de Norte de Santander para establecer mecanismos en los municipios donde se exponga de manera detallada la oferta institucional de la URT, mediante jornadas en las que haya concurrencia y se genere acercamiento con poblaciones solicitantes del proceso.<\/p>\n","protected":false},"excerpt":{"rendered":"<p>C\u00daCUTA.- El primer Subcomit\u00e9 de Restituci\u00f3n de Tierras del a\u00f1o en esta jurisdicci\u00f3n del pa\u00eds aprob\u00f3 el Plan Operativo Anual de la URT. El POA incluye acompa\u00f1amiento en la implementaci\u00f3n de la pol\u00edtica p\u00fablica con las entidades involucradas en el pacto por El Catatumbo y posibilitar la implementaci\u00f3n de estrategias de enfoque de g\u00e9nero con &hellip;<\/p>\n","protected":false},"author":1,"featured_media":43582,"comment_status":"open","ping_status":"open","sticky":false,"template":"","format":"standard","meta":{"footnotes":""},"categories":[4,5],"tags":[6740,6739,669],"class_list":["post-43581","post","type-post","status-publish","format-standard","has-post-thumbnail","hentry","category-barra","category-justicia-transicional","tag-centro-regional-de-atencion-integral-a-victimas","tag-plan-operativo-anual-de-la-urt","tag-restitucion-de-tierras-en-norte-de-santander"],"_links":{"self":[{"href":"https:\/\/contraluzcucuta.co\/index.php?rest_route=\/wp\/v2\/posts\/43581","targetHints":{"allow":["GET"]}}],"collection":[{"href":"https:\/\/contraluzcucuta.co\/index.php?rest_route=\/wp\/v2\/posts"}],"about":[{"href":"https:\/\/contraluzcucuta.co\/index.php?rest_route=\/wp\/v2\/types\/post"}],"author":[{"embeddable":true,"href":"https:\/\/contraluzcucuta.co\/index.php?rest_route=\/wp\/v2\/users\/1"}],"replies":[{"embeddable":true,"href":"https:\/\/contraluzcucuta.co\/index.php?rest_route=%2Fwp%2Fv2%2Fcomments&post=43581"}],"version-history":[{"count":1,"href":"https:\/\/contraluzcucuta.co\/index.php?rest_route=\/wp\/v2\/posts\/43581\/revisions"}],"predecessor-version":[{"id":43584,"href":"https:\/\/contraluzcucuta.co\/index.php?rest_route=\/wp\/v2\/posts\/43581\/revisions\/43584"}],"wp:featuredmedia":[{"embeddable":true,"href":"https:\/\/contraluzcucuta.co\/index.php?rest_route=\/wp\/v2\/media\/43582"}],"wp:attachment":[{"href":"https:\/\/contraluzcucuta.co\/index.php?rest_route=%2Fwp%2Fv2%2Fmedia&parent=43581"}],"wp:term":[{"taxonomy":"category","embeddable":true,"href":"https:\/\/contraluzcucuta.co\/index.php?rest_route=%2Fwp%2Fv2%2Fcategories&post=43581"},{"taxonomy":"post_tag","embeddable":true,"href":"https:\/\/contraluzcucuta.co\/index.php?rest_route=%2Fwp%2Fv2%2Ftags&post=43581"}],"curies":[{"name":"wp","href":"https:\/\/api.w.org\/{rel}","templated":true}]}}