{"id":43553,"date":"2024-10-01T21:09:36","date_gmt":"2024-10-02T02:09:36","guid":{"rendered":"https:\/\/contraluzcucuta.co\/?p=43553"},"modified":"2024-10-01T21:09:36","modified_gmt":"2024-10-02T02:09:36","slug":"atencion-al-ciudadano-jornadas-en-el-centro-regional-de-victimas-de-atalaya","status":"publish","type":"post","link":"https:\/\/contraluzcucuta.co\/?p=43553","title":{"rendered":"ATENCI\u00d3N AL CIUDADANO. Jornadas en el Centro Regional de V\u00edctimas de Atalaya"},"content":{"rendered":"<p style=\"padding-left: 40px; text-align: right;\"><strong><span style=\"color: #ff9900;\">C\u00daCUTA.- El Centro Regional de Atenci\u00f3n a V\u00edctimas (CRAV) de Atalaya ser\u00e1 escenario para las jornadas de Atenci\u00f3n al Ciudadano que ofrecer\u00e1 la Unidad de Restituci\u00f3n de Tierras (URT). El objetivo es recibir solicitudes, aclarar dudas de la comunidad y dar a conocer el estado de los casos que lleva en Norte de Santander.<\/span><\/strong><\/p>\n<p><a href=\"https:\/\/contraluzcucuta.co\/wp-content\/uploads\/2024\/10\/CENTRO-REGIONAL-DE-ATENCION-A-VICTIMAS-1.jpg\"><img loading=\"lazy\" decoding=\"async\" class=\"alignnone  wp-image-43555 alignleft\" src=\"https:\/\/contraluzcucuta.co\/wp-content\/uploads\/2024\/10\/CENTRO-REGIONAL-DE-ATENCION-A-VICTIMAS-1-300x200.jpg\" alt=\"\" width=\"246\" height=\"164\" srcset=\"https:\/\/contraluzcucuta.co\/wp-content\/uploads\/2024\/10\/CENTRO-REGIONAL-DE-ATENCION-A-VICTIMAS-1-300x200.jpg 300w, https:\/\/contraluzcucuta.co\/wp-content\/uploads\/2024\/10\/CENTRO-REGIONAL-DE-ATENCION-A-VICTIMAS-1-600x401.jpg 600w, https:\/\/contraluzcucuta.co\/wp-content\/uploads\/2024\/10\/CENTRO-REGIONAL-DE-ATENCION-A-VICTIMAS-1-310x205.jpg 310w, https:\/\/contraluzcucuta.co\/wp-content\/uploads\/2024\/10\/CENTRO-REGIONAL-DE-ATENCION-A-VICTIMAS-1.jpg 758w\" sizes=\"auto, (max-width: 246px) 100vw, 246px\" \/><\/a><\/p>\n<p>La directora territorial (e) de la URT, Martha Liliana Ar\u00e9valo, se\u00f1al\u00f3 que la actividad obedece al cumplimiento de compromisos adquiridos en el Comit\u00e9 de Justicia Transicional, en funci\u00f3n de mejoras continuas en materia de articulaci\u00f3n interinstitucional con la Secretar\u00eda de Posconflicto y Cultura de Paz de C\u00facuta.<\/p>\n<p>Las jornadas se desarrollar\u00e1n 2, 16 y 23 de octubre, de 8:00 de la ma\u00f1ana a 12:00 del d\u00eda y de 2:00 a 6:00 de la tarde. El evento final tendr\u00e1 lugar el 6 de noviembre.<\/p>\n<p>Entre los objetivos est\u00e1 acercar a los profesionales de la Unidad de Restituci\u00f3n de Tierras con la poblaci\u00f3n v\u00edctima de la violencia y el despojo de tierras que reside en la ciudadela Juan Atalaya, donde est\u00e1 ubicado el CRAV.<\/p>\n<p>La directora (e) Ar\u00e9valo se\u00f1al\u00f3 que con el cumplimiento del cronograma se busca fortalecer la articulaci\u00f3n institucional. \u201cDe esta manera, la entidad reitera el compromiso y la disposici\u00f3n por promover espacios que posibiliten el acceso eficiente a la poblaci\u00f3n v\u00edctima\u201d.<\/p>\n<p>En meses anteriores, el desarrollo de estas jornadas efectuadas en el CRAV de Atalaya ha dejado importantes resultados en la recepci\u00f3n de solicitudes de restituci\u00f3n de tierras, adem\u00e1s de unas 30 personas atendidas cada d\u00eda, lo cual descongestiona y agiliza la atenci\u00f3n de otras entidades que hacen presencia en el lugar y a su vez, se fortalecen los lazos con la comunidad.<\/p>\n","protected":false},"excerpt":{"rendered":"<p>C\u00daCUTA.- El Centro Regional de Atenci\u00f3n a V\u00edctimas (CRAV) de Atalaya ser\u00e1 escenario para las jornadas de Atenci\u00f3n al Ciudadano que ofrecer\u00e1 la Unidad de Restituci\u00f3n de Tierras (URT). El objetivo es recibir solicitudes, aclarar dudas de la comunidad y dar a conocer el estado de los casos que lleva en Norte de Santander. La &hellip;<\/p>\n","protected":false},"author":1,"featured_media":43554,"comment_status":"open","ping_status":"open","sticky":false,"template":"","format":"standard","meta":{"footnotes":""},"categories":[11,4],"tags":[6104,1630,3662],"class_list":["post-43553","post","type-post","status-publish","format-standard","has-post-thumbnail","hentry","category-cronica-roja","category-barra","tag-centro-regional-de-atencion-a-victimas","tag-comite-de-justicia-transicional-de-norte-de-santander","tag-urt-norte-de-santander"],"_links":{"self":[{"href":"https:\/\/contraluzcucuta.co\/index.php?rest_route=\/wp\/v2\/posts\/43553","targetHints":{"allow":["GET"]}}],"collection":[{"href":"https:\/\/contraluzcucuta.co\/index.php?rest_route=\/wp\/v2\/posts"}],"about":[{"href":"https:\/\/contraluzcucuta.co\/index.php?rest_route=\/wp\/v2\/types\/post"}],"author":[{"embeddable":true,"href":"https:\/\/contraluzcucuta.co\/index.php?rest_route=\/wp\/v2\/users\/1"}],"replies":[{"embeddable":true,"href":"https:\/\/contraluzcucuta.co\/index.php?rest_route=%2Fwp%2Fv2%2Fcomments&post=43553"}],"version-history":[{"count":1,"href":"https:\/\/contraluzcucuta.co\/index.php?rest_route=\/wp\/v2\/posts\/43553\/revisions"}],"predecessor-version":[{"id":43556,"href":"https:\/\/contraluzcucuta.co\/index.php?rest_route=\/wp\/v2\/posts\/43553\/revisions\/43556"}],"wp:featuredmedia":[{"embeddable":true,"href":"https:\/\/contraluzcucuta.co\/index.php?rest_route=\/wp\/v2\/media\/43554"}],"wp:attachment":[{"href":"https:\/\/contraluzcucuta.co\/index.php?rest_route=%2Fwp%2Fv2%2Fmedia&parent=43553"}],"wp:term":[{"taxonomy":"category","embeddable":true,"href":"https:\/\/contraluzcucuta.co\/index.php?rest_route=%2Fwp%2Fv2%2Fcategories&post=43553"},{"taxonomy":"post_tag","embeddable":true,"href":"https:\/\/contraluzcucuta.co\/index.php?rest_route=%2Fwp%2Fv2%2Ftags&post=43553"}],"curies":[{"name":"wp","href":"https:\/\/api.w.org\/{rel}","templated":true}]}}