{"id":43501,"date":"2024-09-23T14:35:14","date_gmt":"2024-09-23T19:35:14","guid":{"rendered":"https:\/\/contraluzcucuta.co\/?p=43501"},"modified":"2024-09-23T14:35:14","modified_gmt":"2024-09-23T19:35:14","slug":"cumo-y-expocuc-22-400-millones-en-acuerdos-comerciales","status":"publish","type":"post","link":"https:\/\/contraluzcucuta.co\/?p=43501","title":{"rendered":"C\u00daMO y EXPOCUC. $ 22.400 millones en acuerdos comerciales"},"content":{"rendered":"<p style=\"padding-left: 40px; text-align: right;\"><strong><span style=\"color: #ff9900;\">C\u00daCUTA.- Los acuerdos comerciales conseguidos en Expocuc alcanzaron los $ 18.000 millones, mientras los de la octava edici\u00f3n de C\u00daMO ascendieron a $ 4400 millones.<\/span><\/strong><\/p>\n<p style=\"text-align: right;\"><a href=\"https:\/\/contraluzcucuta.co\/wp-content\/uploads\/2024\/09\/CUMO-EXPOCUCUTA-2024-3-scaled.jpg\"><img loading=\"lazy\" decoding=\"async\" class=\"alignnone size-medium wp-image-43503 alignleft\" src=\"https:\/\/contraluzcucuta.co\/wp-content\/uploads\/2024\/09\/CUMO-EXPOCUCUTA-2024-3-300x226.jpg\" alt=\"\" width=\"300\" height=\"226\" srcset=\"https:\/\/contraluzcucuta.co\/wp-content\/uploads\/2024\/09\/CUMO-EXPOCUCUTA-2024-3-300x226.jpg 300w, https:\/\/contraluzcucuta.co\/wp-content\/uploads\/2024\/09\/CUMO-EXPOCUCUTA-2024-3-600x452.jpg 600w, https:\/\/contraluzcucuta.co\/wp-content\/uploads\/2024\/09\/CUMO-EXPOCUCUTA-2024-3-1024x771.jpg 1024w, https:\/\/contraluzcucuta.co\/wp-content\/uploads\/2024\/09\/CUMO-EXPOCUCUTA-2024-3-768x578.jpg 768w, https:\/\/contraluzcucuta.co\/wp-content\/uploads\/2024\/09\/CUMO-EXPOCUCUTA-2024-3-1536x1157.jpg 1536w, https:\/\/contraluzcucuta.co\/wp-content\/uploads\/2024\/09\/CUMO-EXPOCUCUTA-2024-3-2048x1542.jpg 2048w\" sizes=\"auto, (max-width: 300px) 100vw, 300px\" \/><\/a><\/p>\n<p>En el 2024, participaron 90 expositores y 100 compradores nacionales. C\u00daMO dio el salto cualitativo al expandir la oferta e incluir calzado, bisuter\u00eda y artesan\u00edas, bajo el concepto de \u00absistema moda\u00bb. La participaci\u00f3n de Artesan\u00edas de Colombia y 15 artesanos locales mostr\u00f3 el talento y la creatividad del departamento por medio de piezas que combinan tradici\u00f3n y modernidad.<\/p>\n<p>\u201cLa Gobernaci\u00f3n est\u00e1 comprometida con el fortalecimiento de la industria de la moda\u201d, dijo el secretario de Desarrollo Econ\u00f3mico y Productividad, Olger L\u00f3pez. \u201cC\u00daMO es una plataforma clave para consolidar a Norte de Santander como referente en ese sector, nacional e internacionalmente\u201d.<\/p>\n<p>El sector del calzado fue protagonista con la segunda versi\u00f3n de Expocuc. M\u00e1s de 120 empresarios asistieron a la feria internacional que se consolid\u00f3 entre las m\u00e1s importantes del pa\u00eds para la promoci\u00f3n y venta de calzado. Los acuerdos comerciales alcanzaron $ 18.000 millones con m\u00e1s de 600.000 pares de zapatos.<\/p>\n<p>\u201cExpocuc nos permiti\u00f3 concretar negocios con grandes cadenas nacionales e internacionales. El \u00e9xito de la feria refuerza el potencial del sector calzado de Norte de Santander y la capacidad para competir en mercados globales\u201d, coment\u00f3 la directora ejecutiva de Corpoincal, Mar\u00eda Fernanda Cadena.<\/p>\n<p>Tambi\u00e9n, sirvi\u00f3 para mostrar las \u00faltimas tendencias en dise\u00f1o y sostenibilidad, con especial atenci\u00f3n a los procesos innovadores ecoamigables en la fabricaci\u00f3n de calzado.<\/p>\n<p>La Secretar\u00eda de Desarrollo Econ\u00f3mico y Productividad permiti\u00f3 que 20 emprendedores locales participaran en estos espacios de negocios. Les brind\u00f3 la oportunidad de conectar con actores del mercado y posicionar los productos en un entorno competitivo. El apoyo institucional fomenta el crecimiento y la sostenibilidad de los emprendimientos de la regi\u00f3n.<\/p>\n","protected":false},"excerpt":{"rendered":"<p>C\u00daCUTA.- Los acuerdos comerciales conseguidos en Expocuc alcanzaron los $ 18.000 millones, mientras los de la octava edici\u00f3n de C\u00daMO ascendieron a $ 4400 millones. En el 2024, participaron 90 expositores y 100 compradores nacionales. C\u00daMO dio el salto cualitativo al expandir la oferta e incluir calzado, bisuter\u00eda y artesan\u00edas, bajo el concepto de \u00absistema &hellip;<\/p>\n","protected":false},"author":1,"featured_media":43502,"comment_status":"open","ping_status":"open","sticky":false,"template":"","format":"standard","meta":{"footnotes":""},"categories":[4,32],"tags":[2514,6721,6722,3775],"class_list":["post-43501","post","type-post","status-publish","format-standard","has-post-thumbnail","hentry","category-barra","category-recorrido-por-la-region","tag-corpoincal","tag-cumo","tag-desarrollo-economico-y-productividad","tag-expocuc"],"_links":{"self":[{"href":"https:\/\/contraluzcucuta.co\/index.php?rest_route=\/wp\/v2\/posts\/43501","targetHints":{"allow":["GET"]}}],"collection":[{"href":"https:\/\/contraluzcucuta.co\/index.php?rest_route=\/wp\/v2\/posts"}],"about":[{"href":"https:\/\/contraluzcucuta.co\/index.php?rest_route=\/wp\/v2\/types\/post"}],"author":[{"embeddable":true,"href":"https:\/\/contraluzcucuta.co\/index.php?rest_route=\/wp\/v2\/users\/1"}],"replies":[{"embeddable":true,"href":"https:\/\/contraluzcucuta.co\/index.php?rest_route=%2Fwp%2Fv2%2Fcomments&post=43501"}],"version-history":[{"count":1,"href":"https:\/\/contraluzcucuta.co\/index.php?rest_route=\/wp\/v2\/posts\/43501\/revisions"}],"predecessor-version":[{"id":43504,"href":"https:\/\/contraluzcucuta.co\/index.php?rest_route=\/wp\/v2\/posts\/43501\/revisions\/43504"}],"wp:featuredmedia":[{"embeddable":true,"href":"https:\/\/contraluzcucuta.co\/index.php?rest_route=\/wp\/v2\/media\/43502"}],"wp:attachment":[{"href":"https:\/\/contraluzcucuta.co\/index.php?rest_route=%2Fwp%2Fv2%2Fmedia&parent=43501"}],"wp:term":[{"taxonomy":"category","embeddable":true,"href":"https:\/\/contraluzcucuta.co\/index.php?rest_route=%2Fwp%2Fv2%2Fcategories&post=43501"},{"taxonomy":"post_tag","embeddable":true,"href":"https:\/\/contraluzcucuta.co\/index.php?rest_route=%2Fwp%2Fv2%2Ftags&post=43501"}],"curies":[{"name":"wp","href":"https:\/\/api.w.org\/{rel}","templated":true}]}}