{"id":43496,"date":"2024-09-20T15:44:11","date_gmt":"2024-09-20T20:44:11","guid":{"rendered":"https:\/\/contraluzcucuta.co\/?p=43496"},"modified":"2024-09-20T15:46:44","modified_gmt":"2024-09-20T20:46:44","slug":"5ta-con-5ta-crew-paz-al-aire-teje-voces-y-narrativas-pdet","status":"publish","type":"post","link":"https:\/\/contraluzcucuta.co\/?p=43496","title":{"rendered":"5ta con 5ta Crew. Paz al Aire teje Voces y Narrativas PDET"},"content":{"rendered":"<p style=\"padding-left: 40px; text-align: right;\"><strong><span style=\"color: #ff9900;\">C\u00daCUTA.- La Fundaci\u00f3n Cultural y Social 5ta con 5ta Crew sigue con el programa de implementaci\u00f3n de iniciativas sociales y culturales en el pa\u00eds. En esta ocasi\u00f3n la apuesta es Paz al Aire, Voces y Narrativas de los Territorios, con apoyo del Fondo Multidonante de las Naciones Unidas para la Paz en Colombia.<\/span><\/strong><\/p>\n<p><a href=\"https:\/\/contraluzcucuta.co\/wp-content\/uploads\/2024\/09\/PAZ-AL-AIRE-5.jpg\"><img loading=\"lazy\" decoding=\"async\" class=\"size-medium wp-image-43498 alignright\" src=\"https:\/\/contraluzcucuta.co\/wp-content\/uploads\/2024\/09\/PAZ-AL-AIRE-5-300x200.jpg\" alt=\"\" width=\"300\" height=\"200\" srcset=\"https:\/\/contraluzcucuta.co\/wp-content\/uploads\/2024\/09\/PAZ-AL-AIRE-5-300x200.jpg 300w, https:\/\/contraluzcucuta.co\/wp-content\/uploads\/2024\/09\/PAZ-AL-AIRE-5-600x400.jpg 600w, https:\/\/contraluzcucuta.co\/wp-content\/uploads\/2024\/09\/PAZ-AL-AIRE-5-1024x683.jpg 1024w, https:\/\/contraluzcucuta.co\/wp-content\/uploads\/2024\/09\/PAZ-AL-AIRE-5-768x512.jpg 768w, https:\/\/contraluzcucuta.co\/wp-content\/uploads\/2024\/09\/PAZ-AL-AIRE-5-1536x1024.jpg 1536w, https:\/\/contraluzcucuta.co\/wp-content\/uploads\/2024\/09\/PAZ-AL-AIRE-5-2048x1366.jpg 2048w\" sizes=\"auto, (max-width: 300px) 100vw, 300px\" \/><\/a><\/p>\n<p>En el primer semestre de 2024, participaron en las jornadas de formaci\u00f3n m\u00e1s de 150 adolescentes, j\u00f3venes, comunicadores comunitarios, l\u00edderes, funcionarios y artistas que hablaron en clave de los Programas con Enfoque Territorial (PDET) en 15 municipios de las subregiones Sur de Bol\u00edvar (Bol\u00edvar y Antioquia), El Catatumbo (Norte de Santander), Arauca y Sierra Nevada\/ Perij\u00e1 (Cesar).<\/p>\n<p>Se llevaron a cabo 30 talleres educomunicativos para fomentar la apropiaci\u00f3n de la sociedad civil en cuanto a los avances y los retos de los PDET y del acuerdo de paz. En las jornadas de formaci\u00f3n se fortalecieron narrativas sonoras, audiovisuales y art\u00edsticas de los 15 Nodos de Paz al Aire conformados. La comunicaci\u00f3n comunitaria y la cultura son elementos esenciales que ayudar\u00e1n a expresar y a difundir sentires, saberes e historias de transformaci\u00f3n y desaf\u00edos en la implementaci\u00f3n de los PDET en las regiones priorizadas.<\/p>\n<p><a href=\"https:\/\/contraluzcucuta.co\/wp-content\/uploads\/2024\/09\/PAZ-AL-AIRE-2.jpg\"><img loading=\"lazy\" decoding=\"async\" class=\"alignnone wp-image-43499 alignleft\" src=\"https:\/\/contraluzcucuta.co\/wp-content\/uploads\/2024\/09\/PAZ-AL-AIRE-2-300x200.jpg\" alt=\"\" width=\"248\" height=\"165\" srcset=\"https:\/\/contraluzcucuta.co\/wp-content\/uploads\/2024\/09\/PAZ-AL-AIRE-2-300x200.jpg 300w, https:\/\/contraluzcucuta.co\/wp-content\/uploads\/2024\/09\/PAZ-AL-AIRE-2-600x400.jpg 600w, https:\/\/contraluzcucuta.co\/wp-content\/uploads\/2024\/09\/PAZ-AL-AIRE-2-1024x683.jpg 1024w, https:\/\/contraluzcucuta.co\/wp-content\/uploads\/2024\/09\/PAZ-AL-AIRE-2-768x512.jpg 768w, https:\/\/contraluzcucuta.co\/wp-content\/uploads\/2024\/09\/PAZ-AL-AIRE-2-1536x1024.jpg 1536w, https:\/\/contraluzcucuta.co\/wp-content\/uploads\/2024\/09\/PAZ-AL-AIRE-2-2048x1366.jpg 2048w, https:\/\/contraluzcucuta.co\/wp-content\/uploads\/2024\/09\/PAZ-AL-AIRE-2-310x205.jpg 310w\" sizes=\"auto, (max-width: 248px) 100vw, 248px\" \/><\/a><\/p>\n<p><strong>\u00bfQu\u00e9 sigue en Paz al Aire?<\/strong><\/p>\n<p>Paz al Aire contin\u00faa el recorrido en los territorios donde participantes y formadores de la 5ta con 5ta Crew trabajan en la creaci\u00f3n de piezas comunicativas, que har\u00e1n parte del Seriado Multiformato que, desde los 15 municipios del proyecto, abordar\u00e1 desaf\u00edos y logros de los PDET desde la perspectiva comunitaria y con enfoque diferencial.<\/p>\n<p>Las producciones se consolidan en los Encuentros Regionales de Paz al Aire, implementados en Tame (Arauca), Manaure, Balc\u00f3n del Cesar, Oca\u00f1a (Norte de Santander) y Santa Rosa (Bol\u00edvar). Estas jornadas han sido el escenario para dialogar sobre la incidencia comunitaria mediante una comunicaci\u00f3n participativa.<\/p>\n<p>En desarrollo de la articulaci\u00f3n interinstitucional se sumar\u00e1n nuevas redes de reporteros PDET a la estrategia de la Agencia de Renovaci\u00f3n del Territorio (ART). Los cuatro Encuentros Regionales han enriquecido las historias producidas y los planes de difusi\u00f3n de los Nodos conformados, que ser\u00e1n presentados a la institucionalidad y otros actores clave durante el \u00faltimo trimestre del a\u00f1o en cada municipio.<\/p>\n","protected":false},"excerpt":{"rendered":"<p>C\u00daCUTA.- La Fundaci\u00f3n Cultural y Social 5ta con 5ta Crew sigue con el programa de implementaci\u00f3n de iniciativas sociales y culturales en el pa\u00eds. En esta ocasi\u00f3n la apuesta es Paz al Aire, Voces y Narrativas de los Territorios, con apoyo del Fondo Multidonante de las Naciones Unidas para la Paz en Colombia. En el &hellip;<\/p>\n","protected":false},"author":1,"featured_media":43497,"comment_status":"open","ping_status":"open","sticky":false,"template":"","format":"standard","meta":{"footnotes":""},"categories":[4,37],"tags":[5308,6720,4819,4971,6718,6719],"class_list":["post-43496","post","type-post","status-publish","format-standard","has-post-thumbnail","hentry","category-barra","category-paseo-cultural","tag-5ta-con-5ta-crew","tag-fondo-multidonante","tag-municipios-pdet","tag-naciones-unidas","tag-paz-al-aire","tag-voces-y-narrativas-de-los-territorios"],"_links":{"self":[{"href":"https:\/\/contraluzcucuta.co\/index.php?rest_route=\/wp\/v2\/posts\/43496","targetHints":{"allow":["GET"]}}],"collection":[{"href":"https:\/\/contraluzcucuta.co\/index.php?rest_route=\/wp\/v2\/posts"}],"about":[{"href":"https:\/\/contraluzcucuta.co\/index.php?rest_route=\/wp\/v2\/types\/post"}],"author":[{"embeddable":true,"href":"https:\/\/contraluzcucuta.co\/index.php?rest_route=\/wp\/v2\/users\/1"}],"replies":[{"embeddable":true,"href":"https:\/\/contraluzcucuta.co\/index.php?rest_route=%2Fwp%2Fv2%2Fcomments&post=43496"}],"version-history":[{"count":1,"href":"https:\/\/contraluzcucuta.co\/index.php?rest_route=\/wp\/v2\/posts\/43496\/revisions"}],"predecessor-version":[{"id":43500,"href":"https:\/\/contraluzcucuta.co\/index.php?rest_route=\/wp\/v2\/posts\/43496\/revisions\/43500"}],"wp:featuredmedia":[{"embeddable":true,"href":"https:\/\/contraluzcucuta.co\/index.php?rest_route=\/wp\/v2\/media\/43497"}],"wp:attachment":[{"href":"https:\/\/contraluzcucuta.co\/index.php?rest_route=%2Fwp%2Fv2%2Fmedia&parent=43496"}],"wp:term":[{"taxonomy":"category","embeddable":true,"href":"https:\/\/contraluzcucuta.co\/index.php?rest_route=%2Fwp%2Fv2%2Fcategories&post=43496"},{"taxonomy":"post_tag","embeddable":true,"href":"https:\/\/contraluzcucuta.co\/index.php?rest_route=%2Fwp%2Fv2%2Ftags&post=43496"}],"curies":[{"name":"wp","href":"https:\/\/api.w.org\/{rel}","templated":true}]}}