{"id":43459,"date":"2024-09-18T18:36:16","date_gmt":"2024-09-18T23:36:16","guid":{"rendered":"https:\/\/contraluzcucuta.co\/?p=43459"},"modified":"2024-09-18T20:38:06","modified_gmt":"2024-09-19T01:38:06","slug":"gran-santander-gobernadores-y-congresistas-impulsaran-proyectos","status":"publish","type":"post","link":"https:\/\/contraluzcucuta.co\/?p=43459","title":{"rendered":"GRAN SANTANDER. Gobernadores y congresistas impulsar\u00e1n proyectos"},"content":{"rendered":"<p style=\"padding-left: 40px; text-align: right;\"><strong><span style=\"color: #ff9900;\">BOGOT\u00c1.- Gobernadores y congresistas de Norte de Santander y Santander se reunieron en Bogot\u00e1 para analizar nueve proyectos estrat\u00e9gicos que ser\u00e1n gestionados desde el Congreso de la Rep\u00fablica con el objetivo de impulsar el desarrollo a los dos departamentos.<\/span><\/strong><\/p>\n<p><a href=\"https:\/\/contraluzcucuta.co\/wp-content\/uploads\/2024\/09\/GRAN-SANTANDER-4-scaled.jpg\"><img loading=\"lazy\" decoding=\"async\" class=\"alignnone size-medium wp-image-43461 alignright\" src=\"https:\/\/contraluzcucuta.co\/wp-content\/uploads\/2024\/09\/GRAN-SANTANDER-4-300x225.jpg\" alt=\"\" width=\"300\" height=\"225\" srcset=\"https:\/\/contraluzcucuta.co\/wp-content\/uploads\/2024\/09\/GRAN-SANTANDER-4-300x225.jpg 300w, https:\/\/contraluzcucuta.co\/wp-content\/uploads\/2024\/09\/GRAN-SANTANDER-4-600x450.jpg 600w, https:\/\/contraluzcucuta.co\/wp-content\/uploads\/2024\/09\/GRAN-SANTANDER-4-1024x768.jpg 1024w, https:\/\/contraluzcucuta.co\/wp-content\/uploads\/2024\/09\/GRAN-SANTANDER-4-768x576.jpg 768w, https:\/\/contraluzcucuta.co\/wp-content\/uploads\/2024\/09\/GRAN-SANTANDER-4-1536x1152.jpg 1536w, https:\/\/contraluzcucuta.co\/wp-content\/uploads\/2024\/09\/GRAN-SANTANDER-4-2048x1536.jpg 2048w\" sizes=\"auto, (max-width: 300px) 100vw, 300px\" \/><\/a><\/p>\n<p>En Norte de Santander las iniciativas buscan mejorar la infraestructura f\u00edsica y la conectividad, impulsar la paz, la educaci\u00f3n y el desarrollo sostenible en El Catatumbo y sus alrededores. William Villamizar present\u00f3 las propuestas transformadoras para hacer equipo y lograr los recursos necesarios que permitan hacerlas realidad.<\/p>\n<p>El mandatario departamental destac\u00f3 el inter\u00e9s en la conservaci\u00f3n ambiental, la seguridad, el desarrollo econ\u00f3mico, el bienestar social y la infraestructura. La exposici\u00f3n la hizo ante el director del Departamento Nacional de Planeaci\u00f3n, Alexander L\u00f3pez; la ministra de Vivienda, Helga Rivas; el ministro del Interior, Juan Fernando Cristo, y representantes del Gobierno y de los gremios econ\u00f3micos regionales.<\/p>\n<p>Entre los proyectos relevantes para Norte de Santander se encuentran:<\/p>\n<ol>\n<li><strong> Restauraci\u00f3n y conservaci\u00f3n del ecosistema nortesantandereano<\/strong><\/li>\n<\/ol>\n<p>Este proyecto busca mitigar la deforestaci\u00f3n y los efectos del calentamiento global en la regi\u00f3n, una de las m\u00e1s calurosas de Colombia.<\/p>\n<ol start=\"2\">\n<li><strong> Construcci\u00f3n de la fase 2 del Cedrum<\/strong><\/li>\n<\/ol>\n<p>Esta infraestructura ofrecer\u00e1 formaci\u00f3n profesional en miner\u00eda, agroindustria y sostenibilidad ambiental.<\/p>\n<ol start=\"3\">\n<li><strong> Parque Industrial con r\u00e9gimen franco de 20 hect\u00e1reas<\/strong><\/li>\n<\/ol>\n<p>Se desarrollar\u00e1 la infraestructura para el parque industrial que generar\u00e1 empleo y promover\u00e1 la competitividad econ\u00f3mica de la regi\u00f3n.<\/p>\n<ol start=\"4\">\n<li><strong> Construcci\u00f3n de dos Plantas de Tratamiento de Aguas Residuales (PTAR)<\/strong><\/li>\n<\/ol>\n<p>Estar\u00e1n en Carmen de Tonchal\u00e1 y San Faustino, mejorar\u00e1n el manejo del agua en la regi\u00f3n, el financiamiento ser\u00e1 del 70 % por parte de la Naci\u00f3n y el 30 % del departamento.<\/p>\n<ol start=\"5\">\n<li><strong> Universidad de Atalaya<\/strong><\/li>\n<\/ol>\n<p>La extensi\u00f3n ser\u00e1 de 8411 metros cuadrados, beneficiar\u00e1 a 1800 estudiantes e impulsar\u00e1 el acceso a la educaci\u00f3n superior en la regi\u00f3n.<\/p>\n<ol start=\"6\">\n<li><strong> Distrito de Polic\u00eda en Oca\u00f1a<\/strong><\/li>\n<\/ol>\n<p>La Gobernaci\u00f3n ha adquirido el lote para la construcci\u00f3n del distrito, con el objetivo de reforzar la seguridad en la Subregi\u00f3n.<\/p>\n<ol start=\"7\">\n<li><strong> Mitigaci\u00f3n del cambio clim\u00e1tico por el R\u00edo Zulia<\/strong><\/li>\n<\/ol>\n<p>El objetivo es regular el caudal del r\u00edo para evitar inundaciones y sequ\u00edas, y garantizar agua para consumo y riego agr\u00edcola.<\/p>\n<ol start=\"8\">\n<li><strong> Interconexi\u00f3n del departamento al Sistema Troncal de Gasoducto<\/strong><\/li>\n<\/ol>\n<p>Se busca conectar a Norte de Santander al sistema nacional de gas, lo que reducir\u00e1 los costos del servicio y mejorar\u00e1 la competitividad.<\/p>\n<ol start=\"9\">\n<li><strong> Pago de la deuda del Hospital Universitario Erasmo Meoz<\/strong><\/li>\n<\/ol>\n<p>La Gobernaci\u00f3n contribuir\u00e1 a diligenciar el pago de la deuda de casi $ 25.000 millones acumulada por la atenci\u00f3n a migrantes.<\/p>\n","protected":false},"excerpt":{"rendered":"<p>BOGOT\u00c1.- Gobernadores y congresistas de Norte de Santander y Santander se reunieron en Bogot\u00e1 para analizar nueve proyectos estrat\u00e9gicos que ser\u00e1n gestionados desde el Congreso de la Rep\u00fablica con el objetivo de impulsar el desarrollo a los dos departamentos. En Norte de Santander las iniciativas buscan mejorar la infraestructura f\u00edsica y la conectividad, impulsar la &hellip;<\/p>\n","protected":false},"author":1,"featured_media":43460,"comment_status":"open","ping_status":"open","sticky":false,"template":"","format":"standard","meta":{"footnotes":""},"categories":[4,6011,32],"tags":[2800,6713,6714],"class_list":["post-43459","post","type-post","status-publish","format-standard","has-post-thumbnail","hentry","category-barra","category-gobernacion-de-norte-de-santander","category-recorrido-por-la-region","tag-gobernador-william-villamizar","tag-gran-santander","tag-proyectos-de-infraestructura"],"_links":{"self":[{"href":"https:\/\/contraluzcucuta.co\/index.php?rest_route=\/wp\/v2\/posts\/43459","targetHints":{"allow":["GET"]}}],"collection":[{"href":"https:\/\/contraluzcucuta.co\/index.php?rest_route=\/wp\/v2\/posts"}],"about":[{"href":"https:\/\/contraluzcucuta.co\/index.php?rest_route=\/wp\/v2\/types\/post"}],"author":[{"embeddable":true,"href":"https:\/\/contraluzcucuta.co\/index.php?rest_route=\/wp\/v2\/users\/1"}],"replies":[{"embeddable":true,"href":"https:\/\/contraluzcucuta.co\/index.php?rest_route=%2Fwp%2Fv2%2Fcomments&post=43459"}],"version-history":[{"count":2,"href":"https:\/\/contraluzcucuta.co\/index.php?rest_route=\/wp\/v2\/posts\/43459\/revisions"}],"predecessor-version":[{"id":43474,"href":"https:\/\/contraluzcucuta.co\/index.php?rest_route=\/wp\/v2\/posts\/43459\/revisions\/43474"}],"wp:featuredmedia":[{"embeddable":true,"href":"https:\/\/contraluzcucuta.co\/index.php?rest_route=\/wp\/v2\/media\/43460"}],"wp:attachment":[{"href":"https:\/\/contraluzcucuta.co\/index.php?rest_route=%2Fwp%2Fv2%2Fmedia&parent=43459"}],"wp:term":[{"taxonomy":"category","embeddable":true,"href":"https:\/\/contraluzcucuta.co\/index.php?rest_route=%2Fwp%2Fv2%2Fcategories&post=43459"},{"taxonomy":"post_tag","embeddable":true,"href":"https:\/\/contraluzcucuta.co\/index.php?rest_route=%2Fwp%2Fv2%2Ftags&post=43459"}],"curies":[{"name":"wp","href":"https:\/\/api.w.org\/{rel}","templated":true}]}}