{"id":43378,"date":"2024-09-13T18:15:30","date_gmt":"2024-09-13T23:15:30","guid":{"rendered":"https:\/\/contraluzcucuta.co\/?p=43378"},"modified":"2024-09-13T18:15:30","modified_gmt":"2024-09-13T23:15:30","slug":"aqui-alla-y-aculla-el-catatumbo-descubriendo-su-patrimonio","status":"publish","type":"post","link":"https:\/\/contraluzcucuta.co\/?p=43378","title":{"rendered":"AQU\u00cd, ALL\u00c1 Y ACULL\u00c1. El Catatumbo \u2013 Descubriendo su Patrimonio"},"content":{"rendered":"<p style=\"padding-left: 40px; text-align: right;\"><strong><span style=\"color: #ff9900;\">EL CATATUMBO.- La Fundaci\u00f3n Conexi\u00f3n Regi\u00f3n adelanta el proyecto \u201cAqu\u00ed, All\u00e1 y Acull\u00e1: Catatumbo \u2013 Descubriendo su Patrimonio\u201d, con el objetivo de hacer visible la diversidad cultural de los bienes de inter\u00e9s declarados de los centros hist\u00f3ricos de El Carmen, La Playa de Bel\u00e9n y Oca\u00f1a.<\/span><\/strong><\/p>\n<p>Por medio de la divulgaci\u00f3n y la promoci\u00f3n de los valores hist\u00f3ricos y significaci\u00f3n cultural se pretende incentivar al turismo local, regional, nacional e internacional. Piezas audiovisuales y el concurso acerca del arte local promueven:<\/p>\n<ul>\n<li>La apropiaci\u00f3n de nuestra cultura.<\/li>\n<li>El orgullo territorial.<\/li>\n<li>Incentivar el conocimiento de los valores hist\u00f3ricos y patrimoniales.<\/li>\n<li>Resaltar y hacer visible lo positivo de la regi\u00f3n.<\/li>\n<\/ul>\n<p>El proyecto cuenta con apoyo del ministerio de las Culturas, las Artes y los Saberes del Programa Nacional de Concertaci\u00f3n Cultural 2024.<\/p>\n<p>El 22 de septiembre, a las 11:59 de la noche, se cerrar\u00e1 el concurso sobre patrimonio activo con el que se pretende resaltar la creatividad a partir del reconocimiento del patrimonio cultural de la regi\u00f3n de El Catatumbo en Norte de Santander, en los centros hist\u00f3ricos de El Carmen, La Playa de Bel\u00e9n y Oca\u00f1a, representados en iglesias y parques principales con bienes muebles asociados, declarados bienes de inter\u00e9s cultural nacional, departamental y municipal.<\/p>\n<p>Los ganadores se dar\u00e1n a conocer el 4 de octubre y est\u00e1 distribuido en las categor\u00edas Adultos (fotograf\u00eda, gif, dibujo a mano alzada), Infantil (dibujo en t\u00e9cnica libre \u2013 6 a 11 a\u00f1os) y Adolescentes (12 &#8211; 17 a\u00f1os).<\/p>\n<p>Los bienes de inter\u00e9s cultural que se divulgar\u00e1n son:<\/p>\n<ul>\n<li>El Carmen: Templo de Nuestra Se\u00f1ora de El Carmen \u2013 Parque principal Rafael Uribe Uribe.<\/li>\n<li>La Playa de Bel\u00e9n: Templo parroquial San Jos\u00e9 de Bel\u00e9n (Nuestra Se\u00f1ora de las Mercedes) \u2013 Parque \u00c1ngel Cort\u00e9s.<\/li>\n<li>Oca\u00f1a: Columna de la Libertad de los Esclavos &#8211; Plaza 29 de Mayo &#8211; Catedral de Santa Ana- Retablo mayor de la Catedral de Santa Ana.<\/li>\n<\/ul>\n","protected":false},"excerpt":{"rendered":"<p>EL CATATUMBO.- La Fundaci\u00f3n Conexi\u00f3n Regi\u00f3n adelanta el proyecto \u201cAqu\u00ed, All\u00e1 y Acull\u00e1: Catatumbo \u2013 Descubriendo su Patrimonio\u201d, con el objetivo de hacer visible la diversidad cultural de los bienes de inter\u00e9s declarados de los centros hist\u00f3ricos de El Carmen, La Playa de Bel\u00e9n y Oca\u00f1a. Por medio de la divulgaci\u00f3n y la promoci\u00f3n de &hellip;<\/p>\n","protected":false},"author":1,"featured_media":43379,"comment_status":"open","ping_status":"open","sticky":false,"template":"","format":"standard","meta":{"footnotes":""},"categories":[4,37],"tags":[6691,6690,1773,246,3984,404],"class_list":["post-43378","post","type-post","status-publish","format-standard","has-post-thumbnail","hentry","category-barra","category-paseo-cultural","tag-alla-y-aculla","tag-aqui","tag-el-carmen","tag-el-catatumbo","tag-la-playa-de-belen","tag-ocana"],"_links":{"self":[{"href":"https:\/\/contraluzcucuta.co\/index.php?rest_route=\/wp\/v2\/posts\/43378","targetHints":{"allow":["GET"]}}],"collection":[{"href":"https:\/\/contraluzcucuta.co\/index.php?rest_route=\/wp\/v2\/posts"}],"about":[{"href":"https:\/\/contraluzcucuta.co\/index.php?rest_route=\/wp\/v2\/types\/post"}],"author":[{"embeddable":true,"href":"https:\/\/contraluzcucuta.co\/index.php?rest_route=\/wp\/v2\/users\/1"}],"replies":[{"embeddable":true,"href":"https:\/\/contraluzcucuta.co\/index.php?rest_route=%2Fwp%2Fv2%2Fcomments&post=43378"}],"version-history":[{"count":1,"href":"https:\/\/contraluzcucuta.co\/index.php?rest_route=\/wp\/v2\/posts\/43378\/revisions"}],"predecessor-version":[{"id":43380,"href":"https:\/\/contraluzcucuta.co\/index.php?rest_route=\/wp\/v2\/posts\/43378\/revisions\/43380"}],"wp:featuredmedia":[{"embeddable":true,"href":"https:\/\/contraluzcucuta.co\/index.php?rest_route=\/wp\/v2\/media\/43379"}],"wp:attachment":[{"href":"https:\/\/contraluzcucuta.co\/index.php?rest_route=%2Fwp%2Fv2%2Fmedia&parent=43378"}],"wp:term":[{"taxonomy":"category","embeddable":true,"href":"https:\/\/contraluzcucuta.co\/index.php?rest_route=%2Fwp%2Fv2%2Fcategories&post=43378"},{"taxonomy":"post_tag","embeddable":true,"href":"https:\/\/contraluzcucuta.co\/index.php?rest_route=%2Fwp%2Fv2%2Ftags&post=43378"}],"curies":[{"name":"wp","href":"https:\/\/api.w.org\/{rel}","templated":true}]}}