{"id":43370,"date":"2024-09-11T04:49:25","date_gmt":"2024-09-11T09:49:25","guid":{"rendered":"https:\/\/contraluzcucuta.co\/?p=43370"},"modified":"2024-09-11T04:49:25","modified_gmt":"2024-09-11T09:49:25","slug":"secretaria-de-salud-preocupante-tasa-de-suicidios-en-el-municipio","status":"publish","type":"post","link":"https:\/\/contraluzcucuta.co\/?p=43370","title":{"rendered":"SECRETARIA DE SALUD. Preocupante tasa de suicidios en el municipio"},"content":{"rendered":"<p><a href=\"https:\/\/contraluzcucuta.co\/wp-content\/uploads\/2024\/09\/SECRETARIA-DE-SALUD-SUICIDIOS-2-scaled.jpeg\"><img loading=\"lazy\" decoding=\"async\" class=\"alignnone  wp-image-43372 alignleft\" src=\"https:\/\/contraluzcucuta.co\/wp-content\/uploads\/2024\/09\/SECRETARIA-DE-SALUD-SUICIDIOS-2-300x199.jpeg\" alt=\"\" width=\"252\" height=\"167\" srcset=\"https:\/\/contraluzcucuta.co\/wp-content\/uploads\/2024\/09\/SECRETARIA-DE-SALUD-SUICIDIOS-2-300x199.jpeg 300w, https:\/\/contraluzcucuta.co\/wp-content\/uploads\/2024\/09\/SECRETARIA-DE-SALUD-SUICIDIOS-2-600x398.jpeg 600w, https:\/\/contraluzcucuta.co\/wp-content\/uploads\/2024\/09\/SECRETARIA-DE-SALUD-SUICIDIOS-2-1024x680.jpeg 1024w, https:\/\/contraluzcucuta.co\/wp-content\/uploads\/2024\/09\/SECRETARIA-DE-SALUD-SUICIDIOS-2-768x510.jpeg 768w, https:\/\/contraluzcucuta.co\/wp-content\/uploads\/2024\/09\/SECRETARIA-DE-SALUD-SUICIDIOS-2-1536x1019.jpeg 1536w, https:\/\/contraluzcucuta.co\/wp-content\/uploads\/2024\/09\/SECRETARIA-DE-SALUD-SUICIDIOS-2-2048x1359.jpeg 2048w, https:\/\/contraluzcucuta.co\/wp-content\/uploads\/2024\/09\/SECRETARIA-DE-SALUD-SUICIDIOS-2-310x205.jpeg 310w\" sizes=\"auto, (max-width: 252px) 100vw, 252px\" \/><\/a><\/p>\n<p><strong><span style=\"color: #ff9900;\">C\u00daCUTA.- Ta\u00edz del Pilar Ortega, secretaria de Salud del Municipio entreg\u00f3 cifras de casos de suicidios en la ciudad. Seg\u00fan el DANE, las estad\u00edsticas han aumentado en los \u00faltimos a\u00f1os. En el 2020, ocurrieron 31 casos, en 2021 ascendi\u00f3 a 34, en el 2022 fue de 35, para 2023 se increment\u00f3 a 42 y en el 2024, el registro preliminar es de 29.<\/span><\/strong><\/p>\n<p>La funcionaria destac\u00f3 que es la oportunidad para sensibilizar a la ciudadan\u00eda y promover acciones concretas para disminuir el n\u00famero de suicidios. &#8220;Existe una alternativa y el objetivo es tejer vidas en todos nosotros. Es necesario sensibilizar, movilizar y generar una respuesta colectiva frente a esta situaci\u00f3n, mediante acciones simb\u00f3licas y simult\u00e1neas&#8221;.<\/p>\n<p>Los datos de este a\u00f1o revelan que los meses de mayor incidencia fueron abril y mayo, con cuatro casos cada uno. De los 29 hechos registrados, el 79 % corresponde a hombres y el 21 % a mujeres. La tendencia ha sido similar en los \u00faltimos cinco a\u00f1os.<\/p>\n<p>La secretar\u00eda de Salud conmemor\u00f3 el D\u00eda Mundial para la Prevenci\u00f3n del Suicidio con un espacio comunitario en la Unidad B\u00e1sica de Atenci\u00f3n (UBA) Comuneros, bajo el lema: \u2018Tu mano, mi mano, nuestras manos, todas las manos\u2019. El encuentro busc\u00f3 generar conciencia sobre la importancia de prevenir el suicidio y fomentar la acci\u00f3n colectiva para reducir la incidencia.<\/p>\n","protected":false},"excerpt":{"rendered":"<p>C\u00daCUTA.- Ta\u00edz del Pilar Ortega, secretaria de Salud del Municipio entreg\u00f3 cifras de casos de suicidios en la ciudad. Seg\u00fan el DANE, las estad\u00edsticas han aumentado en los \u00faltimos a\u00f1os. En el 2020, ocurrieron 31 casos, en 2021 ascendi\u00f3 a 34, en el 2022 fue de 35, para 2023 se increment\u00f3 a 42 y en &hellip;<\/p>\n","protected":false},"author":1,"featured_media":43371,"comment_status":"open","ping_status":"open","sticky":false,"template":"","format":"standard","meta":{"footnotes":""},"categories":[11],"tags":[1378,5712,6688,6689],"class_list":["post-43370","post","type-post","status-publish","format-standard","has-post-thumbnail","hentry","category-cronica-roja","tag-secretaria-de-salud-del-municipio","tag-suicidios-en-norte-de-santander","tag-suicidos-en-cucuta","tag-taiz-del-pilar-ortega"],"_links":{"self":[{"href":"https:\/\/contraluzcucuta.co\/index.php?rest_route=\/wp\/v2\/posts\/43370","targetHints":{"allow":["GET"]}}],"collection":[{"href":"https:\/\/contraluzcucuta.co\/index.php?rest_route=\/wp\/v2\/posts"}],"about":[{"href":"https:\/\/contraluzcucuta.co\/index.php?rest_route=\/wp\/v2\/types\/post"}],"author":[{"embeddable":true,"href":"https:\/\/contraluzcucuta.co\/index.php?rest_route=\/wp\/v2\/users\/1"}],"replies":[{"embeddable":true,"href":"https:\/\/contraluzcucuta.co\/index.php?rest_route=%2Fwp%2Fv2%2Fcomments&post=43370"}],"version-history":[{"count":1,"href":"https:\/\/contraluzcucuta.co\/index.php?rest_route=\/wp\/v2\/posts\/43370\/revisions"}],"predecessor-version":[{"id":43373,"href":"https:\/\/contraluzcucuta.co\/index.php?rest_route=\/wp\/v2\/posts\/43370\/revisions\/43373"}],"wp:featuredmedia":[{"embeddable":true,"href":"https:\/\/contraluzcucuta.co\/index.php?rest_route=\/wp\/v2\/media\/43371"}],"wp:attachment":[{"href":"https:\/\/contraluzcucuta.co\/index.php?rest_route=%2Fwp%2Fv2%2Fmedia&parent=43370"}],"wp:term":[{"taxonomy":"category","embeddable":true,"href":"https:\/\/contraluzcucuta.co\/index.php?rest_route=%2Fwp%2Fv2%2Fcategories&post=43370"},{"taxonomy":"post_tag","embeddable":true,"href":"https:\/\/contraluzcucuta.co\/index.php?rest_route=%2Fwp%2Fv2%2Ftags&post=43370"}],"curies":[{"name":"wp","href":"https:\/\/api.w.org\/{rel}","templated":true}]}}