{"id":43364,"date":"2024-09-10T14:44:58","date_gmt":"2024-09-10T19:44:58","guid":{"rendered":"https:\/\/contraluzcucuta.co\/?p=43364"},"modified":"2024-09-10T14:44:58","modified_gmt":"2024-09-10T19:44:58","slug":"arte-pamplones-la-horca-creacion-independiente-y-emergente","status":"publish","type":"post","link":"https:\/\/contraluzcucuta.co\/?p=43364","title":{"rendered":"ARTE PAMPLON\u00c9S. La Horca, creaci\u00f3n independiente y emergente"},"content":{"rendered":"<p style=\"padding-left: 40px; text-align: right;\"><strong><span style=\"color: #ff9900;\">C\u00daCUTA.- A veces, editar y publicar textos se torna en una empresa inalcanzable. Llegar a las editoriales grandes y hacer parte del cat\u00e1logo de esas firmas que exhiben los productos literarios en librer\u00edas o estantes de almacenes de cadena, es una ilusi\u00f3n que se desvanece por el camino. Incluso, el intentarlo no es suficiente para lograr el objetivo.<\/span><\/strong><\/p>\n<p><a href=\"https:\/\/contraluzcucuta.co\/wp-content\/uploads\/2024\/09\/CAMILO-PRADA-5-scaled.jpeg\"><img loading=\"lazy\" decoding=\"async\" class=\"alignnone  wp-image-43366 alignleft\" src=\"https:\/\/contraluzcucuta.co\/wp-content\/uploads\/2024\/09\/CAMILO-PRADA-5-300x225.jpeg\" alt=\"\" width=\"247\" height=\"185\" srcset=\"https:\/\/contraluzcucuta.co\/wp-content\/uploads\/2024\/09\/CAMILO-PRADA-5-300x225.jpeg 300w, https:\/\/contraluzcucuta.co\/wp-content\/uploads\/2024\/09\/CAMILO-PRADA-5-600x450.jpeg 600w, https:\/\/contraluzcucuta.co\/wp-content\/uploads\/2024\/09\/CAMILO-PRADA-5-1024x768.jpeg 1024w, https:\/\/contraluzcucuta.co\/wp-content\/uploads\/2024\/09\/CAMILO-PRADA-5-768x576.jpeg 768w, https:\/\/contraluzcucuta.co\/wp-content\/uploads\/2024\/09\/CAMILO-PRADA-5-1536x1152.jpeg 1536w, https:\/\/contraluzcucuta.co\/wp-content\/uploads\/2024\/09\/CAMILO-PRADA-5-2048x1536.jpeg 2048w\" sizes=\"auto, (max-width: 247px) 100vw, 247px\" \/><\/a><\/p>\n<p>Estos tropiezos, analizados con la calma que da la sicolog\u00eda, m\u00e1s la necesidad de publicar y editar textos propios, llevaron al pamplon\u00e9s Camilo Prada a darle vida a la editorial La Horca, con car\u00e1cter de independiente y emergente. El surgimiento ocurri\u00f3 en el 2022, como plataforma para divulgar arte y textos po\u00e9ticos y literarios.<\/p>\n<ul>\n<li><em>Producimos carteles, buscamos recuperar la historia del arte por medio de los art\u00edculos art\u00edsticos que vendemos. Los carteles, algunos, tienen que ver con pel\u00edculas del cine cl\u00e1sico, mudo y negro. Buscamos visibilizar poetas fallecidos, de anta\u00f1o, y hacemos publicaciones de revistas peque\u00f1as para que est\u00e9n al alcance de cualquier persona.<\/em><\/li>\n<\/ul>\n<p>Este sic\u00f3logo y su pareja Leilani Quintero, con ganadas experiencias en t\u00e9cnicas art\u00edsticas, se abocaron a la creaci\u00f3n de im\u00e1genes y de contenido gr\u00e1fico para divulgar y vender. La primera que exhibieron en un estand fue en el mercadillo C\u00edngaro, del programa de artes visuales de la Universidad de Pamplona. Ahora, llegaron a la Fiesta del Libro de C\u00facuta y mostraron qu\u00e9 son capaces de hacer.<\/p>\n<p><a href=\"https:\/\/contraluzcucuta.co\/wp-content\/uploads\/2024\/09\/CAMILO-PRADA-2-scaled.jpeg\"><img loading=\"lazy\" decoding=\"async\" class=\"alignnone  wp-image-43367 alignleft\" src=\"https:\/\/contraluzcucuta.co\/wp-content\/uploads\/2024\/09\/CAMILO-PRADA-2-300x225.jpeg\" alt=\"\" width=\"247\" height=\"185\" srcset=\"https:\/\/contraluzcucuta.co\/wp-content\/uploads\/2024\/09\/CAMILO-PRADA-2-300x225.jpeg 300w, https:\/\/contraluzcucuta.co\/wp-content\/uploads\/2024\/09\/CAMILO-PRADA-2-600x450.jpeg 600w, https:\/\/contraluzcucuta.co\/wp-content\/uploads\/2024\/09\/CAMILO-PRADA-2-1024x768.jpeg 1024w, https:\/\/contraluzcucuta.co\/wp-content\/uploads\/2024\/09\/CAMILO-PRADA-2-768x576.jpeg 768w, https:\/\/contraluzcucuta.co\/wp-content\/uploads\/2024\/09\/CAMILO-PRADA-2-1536x1152.jpeg 1536w, https:\/\/contraluzcucuta.co\/wp-content\/uploads\/2024\/09\/CAMILO-PRADA-2-2048x1536.jpeg 2048w\" sizes=\"auto, (max-width: 247px) 100vw, 247px\" \/><\/a><\/p>\n<p>Tambi\u00e9n, juegan con la iron\u00eda y el cinismo, para lograr productos en los que resalta la jocosidad. Uno de los cuadros expuestos est\u00e1 inspirado en el amor. La pareja que lo adorna son los asaltabancos gringos Bonnie Parker y Clyde Barrow, amantes que se adoraban. El hombre escrib\u00eda poes\u00eda. La curiosa relaci\u00f3n llev\u00f3 a los autores pamploneses a resaltar la historia.<\/p>\n<p>Entre las producciones propias est\u00e1 el cuadro <em>Visi\u00f3n de t\u00fanel<\/em>, una chica mira a trav\u00e9s del t\u00fanel negro. La imagen se centra en un c\u00edrculo, lo que permite el juego con las t\u00e9cnicas mixtas. Est\u00e1 elaborado en pastel sobre cartulina y el vidrio est\u00e1 intervenido con pintura de vitral.<\/p>\n<ul>\n<li><em>Hay otros en acuarela, con dibujo, con intervenci\u00f3n en el cristal. Nos gusta generar piezas \u00fanicas, que no sean repetidas. Ninguno de los cuadros se encuentra en internet. Todos los producimos nosotros.<\/em><\/li>\n<\/ul>\n<p style=\"text-align: left;\">En el mostrario hay un cartel inspirado en una obra de arte de mediados del siglo XIX, de Edgar Degas, pintor franc\u00e9s y maestro del pastel. <em>Matando el tiempo<\/em>, es un collage an\u00e1logo, elaborado sobre un esc\u00e1ner. La imagen nunca se cre\u00f3 en f\u00edsico. <em>Eva<\/em>, est\u00e1 inspirado en la gata de Camilo. <em>Mujer en el lago<\/em>, es una joven que emerge del agua profunda, inspirada en el expresionismo n\u00f3rdico. <em>El cuervo<\/em>, recuerda el poema de Edgar Allan Poe, y grita \u2018humano maldito\u2019.<\/p>\n<p><a href=\"https:\/\/contraluzcucuta.co\/wp-content\/uploads\/2024\/09\/CAMILO-PRADA-8-scaled.jpeg\"><img loading=\"lazy\" decoding=\"async\" class=\"alignnone  wp-image-43368 alignleft\" src=\"https:\/\/contraluzcucuta.co\/wp-content\/uploads\/2024\/09\/CAMILO-PRADA-8-225x300.jpeg\" alt=\"\" width=\"207\" height=\"276\" srcset=\"https:\/\/contraluzcucuta.co\/wp-content\/uploads\/2024\/09\/CAMILO-PRADA-8-225x300.jpeg 225w, https:\/\/contraluzcucuta.co\/wp-content\/uploads\/2024\/09\/CAMILO-PRADA-8-600x800.jpeg 600w, https:\/\/contraluzcucuta.co\/wp-content\/uploads\/2024\/09\/CAMILO-PRADA-8-768x1024.jpeg 768w, https:\/\/contraluzcucuta.co\/wp-content\/uploads\/2024\/09\/CAMILO-PRADA-8-1152x1536.jpeg 1152w, https:\/\/contraluzcucuta.co\/wp-content\/uploads\/2024\/09\/CAMILO-PRADA-8-1536x2048.jpeg 1536w, https:\/\/contraluzcucuta.co\/wp-content\/uploads\/2024\/09\/CAMILO-PRADA-8-scaled.jpeg 1920w\" sizes=\"auto, (max-width: 207px) 100vw, 207px\" \/><\/a><\/p>\n<p>Otra variedad del trabajo de estos artistas est\u00e1 direccionada a las confecciones, especialmente de bolsos. Son mochilas que han ganado presencia en el p\u00fablico, elaborados en tela sencilla y con materiales simples. Los tra\u00eddos a C\u00facuta est\u00e1n hechos en lona coste\u00f1a, que es ecoamigable y resistente.<\/p>\n<p>Est\u00e1n estampados. La serigraf\u00eda con tintas es ciento por ciento casera. Los bordados y cosidos son a mano. En esta labor cuentan con apoyo familiar. Tienen como marca Nada.<\/p>\n<ul>\n<li><em>Es mi seud\u00f3nimo po\u00e9tico. Firmo como Nada. En alg\u00fan momento mi pareja (Leilani) me regal\u00f3 un parchecito bordado y ella escribi\u00f3 Nada. Me gust\u00f3 la imagen y la digitalic\u00e9. A la gente le ha parecido curioso.<\/em><\/li>\n<\/ul>\n<p><strong>RAFAEL ANTONIO PAB\u00d3N<\/strong><\/p>\n<p><strong><a href=\"mailto:rafaelpabon58@hotmail.com\">rafaelpabon58@hotmail.com<\/a><\/strong><\/p>\n","protected":false},"excerpt":{"rendered":"<p>C\u00daCUTA.- A veces, editar y publicar textos se torna en una empresa inalcanzable. Llegar a las editoriales grandes y hacer parte del cat\u00e1logo de esas firmas que exhiben los productos literarios en librer\u00edas o estantes de almacenes de cadena, es una ilusi\u00f3n que se desvanece por el camino. Incluso, el intentarlo no es suficiente para &hellip;<\/p>\n","protected":false},"author":1,"featured_media":43365,"comment_status":"open","ping_status":"open","sticky":false,"template":"","format":"standard","meta":{"footnotes":""},"categories":[5970,45,4],"tags":[6687,5935,6686],"class_list":["post-43364","post","type-post","status-publish","format-standard","has-post-thumbnail","hentry","category-conversaciones-de-entre-casa","category-destacado","category-barra","tag-arte-pamplones","tag-conversaciones-de-entre-casa","tag-la-horca"],"_links":{"self":[{"href":"https:\/\/contraluzcucuta.co\/index.php?rest_route=\/wp\/v2\/posts\/43364","targetHints":{"allow":["GET"]}}],"collection":[{"href":"https:\/\/contraluzcucuta.co\/index.php?rest_route=\/wp\/v2\/posts"}],"about":[{"href":"https:\/\/contraluzcucuta.co\/index.php?rest_route=\/wp\/v2\/types\/post"}],"author":[{"embeddable":true,"href":"https:\/\/contraluzcucuta.co\/index.php?rest_route=\/wp\/v2\/users\/1"}],"replies":[{"embeddable":true,"href":"https:\/\/contraluzcucuta.co\/index.php?rest_route=%2Fwp%2Fv2%2Fcomments&post=43364"}],"version-history":[{"count":1,"href":"https:\/\/contraluzcucuta.co\/index.php?rest_route=\/wp\/v2\/posts\/43364\/revisions"}],"predecessor-version":[{"id":43369,"href":"https:\/\/contraluzcucuta.co\/index.php?rest_route=\/wp\/v2\/posts\/43364\/revisions\/43369"}],"wp:featuredmedia":[{"embeddable":true,"href":"https:\/\/contraluzcucuta.co\/index.php?rest_route=\/wp\/v2\/media\/43365"}],"wp:attachment":[{"href":"https:\/\/contraluzcucuta.co\/index.php?rest_route=%2Fwp%2Fv2%2Fmedia&parent=43364"}],"wp:term":[{"taxonomy":"category","embeddable":true,"href":"https:\/\/contraluzcucuta.co\/index.php?rest_route=%2Fwp%2Fv2%2Fcategories&post=43364"},{"taxonomy":"post_tag","embeddable":true,"href":"https:\/\/contraluzcucuta.co\/index.php?rest_route=%2Fwp%2Fv2%2Ftags&post=43364"}],"curies":[{"name":"wp","href":"https:\/\/api.w.org\/{rel}","templated":true}]}}