{"id":43360,"date":"2024-09-10T13:56:24","date_gmt":"2024-09-10T18:56:24","guid":{"rendered":"https:\/\/contraluzcucuta.co\/?p=43360"},"modified":"2024-09-10T13:56:24","modified_gmt":"2024-09-10T18:56:24","slug":"cucuta-cuenta-covid-el-perro-callejero-y-el-canal-de-la-casa-los-ganadores","status":"publish","type":"post","link":"https:\/\/contraluzcucuta.co\/?p=43360","title":{"rendered":"C\u00daCUTA CUENTA. Covid, el perro callejero y El canal de la casa, los ganadores \u00a0"},"content":{"rendered":"<p style=\"padding-left: 40px; text-align: right;\"><strong><span style=\"color: #ff9900;\">C\u00daCUTA.- 663 historias cargadas de imaginaci\u00f3n y talento de ni\u00f1os y adolescentes de C\u00facuta se recibieron en la sexta edici\u00f3n del Concurso de Cuento \u2018C\u00facuta Cuenta: Relatos de Mi Calle\u2019. El certamen destac\u00f3 por el reconocimiento especial que los j\u00f3venes hicieron del entorno cotidiano en los relatos.<\/span><\/strong><\/p>\n<p><a href=\"https:\/\/contraluzcucuta.co\/wp-content\/uploads\/2024\/09\/CUCUTA-CUENTA-1.jpeg\"><img loading=\"lazy\" decoding=\"async\" class=\"alignnone  wp-image-43362 alignleft\" src=\"https:\/\/contraluzcucuta.co\/wp-content\/uploads\/2024\/09\/CUCUTA-CUENTA-1-300x225.jpeg\" alt=\"\" width=\"245\" height=\"184\" srcset=\"https:\/\/contraluzcucuta.co\/wp-content\/uploads\/2024\/09\/CUCUTA-CUENTA-1-300x225.jpeg 300w, https:\/\/contraluzcucuta.co\/wp-content\/uploads\/2024\/09\/CUCUTA-CUENTA-1-600x450.jpeg 600w, https:\/\/contraluzcucuta.co\/wp-content\/uploads\/2024\/09\/CUCUTA-CUENTA-1-1024x768.jpeg 1024w, https:\/\/contraluzcucuta.co\/wp-content\/uploads\/2024\/09\/CUCUTA-CUENTA-1-768x576.jpeg 768w, https:\/\/contraluzcucuta.co\/wp-content\/uploads\/2024\/09\/CUCUTA-CUENTA-1-1536x1152.jpeg 1536w, https:\/\/contraluzcucuta.co\/wp-content\/uploads\/2024\/09\/CUCUTA-CUENTA-1.jpeg 1600w\" sizes=\"auto, (max-width: 245px) 100vw, 245px\" \/><\/a><\/p>\n<p>El objetivo es formar a los escritores del futuro. Cont\u00f3 con apoyo de la secretar\u00eda de Cultura y Turismo, para fomentar la cultura y las artes entre las nuevas generaciones. La jornada es promovida por la Red Municipal de Lectura y Escritura de C\u00facuta,<\/p>\n<p>El secretario Nadim Bayona subray\u00f3 la relevancia del concurso para el talento local. \u201cCada historia es reflejo de la creatividad y la dedicaci\u00f3n de los j\u00f3venes, que son motivo de orgullo para nuestra ciudad\u201d.<\/p>\n<p>Entre los ganadores destac\u00f3 Janner Ferney Pab\u00f3n Vera, de 11 a\u00f1os, quien obtuvo el primer lugar en la categor\u00eda infantil por el cuento \u2018Covid, el perro callejero\u2019. En la categor\u00eda juvenil, Rocimar de la Paz Zambrano, de 16 a\u00f1os, se alz\u00f3 con el primer lugar con el relato \u2018El canal de la casa\u2019.<\/p>\n<p>El jurado calificador otorg\u00f3 menciones especiales a los relatos \u2018Historia de mi barrio\u2019, de Karol Valentina Usc\u00e1tegui, y \u2018La invasi\u00f3n en la biblioteca\u2019, de Josu\u00e9 David Torres Duarte.<\/p>\n<p>El concurso se consolida como plataforma fundamental para la promoci\u00f3n de la lectura y la escritura en la ciudad al involucrar a las nuevas generaciones y proyectar a C\u00facuta como ciudad de excelencia literaria.<\/p>\n","protected":false},"excerpt":{"rendered":"<p>C\u00daCUTA.- 663 historias cargadas de imaginaci\u00f3n y talento de ni\u00f1os y adolescentes de C\u00facuta se recibieron en la sexta edici\u00f3n del Concurso de Cuento \u2018C\u00facuta Cuenta: Relatos de Mi Calle\u2019. El certamen destac\u00f3 por el reconocimiento especial que los j\u00f3venes hicieron del entorno cotidiano en los relatos. El objetivo es formar a los escritores del &hellip;<\/p>\n","protected":false},"author":1,"featured_media":43361,"comment_status":"open","ping_status":"open","sticky":false,"template":"","format":"standard","meta":{"footnotes":""},"categories":[4,37],"tags":[6114,6685,603],"class_list":["post-43360","post","type-post","status-publish","format-standard","has-post-thumbnail","hentry","category-barra","category-paseo-cultural","tag-cucuta-cuenta","tag-red-municipal-de-lectura-y-escritura","tag-secretaria-de-cultura-de-cucuta"],"_links":{"self":[{"href":"https:\/\/contraluzcucuta.co\/index.php?rest_route=\/wp\/v2\/posts\/43360","targetHints":{"allow":["GET"]}}],"collection":[{"href":"https:\/\/contraluzcucuta.co\/index.php?rest_route=\/wp\/v2\/posts"}],"about":[{"href":"https:\/\/contraluzcucuta.co\/index.php?rest_route=\/wp\/v2\/types\/post"}],"author":[{"embeddable":true,"href":"https:\/\/contraluzcucuta.co\/index.php?rest_route=\/wp\/v2\/users\/1"}],"replies":[{"embeddable":true,"href":"https:\/\/contraluzcucuta.co\/index.php?rest_route=%2Fwp%2Fv2%2Fcomments&post=43360"}],"version-history":[{"count":1,"href":"https:\/\/contraluzcucuta.co\/index.php?rest_route=\/wp\/v2\/posts\/43360\/revisions"}],"predecessor-version":[{"id":43363,"href":"https:\/\/contraluzcucuta.co\/index.php?rest_route=\/wp\/v2\/posts\/43360\/revisions\/43363"}],"wp:featuredmedia":[{"embeddable":true,"href":"https:\/\/contraluzcucuta.co\/index.php?rest_route=\/wp\/v2\/media\/43361"}],"wp:attachment":[{"href":"https:\/\/contraluzcucuta.co\/index.php?rest_route=%2Fwp%2Fv2%2Fmedia&parent=43360"}],"wp:term":[{"taxonomy":"category","embeddable":true,"href":"https:\/\/contraluzcucuta.co\/index.php?rest_route=%2Fwp%2Fv2%2Fcategories&post=43360"},{"taxonomy":"post_tag","embeddable":true,"href":"https:\/\/contraluzcucuta.co\/index.php?rest_route=%2Fwp%2Fv2%2Ftags&post=43360"}],"curies":[{"name":"wp","href":"https:\/\/api.w.org\/{rel}","templated":true}]}}