{"id":43311,"date":"2024-09-07T17:54:11","date_gmt":"2024-09-07T22:54:11","guid":{"rendered":"https:\/\/contraluzcucuta.co\/?p=43311"},"modified":"2024-09-07T17:54:11","modified_gmt":"2024-09-07T22:54:11","slug":"mister-mundo-colombia-tecnico-en-maquinaria-pesada-busca-titulo-para-norte-de-santander","status":"publish","type":"post","link":"https:\/\/contraluzcucuta.co\/?p=43311","title":{"rendered":"M\u00cdSTER MUNDO COLOMBIA. T\u00e9cnico en maquinaria pesada busca t\u00edtulo para Norte de Santander"},"content":{"rendered":"<p style=\"padding-left: 40px; text-align: right;\"><strong><span style=\"color: #ff9900;\">C\u00daCUTA.- Norte de Santander busca de nuevo el t\u00edtulo de M\u00edster Mundo Colombia y en esta ocasi\u00f3n tiene como carta a Brayan Campuzano. Este joven de 19 a\u00f1os, t\u00e9cnico en maquinaria pesada y futuro abogado viaja con el deseo de conseguir el cetro para el departamento, como ha ocurrido en anteriores ediciones del concurso.<\/span><\/strong><\/p>\n<p><a href=\"https:\/\/contraluzcucuta.co\/wp-content\/uploads\/2024\/09\/BRAYAN-CAMPUZANO-4-scaled.jpeg\"><img loading=\"lazy\" decoding=\"async\" class=\"alignnone  wp-image-43315 alignleft\" src=\"https:\/\/contraluzcucuta.co\/wp-content\/uploads\/2024\/09\/BRAYAN-CAMPUZANO-4-225x300.jpeg\" alt=\"\" width=\"204\" height=\"272\" srcset=\"https:\/\/contraluzcucuta.co\/wp-content\/uploads\/2024\/09\/BRAYAN-CAMPUZANO-4-225x300.jpeg 225w, https:\/\/contraluzcucuta.co\/wp-content\/uploads\/2024\/09\/BRAYAN-CAMPUZANO-4-600x800.jpeg 600w, https:\/\/contraluzcucuta.co\/wp-content\/uploads\/2024\/09\/BRAYAN-CAMPUZANO-4-768x1024.jpeg 768w, https:\/\/contraluzcucuta.co\/wp-content\/uploads\/2024\/09\/BRAYAN-CAMPUZANO-4-1152x1536.jpeg 1152w, https:\/\/contraluzcucuta.co\/wp-content\/uploads\/2024\/09\/BRAYAN-CAMPUZANO-4-1536x2048.jpeg 1536w, https:\/\/contraluzcucuta.co\/wp-content\/uploads\/2024\/09\/BRAYAN-CAMPUZANO-4-scaled.jpeg 1920w\" sizes=\"auto, (max-width: 204px) 100vw, 204px\" \/><\/a><\/p>\n<p>El sue\u00f1o con el que parte es grande, por el tama\u00f1o que imagina del certamen y porque en ning\u00fan momento hab\u00eda imaginado estar en esta condici\u00f3n, con la cinta de candidato al cuello y con la ilusi\u00f3n de salir adelante en cada prueba que afrontar\u00e1.<\/p>\n<p>Para asumir el reto se ha preparado en la Academia Class Fashion Models y ha estudiado oratoria, etiqueta, pasarela, baile y teatro. Ese aprendizaje lo hace mirar con optimismo hacia Ibagu\u00e9, donde el 13 de septiembre comenzar\u00e1 la carrera por el t\u00edtulo que han buscado 11 nortesantandereanos.<\/p>\n<ul>\n<li><em>Estoy dedicado al deporte. Me gustan el voleibol, el baloncesto, el f\u00fatbol. Entreno calistenia en el gimnasio.<\/em><\/li>\n<\/ul>\n<p>Y es que tiene estatura para practicar cualquier disciplina. Mide 195 cent\u00edmetros. Es nacido en Barrancabermeja (Santander) y desde ni\u00f1o reside en C\u00facuta, en el barrio Alfonso L\u00f3pez.<\/p>\n<p>La llegada al mundo del modelaje fue una casualidad. Un amigo de trabajo le habl\u00f3 de la Agencia. Lo escuch\u00f3 y se acerc\u00f3 al director John Franco. De inmediato clasific\u00f3 por la talla, el cabello peinado estilo afro y por el color de la piel medio morena. Hoy, considera que de lo mejor que ha hecho en las casi dos d\u00e9cadas de vida ha sido acercarse a Class Fashion.<\/p>\n<ul>\n<li><em>En el concurso demostrar\u00e9 que los nortesantandereanos podemos y somos capaces de hacer lo que nos proponemos. Esa pasi\u00f3n de levantarse cada d\u00eda para ser mejor que ayer es algo que admiro mucho.<\/em><\/li>\n<\/ul>\n<p><a href=\"https:\/\/contraluzcucuta.co\/wp-content\/uploads\/2024\/09\/BRAYAN-CAMPUZANO-7-scaled.jpeg\"><img loading=\"lazy\" decoding=\"async\" class=\"alignnone  wp-image-43318 alignleft\" src=\"https:\/\/contraluzcucuta.co\/wp-content\/uploads\/2024\/09\/BRAYAN-CAMPUZANO-7-225x300.jpeg\" alt=\"\" width=\"209\" height=\"279\" srcset=\"https:\/\/contraluzcucuta.co\/wp-content\/uploads\/2024\/09\/BRAYAN-CAMPUZANO-7-225x300.jpeg 225w, https:\/\/contraluzcucuta.co\/wp-content\/uploads\/2024\/09\/BRAYAN-CAMPUZANO-7-600x800.jpeg 600w, https:\/\/contraluzcucuta.co\/wp-content\/uploads\/2024\/09\/BRAYAN-CAMPUZANO-7-768x1024.jpeg 768w, https:\/\/contraluzcucuta.co\/wp-content\/uploads\/2024\/09\/BRAYAN-CAMPUZANO-7-1152x1536.jpeg 1152w, https:\/\/contraluzcucuta.co\/wp-content\/uploads\/2024\/09\/BRAYAN-CAMPUZANO-7-1536x2048.jpeg 1536w, https:\/\/contraluzcucuta.co\/wp-content\/uploads\/2024\/09\/BRAYAN-CAMPUZANO-7-scaled.jpeg 1920w\" sizes=\"auto, (max-width: 209px) 100vw, 209px\" \/><\/a><\/p>\n<p>Convertirse en M\u00edster Colombia ser\u00eda un orgullo personal y una demostraci\u00f3n de superaci\u00f3n, por las vicisitudes afrontadas en la ni\u00f1ez. Al hacer memoria de ese pasado, le pide a los j\u00f3venes a luchar, no rendirse ante las adversidades y surgir de entre las dificultades al aprovechar las oportunidades que el tiempo les ofrecer\u00e1.<\/p>\n<p>Echa una mirada al entorno y encuentra muchachos perdidos en las calles o consumidos por el tel\u00e9fono celular. Los ve sin contar con amistades sanas, sin saber de d\u00f3nde vienen y cu\u00e1l ser\u00e1 el futuro. Ante esta radiograf\u00eda social, propone impulsar el deporte y la cultura para rescatar a la juventud y darle el valor que merece.<\/p>\n<p>Le gustar\u00eda hablar con los 11 antecesores representantes de Norte de Santander para abrir camino y emprender la tarea de trabajar por los j\u00f3venes en los barrios perif\u00e9ricos.<\/p>\n<ul>\n<li><em>La injusticia me parece desagradable. Amo la justicia. Pienso estudiar derecho.<\/em><\/li>\n<\/ul>\n<p><strong>RAFAEL ANTONIO PAB\u00d3N<\/strong><\/p>\n<p><a href=\"mailto:rafaelpabon58@hotmail.com\"><strong>rafaelpabon58@hotmail.com<\/strong><\/a><\/p>\n","protected":false},"excerpt":{"rendered":"<p>C\u00daCUTA.- Norte de Santander busca de nuevo el t\u00edtulo de M\u00edster Mundo Colombia y en esta ocasi\u00f3n tiene como carta a Brayan Campuzano. Este joven de 19 a\u00f1os, t\u00e9cnico en maquinaria pesada y futuro abogado viaja con el deseo de conseguir el cetro para el departamento, como ha ocurrido en anteriores ediciones del concurso. El &hellip;<\/p>\n","protected":false},"author":1,"featured_media":43314,"comment_status":"open","ping_status":"open","sticky":false,"template":"","format":"standard","meta":{"footnotes":""},"categories":[45,4],"tags":[6418,5736],"class_list":["post-43311","post","type-post","status-publish","format-standard","has-post-thumbnail","hentry","category-destacado","category-barra","tag-class-fashion-models","tag-mister-mundo-colombia"],"_links":{"self":[{"href":"https:\/\/contraluzcucuta.co\/index.php?rest_route=\/wp\/v2\/posts\/43311","targetHints":{"allow":["GET"]}}],"collection":[{"href":"https:\/\/contraluzcucuta.co\/index.php?rest_route=\/wp\/v2\/posts"}],"about":[{"href":"https:\/\/contraluzcucuta.co\/index.php?rest_route=\/wp\/v2\/types\/post"}],"author":[{"embeddable":true,"href":"https:\/\/contraluzcucuta.co\/index.php?rest_route=\/wp\/v2\/users\/1"}],"replies":[{"embeddable":true,"href":"https:\/\/contraluzcucuta.co\/index.php?rest_route=%2Fwp%2Fv2%2Fcomments&post=43311"}],"version-history":[{"count":1,"href":"https:\/\/contraluzcucuta.co\/index.php?rest_route=\/wp\/v2\/posts\/43311\/revisions"}],"predecessor-version":[{"id":43320,"href":"https:\/\/contraluzcucuta.co\/index.php?rest_route=\/wp\/v2\/posts\/43311\/revisions\/43320"}],"wp:featuredmedia":[{"embeddable":true,"href":"https:\/\/contraluzcucuta.co\/index.php?rest_route=\/wp\/v2\/media\/43314"}],"wp:attachment":[{"href":"https:\/\/contraluzcucuta.co\/index.php?rest_route=%2Fwp%2Fv2%2Fmedia&parent=43311"}],"wp:term":[{"taxonomy":"category","embeddable":true,"href":"https:\/\/contraluzcucuta.co\/index.php?rest_route=%2Fwp%2Fv2%2Fcategories&post=43311"},{"taxonomy":"post_tag","embeddable":true,"href":"https:\/\/contraluzcucuta.co\/index.php?rest_route=%2Fwp%2Fv2%2Ftags&post=43311"}],"curies":[{"name":"wp","href":"https:\/\/api.w.org\/{rel}","templated":true}]}}