{"id":43306,"date":"2024-09-07T17:45:32","date_gmt":"2024-09-07T22:45:32","guid":{"rendered":"https:\/\/contraluzcucuta.co\/?p=43306"},"modified":"2024-09-07T19:42:40","modified_gmt":"2024-09-08T00:42:40","slug":"la-bagatela-no-se-puede-seguir-degradando-el-ejercicio-informativo-ciceron-florez","status":"publish","type":"post","link":"https:\/\/contraluzcucuta.co\/?p=43306","title":{"rendered":"LA BAGATELA. No se puede seguir degradando el ejercicio informativo, Cicer\u00f3n Fl\u00f3rez"},"content":{"rendered":"<p style=\"padding-left: 40px; text-align: right;\"><strong><span style=\"color: #ff9900;\">C\u00daCUTA.- \u201cNo se puede seguir degradando el ejercicio informativo\u201d, dijo Cicer\u00f3n Fl\u00f3rez en la entrega del premio nacional de periodismo La Bagatela. En el acto, cumplido en la Biblioteca P\u00fablica, se reconoci\u00f3 la vida y obra de tres periodistas y se dieron a conocer los ganadores en las diferentes categor\u00edas.<\/span><\/strong><\/p>\n<p>&nbsp;<\/p>\n<p><a href=\"https:\/\/contraluzcucuta.co\/wp-content\/uploads\/2024\/09\/PREMIO-LA-BAGATELA-5.jpeg\"><img loading=\"lazy\" decoding=\"async\" class=\" wp-image-43307 alignleft\" src=\"https:\/\/contraluzcucuta.co\/wp-content\/uploads\/2024\/09\/PREMIO-LA-BAGATELA-5-300x169.jpeg\" alt=\"\" width=\"249\" height=\"140\" srcset=\"https:\/\/contraluzcucuta.co\/wp-content\/uploads\/2024\/09\/PREMIO-LA-BAGATELA-5-300x169.jpeg 300w, https:\/\/contraluzcucuta.co\/wp-content\/uploads\/2024\/09\/PREMIO-LA-BAGATELA-5-600x338.jpeg 600w, https:\/\/contraluzcucuta.co\/wp-content\/uploads\/2024\/09\/PREMIO-LA-BAGATELA-5-1024x576.jpeg 1024w, https:\/\/contraluzcucuta.co\/wp-content\/uploads\/2024\/09\/PREMIO-LA-BAGATELA-5-768x432.jpeg 768w, https:\/\/contraluzcucuta.co\/wp-content\/uploads\/2024\/09\/PREMIO-LA-BAGATELA-5-1536x864.jpeg 1536w, https:\/\/contraluzcucuta.co\/wp-content\/uploads\/2024\/09\/PREMIO-LA-BAGATELA-5.jpeg 1600w\" sizes=\"auto, (max-width: 249px) 100vw, 249px\" \/><\/a><\/p>\n<p>El premio, seg\u00fan Fl\u00f3rez Moya, est\u00e1 destinado a reconocer la calidad del trabajo que cumplen los periodistas colombianos en radio, prensa, televisi\u00f3n y cine. Tambi\u00e9n, se distingue a la mejor tesis de grado de los estudiantes de Comunicaci\u00f3n Social.<\/p>\n<p>\u201cEl premio est\u00e1 pensado como est\u00edmulo a quienes dedican su talento, sus conocimientos y su responsabilidad para poner los hechos de cada d\u00eda al alcance de todos\u201d, afirm\u00f3 el ex subdirector de La Opini\u00f3n. Destac\u00f3 que debe hacer con el rigor que exige esta funci\u00f3n.<\/p>\n<p>En el mensaje a ganadores y asistentes, Cicer\u00f3n Fl\u00f3rez se\u00f1al\u00f3 que \u201cse trata de que el periodismo est\u00e9 articulado al inter\u00e9s p\u00fablico y no se convierta en una pesca en r\u00edo revuelto. La afectaci\u00f3n de la credibilidad de los medios es una campanada de tener en cuenta. No se puede seguir degradando el ejercicio informativo con la distorsi\u00f3n que avalan los c\u00edrculos excluyentes amarrados a los dogmas de la estigmatizaci\u00f3n y del enga\u00f1o\u201d.<\/p>\n<p>La estatuilla Eustorgio Colmenares Baptista para reconocer la vida y obra de un periodista fue entrega a Jos\u00e9 Eustorgio Colmenares y Estefan\u00eda Colmenares, ex directores de La Opini\u00f3n, y a Rodrigo V\u00e1squez Valencia, gerente y narrador deportivo de RCN radio, en C\u00facuta.<\/p>\n<p>\u201cQue este nuevo cap\u00edtulo de La Bagatela sea un paso m\u00e1s en el camino que hemos decidido hacer en el periodismo de la perspectiva del inter\u00e9s com\u00fan\u201d, remat\u00f3 Cicer\u00f3n Fl\u00f3rez.<\/p>\n<p><strong>Ganadores:<\/strong><\/p>\n<p>Prensa: \u00c1ngel Alberto Casta\u00f1o Guzm\u00e1n<\/p>\n<p>Radio: Ren\u00e1n Fontalvo Donado<\/p>\n<p>Televisi\u00f3n: Stephanie Bates y Andr\u00e9s PosseD\u00edaz<\/p>\n<p>Medios digitales: Gerson Correa, Laura Camila Rojas, Karina Judex y Marina Ram\u00edrez<\/p>\n<p>Caricatura: Deivi Safadi Pupo<\/p>\n<p>Tesis de Grado: Melitza Garc\u00eda Castellanos<\/p>\n","protected":false},"excerpt":{"rendered":"<p>C\u00daCUTA.- \u201cNo se puede seguir degradando el ejercicio informativo\u201d, dijo Cicer\u00f3n Fl\u00f3rez en la entrega del premio nacional de periodismo La Bagatela. En el acto, cumplido en la Biblioteca P\u00fablica, se reconoci\u00f3 la vida y obra de tres periodistas y se dieron a conocer los ganadores en las diferentes categor\u00edas. &nbsp; El premio, seg\u00fan Fl\u00f3rez &hellip;<\/p>\n","protected":false},"author":1,"featured_media":43308,"comment_status":"open","ping_status":"open","sticky":false,"template":"","format":"standard","meta":{"footnotes":""},"categories":[4,37],"tags":[6679,6678,6677,6680],"class_list":["post-43306","post","type-post","status-publish","format-standard","has-post-thumbnail","hentry","category-barra","category-paseo-cultural","tag-estefania-colmenares","tag-jose-eustorgio-colmenares","tag-premio-nacional-de-periodismo-la-bagatela","tag-rodrigo-vasquez-valencia"],"_links":{"self":[{"href":"https:\/\/contraluzcucuta.co\/index.php?rest_route=\/wp\/v2\/posts\/43306","targetHints":{"allow":["GET"]}}],"collection":[{"href":"https:\/\/contraluzcucuta.co\/index.php?rest_route=\/wp\/v2\/posts"}],"about":[{"href":"https:\/\/contraluzcucuta.co\/index.php?rest_route=\/wp\/v2\/types\/post"}],"author":[{"embeddable":true,"href":"https:\/\/contraluzcucuta.co\/index.php?rest_route=\/wp\/v2\/users\/1"}],"replies":[{"embeddable":true,"href":"https:\/\/contraluzcucuta.co\/index.php?rest_route=%2Fwp%2Fv2%2Fcomments&post=43306"}],"version-history":[{"count":3,"href":"https:\/\/contraluzcucuta.co\/index.php?rest_route=\/wp\/v2\/posts\/43306\/revisions"}],"predecessor-version":[{"id":43338,"href":"https:\/\/contraluzcucuta.co\/index.php?rest_route=\/wp\/v2\/posts\/43306\/revisions\/43338"}],"wp:featuredmedia":[{"embeddable":true,"href":"https:\/\/contraluzcucuta.co\/index.php?rest_route=\/wp\/v2\/media\/43308"}],"wp:attachment":[{"href":"https:\/\/contraluzcucuta.co\/index.php?rest_route=%2Fwp%2Fv2%2Fmedia&parent=43306"}],"wp:term":[{"taxonomy":"category","embeddable":true,"href":"https:\/\/contraluzcucuta.co\/index.php?rest_route=%2Fwp%2Fv2%2Fcategories&post=43306"},{"taxonomy":"post_tag","embeddable":true,"href":"https:\/\/contraluzcucuta.co\/index.php?rest_route=%2Fwp%2Fv2%2Ftags&post=43306"}],"curies":[{"name":"wp","href":"https:\/\/api.w.org\/{rel}","templated":true}]}}