{"id":43302,"date":"2024-09-05T19:28:09","date_gmt":"2024-09-06T00:28:09","guid":{"rendered":"https:\/\/contraluzcucuta.co\/?p=43302"},"modified":"2024-09-05T19:28:09","modified_gmt":"2024-09-06T00:28:09","slug":"comunidades-con-bienestar-atendidos-mas-de-200-habitantes-del-barrio-cucuta-75","status":"publish","type":"post","link":"https:\/\/contraluzcucuta.co\/?p=43302","title":{"rendered":"COMUNIDADES CON BIENESTAR. Atendidos m\u00e1s de 200 habitantes del barrio C\u00facuta 75"},"content":{"rendered":"<p><a href=\"https:\/\/contraluzcucuta.co\/wp-content\/uploads\/2024\/09\/BARRIO-CUCUTA-75-1.jpeg\"><img loading=\"lazy\" decoding=\"async\" class=\"alignnone  wp-image-43304 alignleft\" src=\"https:\/\/contraluzcucuta.co\/wp-content\/uploads\/2024\/09\/BARRIO-CUCUTA-75-1-300x225.jpeg\" alt=\"\" width=\"247\" height=\"185\" srcset=\"https:\/\/contraluzcucuta.co\/wp-content\/uploads\/2024\/09\/BARRIO-CUCUTA-75-1-300x225.jpeg 300w, https:\/\/contraluzcucuta.co\/wp-content\/uploads\/2024\/09\/BARRIO-CUCUTA-75-1-600x450.jpeg 600w, https:\/\/contraluzcucuta.co\/wp-content\/uploads\/2024\/09\/BARRIO-CUCUTA-75-1-1024x768.jpeg 1024w, https:\/\/contraluzcucuta.co\/wp-content\/uploads\/2024\/09\/BARRIO-CUCUTA-75-1-768x576.jpeg 768w, https:\/\/contraluzcucuta.co\/wp-content\/uploads\/2024\/09\/BARRIO-CUCUTA-75-1-1536x1152.jpeg 1536w, https:\/\/contraluzcucuta.co\/wp-content\/uploads\/2024\/09\/BARRIO-CUCUTA-75-1.jpeg 1600w\" sizes=\"auto, (max-width: 247px) 100vw, 247px\" \/><\/a><\/p>\n<p><strong><span style=\"color: #ff9900;\">C\u00daCUTA.- La estrategia Comunidades con Bienestar lleg\u00f3 al barrio C\u00facuta 75, benefici\u00f3 a m\u00e1s de 200 habitantes y brind\u00f3 atenci\u00f3n oportuna con los programas sociales liderados desde la administraci\u00f3n municipal.<\/span><\/strong><\/p>\n<p>Las poblaciones vulnerables recibieron orientaci\u00f3n acerca de asociaciones y el programa de Prosperidad Social, Colombia Mayor. \u00a0Al espacio de atenci\u00f3n se vincularon el Sisb\u00e9n, la Secretar\u00eda de Salud, con los servicios de quejas y afiliaci\u00f3n; la ESE IMSALUD, la Agencia P\u00fablica de Empleo (APE) y el Centro Tecnol\u00f3gico de C\u00facuta.<\/p>\n<p>La Secretar\u00eda de Gobierno acompa\u00f1\u00f3 la jornada con el programa de seguridad ciudadana y la Personer\u00eda atendi\u00f3 a la poblaci\u00f3n v\u00edctima del conflicto.<\/p>\n<p>En cada jornada se atiende a ni\u00f1os, personas en condici\u00f3n de discapacidad y adultos mayores. Este 6 de septiembre, estar\u00e1 en el barrio Cundinamarca.<\/p>\n","protected":false},"excerpt":{"rendered":"<p>C\u00daCUTA.- La estrategia Comunidades con Bienestar lleg\u00f3 al barrio C\u00facuta 75, benefici\u00f3 a m\u00e1s de 200 habitantes y brind\u00f3 atenci\u00f3n oportuna con los programas sociales liderados desde la administraci\u00f3n municipal. Las poblaciones vulnerables recibieron orientaci\u00f3n acerca de asociaciones y el programa de Prosperidad Social, Colombia Mayor. \u00a0Al espacio de atenci\u00f3n se vincularon el Sisb\u00e9n, la &hellip;<\/p>\n","protected":false},"author":1,"featured_media":43303,"comment_status":"open","ping_status":"open","sticky":false,"template":"","format":"standard","meta":{"footnotes":""},"categories":[2625,4],"tags":[3815,5054,3129],"class_list":["post-43302","post","type-post","status-publish","format-standard","has-post-thumbnail","hentry","category-alcaldia-de-cucuta","category-barra","tag-ese-imsalud","tag-prosperidad-social","tag-sisben-cucuta"],"_links":{"self":[{"href":"https:\/\/contraluzcucuta.co\/index.php?rest_route=\/wp\/v2\/posts\/43302","targetHints":{"allow":["GET"]}}],"collection":[{"href":"https:\/\/contraluzcucuta.co\/index.php?rest_route=\/wp\/v2\/posts"}],"about":[{"href":"https:\/\/contraluzcucuta.co\/index.php?rest_route=\/wp\/v2\/types\/post"}],"author":[{"embeddable":true,"href":"https:\/\/contraluzcucuta.co\/index.php?rest_route=\/wp\/v2\/users\/1"}],"replies":[{"embeddable":true,"href":"https:\/\/contraluzcucuta.co\/index.php?rest_route=%2Fwp%2Fv2%2Fcomments&post=43302"}],"version-history":[{"count":1,"href":"https:\/\/contraluzcucuta.co\/index.php?rest_route=\/wp\/v2\/posts\/43302\/revisions"}],"predecessor-version":[{"id":43305,"href":"https:\/\/contraluzcucuta.co\/index.php?rest_route=\/wp\/v2\/posts\/43302\/revisions\/43305"}],"wp:featuredmedia":[{"embeddable":true,"href":"https:\/\/contraluzcucuta.co\/index.php?rest_route=\/wp\/v2\/media\/43303"}],"wp:attachment":[{"href":"https:\/\/contraluzcucuta.co\/index.php?rest_route=%2Fwp%2Fv2%2Fmedia&parent=43302"}],"wp:term":[{"taxonomy":"category","embeddable":true,"href":"https:\/\/contraluzcucuta.co\/index.php?rest_route=%2Fwp%2Fv2%2Fcategories&post=43302"},{"taxonomy":"post_tag","embeddable":true,"href":"https:\/\/contraluzcucuta.co\/index.php?rest_route=%2Fwp%2Fv2%2Ftags&post=43302"}],"curies":[{"name":"wp","href":"https:\/\/api.w.org\/{rel}","templated":true}]}}