{"id":43298,"date":"2024-09-05T16:23:01","date_gmt":"2024-09-05T21:23:01","guid":{"rendered":"https:\/\/contraluzcucuta.co\/?p=43298"},"modified":"2024-09-05T16:23:01","modified_gmt":"2024-09-05T21:23:01","slug":"en-manos-de-coganor-cucuta-tendra-centro-de-subastas-pecuarias","status":"publish","type":"post","link":"https:\/\/contraluzcucuta.co\/?p=43298","title":{"rendered":"EN MANOS DE COGANOR. C\u00facuta tendr\u00e1 Centro de Subastas Pecuarias"},"content":{"rendered":"<p style=\"padding-left: 40px; text-align: right;\"><strong><span style=\"color: #ff9900;\">C\u00daCUTA.- Infraestructura y materiales de la antigua Plaza de Ferias Mariano Ospina P\u00e9rez ser\u00e1n reutilizados en el Centro de Subastas Pecuarias, proyecto clave para fortalecer esta actividad econ\u00f3mica en el departamento. La Secretar\u00eda de Desarrollo Econ\u00f3mico y Productividad entreg\u00f3 la estructura al Comit\u00e9 de Ganaderos de Norte de Santander (Coganor).<\/span><\/strong><\/p>\n<figure id=\"attachment_43300\" aria-describedby=\"caption-attachment-43300\" style=\"width: 249px\" class=\"wp-caption alignleft\"><a href=\"https:\/\/contraluzcucuta.co\/wp-content\/uploads\/2024\/09\/PLAZA-DE-FERIAS-3.jpeg\"><img loading=\"lazy\" decoding=\"async\" class=\" wp-image-43300\" src=\"https:\/\/contraluzcucuta.co\/wp-content\/uploads\/2024\/09\/PLAZA-DE-FERIAS-3-300x225.jpeg\" alt=\"\" width=\"249\" height=\"187\" srcset=\"https:\/\/contraluzcucuta.co\/wp-content\/uploads\/2024\/09\/PLAZA-DE-FERIAS-3-300x225.jpeg 300w, https:\/\/contraluzcucuta.co\/wp-content\/uploads\/2024\/09\/PLAZA-DE-FERIAS-3-600x450.jpeg 600w, https:\/\/contraluzcucuta.co\/wp-content\/uploads\/2024\/09\/PLAZA-DE-FERIAS-3-1024x768.jpeg 1024w, https:\/\/contraluzcucuta.co\/wp-content\/uploads\/2024\/09\/PLAZA-DE-FERIAS-3-768x576.jpeg 768w, https:\/\/contraluzcucuta.co\/wp-content\/uploads\/2024\/09\/PLAZA-DE-FERIAS-3-1536x1152.jpeg 1536w, https:\/\/contraluzcucuta.co\/wp-content\/uploads\/2024\/09\/PLAZA-DE-FERIAS-3.jpeg 1600w\" sizes=\"auto, (max-width: 249px) 100vw, 249px\" \/><\/a><figcaption id=\"caption-attachment-43300\" class=\"wp-caption-text\"><em>Fotos: contraluzcucuta<\/em><\/figcaption><\/figure>\n<p>Durante el recorrido por la zona, representantes de Coganor y del gobierno departamental inspeccionaron la infraestructura disponible. \u201cEstamos comprometidos con brindar soluciones a los sectores productivos de Norte de Santander. Por eso estamos dando un paso importante para apoyar el crecimiento del sector pecuario\u201d, dijo el secretario de Desarrollo Econ\u00f3mico, Olger L\u00f3pez.<\/p>\n<p>El Centro de Subastas Pecuarias reactivar\u00e1 las tradicionales ventas de ganado en la regi\u00f3n. Abarcar\u00e1 ovinos, porcinos, caprinos y equinos, lo que generar\u00e1 un impulso significativo a la econom\u00eda local.<\/p>\n<p>La infraestructura reutilizada de la antigua Plaza de Ferias, que incluye tuber\u00edas y otros elementos, ser\u00e1 fundamental para la construcci\u00f3n del nuevo espacio, sum\u00e1ndose a los recursos financieros destinados para la ejecuci\u00f3n de la obra.<\/p>\n<p>Paralelamente, la antigua Plaza de Ferias se encuentra en proceso de transformaci\u00f3n para convertirse en el primer Centro de Eventos, Exposiciones e Innovaci\u00f3n (CEEI) de Norte de Santander. Incluir\u00e1 auditorios, \u00e1reas de <em>coworking<\/em> y tecnolog\u00eda de punta, proyect\u00e1ndose como motor de desarrollo.<\/p>\n<p>La Gobernaci\u00f3n de Norte de Santander reafirma el compromiso de fortalecer el sector pecuario e impulsar el tejido empresarial, mediante la promoci\u00f3n de iniciativas que generen impacto positivo y sostenible en el departamento.<\/p>\n<p><strong>Isabel Obando \u2013 Gobernaci\u00f3n de Norte de Santander<\/strong><\/p>\n","protected":false},"excerpt":{"rendered":"<p>C\u00daCUTA.- Infraestructura y materiales de la antigua Plaza de Ferias Mariano Ospina P\u00e9rez ser\u00e1n reutilizados en el Centro de Subastas Pecuarias, proyecto clave para fortalecer esta actividad econ\u00f3mica en el departamento. La Secretar\u00eda de Desarrollo Econ\u00f3mico y Productividad entreg\u00f3 la estructura al Comit\u00e9 de Ganaderos de Norte de Santander (Coganor). Durante el recorrido por la &hellip;<\/p>\n","protected":false},"author":1,"featured_media":43299,"comment_status":"open","ping_status":"open","sticky":false,"template":"","format":"standard","meta":{"footnotes":""},"categories":[4,6011],"tags":[4182,6675,3362,6676,2680,3925],"class_list":["post-43298","post","type-post","status-publish","format-standard","has-post-thumbnail","hentry","category-barra","category-gobernacion-de-norte-de-santander","tag-centro-de-eventos","tag-centro-de-subastas-pecuarias","tag-coganor","tag-exposiciones-e-innovacion","tag-plaza-de-ferias-mariano-ospina-perez","tag-secretaria-de-desarrollo-economico"],"_links":{"self":[{"href":"https:\/\/contraluzcucuta.co\/index.php?rest_route=\/wp\/v2\/posts\/43298","targetHints":{"allow":["GET"]}}],"collection":[{"href":"https:\/\/contraluzcucuta.co\/index.php?rest_route=\/wp\/v2\/posts"}],"about":[{"href":"https:\/\/contraluzcucuta.co\/index.php?rest_route=\/wp\/v2\/types\/post"}],"author":[{"embeddable":true,"href":"https:\/\/contraluzcucuta.co\/index.php?rest_route=\/wp\/v2\/users\/1"}],"replies":[{"embeddable":true,"href":"https:\/\/contraluzcucuta.co\/index.php?rest_route=%2Fwp%2Fv2%2Fcomments&post=43298"}],"version-history":[{"count":1,"href":"https:\/\/contraluzcucuta.co\/index.php?rest_route=\/wp\/v2\/posts\/43298\/revisions"}],"predecessor-version":[{"id":43301,"href":"https:\/\/contraluzcucuta.co\/index.php?rest_route=\/wp\/v2\/posts\/43298\/revisions\/43301"}],"wp:featuredmedia":[{"embeddable":true,"href":"https:\/\/contraluzcucuta.co\/index.php?rest_route=\/wp\/v2\/media\/43299"}],"wp:attachment":[{"href":"https:\/\/contraluzcucuta.co\/index.php?rest_route=%2Fwp%2Fv2%2Fmedia&parent=43298"}],"wp:term":[{"taxonomy":"category","embeddable":true,"href":"https:\/\/contraluzcucuta.co\/index.php?rest_route=%2Fwp%2Fv2%2Fcategories&post=43298"},{"taxonomy":"post_tag","embeddable":true,"href":"https:\/\/contraluzcucuta.co\/index.php?rest_route=%2Fwp%2Fv2%2Ftags&post=43298"}],"curies":[{"name":"wp","href":"https:\/\/api.w.org\/{rel}","templated":true}]}}