{"id":43294,"date":"2024-09-05T14:18:07","date_gmt":"2024-09-05T19:18:07","guid":{"rendered":"https:\/\/contraluzcucuta.co\/?p=43294"},"modified":"2024-09-05T14:18:07","modified_gmt":"2024-09-05T19:18:07","slug":"arn-en-la-fiesta-del-libro-el-acuerdo-de-paz-esta-vivo-de-eso-no-nos-queda-duda","status":"publish","type":"post","link":"https:\/\/contraluzcucuta.co\/?p=43294","title":{"rendered":"ARN EN LA FIESTA DEL LIBRO. El acuerdo de paz est\u00e1 vivo, de eso no nos queda duda"},"content":{"rendered":"<p style=\"padding-left: 40px; text-align: right;\"><strong><span style=\"color: #ff9900;\">C\u00daCUTA.- La Galer\u00eda de Paz muestra 12 fotograf\u00edas y 4 infograf\u00edas del proceso de Reincorporaci\u00f3n se expone en el Sal\u00f3n de la Memoria y la Verdad, en la Biblioteca P\u00fablica. Mediante narrativas de vida y memoria se busca generar un espacio de conciencia sobre el Acuerdo de Paz y el proceso de Reincorporaci\u00f3n en el pa\u00eds y el departamento.<\/span><\/strong><\/p>\n<p><a href=\"https:\/\/contraluzcucuta.co\/wp-content\/uploads\/2024\/09\/ARN-FIESTA-DEL-LIBRO-2.jpeg\"><img loading=\"lazy\" decoding=\"async\" class=\"alignnone  wp-image-43296 alignleft\" src=\"https:\/\/contraluzcucuta.co\/wp-content\/uploads\/2024\/09\/ARN-FIESTA-DEL-LIBRO-2-300x131.jpeg\" alt=\"\" width=\"247\" height=\"108\" srcset=\"https:\/\/contraluzcucuta.co\/wp-content\/uploads\/2024\/09\/ARN-FIESTA-DEL-LIBRO-2-300x131.jpeg 300w, https:\/\/contraluzcucuta.co\/wp-content\/uploads\/2024\/09\/ARN-FIESTA-DEL-LIBRO-2-600x262.jpeg 600w, https:\/\/contraluzcucuta.co\/wp-content\/uploads\/2024\/09\/ARN-FIESTA-DEL-LIBRO-2-1024x447.jpeg 1024w, https:\/\/contraluzcucuta.co\/wp-content\/uploads\/2024\/09\/ARN-FIESTA-DEL-LIBRO-2-768x335.jpeg 768w, https:\/\/contraluzcucuta.co\/wp-content\/uploads\/2024\/09\/ARN-FIESTA-DEL-LIBRO-2-1536x670.jpeg 1536w, https:\/\/contraluzcucuta.co\/wp-content\/uploads\/2024\/09\/ARN-FIESTA-DEL-LIBRO-2.jpeg 1600w\" sizes=\"auto, (max-width: 247px) 100vw, 247px\" \/><\/a><\/p>\n<p>Las fotos fueron tomadas en desarrollo de La Red de Paz del Catatumbo, impulsada por PASO Colombia de la mano de firmantes de paz, campesinos y otros actores estrat\u00e9gicos.<\/p>\n<p>La Agencia para la Reincorporaci\u00f3n y Normalizaci\u00f3n (ARN), entidad adscrita a la Presidencia de la Rep\u00fablica y perteneciente al Sector Paz, se sum\u00f3 a la Fiesta del Libro de C\u00facuta (FLIC \u2013 20 a\u00f1os) con la Galer\u00eda de Paz. Lorena Corvera, Coordinadora de la ARN en Norte de Santander, dijo que \u201cel acuerdo de paz est\u00e1 vivo, de eso no nos queda duda\u201d.<\/p>\n<p>Se\u00f1al\u00f3 que 8 a\u00f1os de implementaci\u00f3n han permitido reconocer que el camino iniciado no tiene vuelta atr\u00e1s. \u201cLa esperanza se mantiene a pesar de las fragilidades. Podemos afirmar que este acuerdo es integral y sostenible\u201d.<\/p>\n<p>En la Fiesta del Libro de C\u00facuta las mujeres firmantes de la Asociaci\u00f3n Puntadas por La Paz comercializar\u00e1n en un estand camisetas, pa\u00f1oletas, faldas y vestidos envolventes de la marca Ixora, dise\u00f1o lleno de amor y libre de guerra.<\/p>\n<p>\u2018Pedro\u2019, firmante de paz, presenta su historia en el libro \u2018Construimos Futuro Si Hay Reincorporaci\u00f3n\u00b4. Luego de 20 a\u00f1os de estar en el conflicto armado, volvi\u00f3 a su vereda con el deseo de aportarle a la comunidad.<\/p>\n<p><b>\u00a0<\/b><\/p>\n","protected":false},"excerpt":{"rendered":"<p>C\u00daCUTA.- La Galer\u00eda de Paz muestra 12 fotograf\u00edas y 4 infograf\u00edas del proceso de Reincorporaci\u00f3n se expone en el Sal\u00f3n de la Memoria y la Verdad, en la Biblioteca P\u00fablica. Mediante narrativas de vida y memoria se busca generar un espacio de conciencia sobre el Acuerdo de Paz y el proceso de Reincorporaci\u00f3n en el &hellip;<\/p>\n","protected":false},"author":1,"featured_media":43295,"comment_status":"open","ping_status":"open","sticky":false,"template":"","format":"standard","meta":{"footnotes":""},"categories":[4,5],"tags":[4989,4569,6674,6673],"class_list":["post-43294","post","type-post","status-publish","format-standard","has-post-thumbnail","hentry","category-barra","category-justicia-transicional","tag-agencia-para-la-reincorporacion-y-normalizacion","tag-arn","tag-paso-colombia","tag-red-de-paz-del-catatumbo"],"_links":{"self":[{"href":"https:\/\/contraluzcucuta.co\/index.php?rest_route=\/wp\/v2\/posts\/43294","targetHints":{"allow":["GET"]}}],"collection":[{"href":"https:\/\/contraluzcucuta.co\/index.php?rest_route=\/wp\/v2\/posts"}],"about":[{"href":"https:\/\/contraluzcucuta.co\/index.php?rest_route=\/wp\/v2\/types\/post"}],"author":[{"embeddable":true,"href":"https:\/\/contraluzcucuta.co\/index.php?rest_route=\/wp\/v2\/users\/1"}],"replies":[{"embeddable":true,"href":"https:\/\/contraluzcucuta.co\/index.php?rest_route=%2Fwp%2Fv2%2Fcomments&post=43294"}],"version-history":[{"count":1,"href":"https:\/\/contraluzcucuta.co\/index.php?rest_route=\/wp\/v2\/posts\/43294\/revisions"}],"predecessor-version":[{"id":43297,"href":"https:\/\/contraluzcucuta.co\/index.php?rest_route=\/wp\/v2\/posts\/43294\/revisions\/43297"}],"wp:featuredmedia":[{"embeddable":true,"href":"https:\/\/contraluzcucuta.co\/index.php?rest_route=\/wp\/v2\/media\/43295"}],"wp:attachment":[{"href":"https:\/\/contraluzcucuta.co\/index.php?rest_route=%2Fwp%2Fv2%2Fmedia&parent=43294"}],"wp:term":[{"taxonomy":"category","embeddable":true,"href":"https:\/\/contraluzcucuta.co\/index.php?rest_route=%2Fwp%2Fv2%2Fcategories&post=43294"},{"taxonomy":"post_tag","embeddable":true,"href":"https:\/\/contraluzcucuta.co\/index.php?rest_route=%2Fwp%2Fv2%2Ftags&post=43294"}],"curies":[{"name":"wp","href":"https:\/\/api.w.org\/{rel}","templated":true}]}}