{"id":43291,"date":"2024-09-05T12:18:03","date_gmt":"2024-09-05T17:18:03","guid":{"rendered":"https:\/\/contraluzcucuta.co\/?p=43291"},"modified":"2024-09-05T12:18:03","modified_gmt":"2024-09-05T17:18:03","slug":"artesanias-de-colombia-participa-en-cumoda-2024","status":"publish","type":"post","link":"https:\/\/contraluzcucuta.co\/?p=43291","title":{"rendered":"Artesan\u00edas de Colombia participa en CuModa 2024"},"content":{"rendered":"<p style=\"padding-left: 40px; text-align: right;\"><strong><span style=\"color: #ff9900;\">C\u00daCUTA.- Artesan\u00edas de Colombia se uni\u00f3 a la octava edici\u00f3n de C\u00facuta Moda (C\u00famo) 2024. La plataforma de negocios re\u00fane a cerca de 90 expositores y 70 compradores nacionales con el objetivo de fortalecer el sector de la confecci\u00f3n y afines en la regi\u00f3n.<\/span><\/strong><\/p>\n<p>En la edici\u00f3n 2024, C\u00famo se renueva, ampli\u00f3 la oferta para incluir ropa deportiva, casual e infantil, calzado, bisuter\u00eda y artesan\u00edas. Artesan\u00edas de Colombia presenta las creaciones de 11 joyeros locales que, mediante el programa Territorio, Moda y Joyer\u00eda, exhiben piezas que fusionan la tradici\u00f3n con la innovaci\u00f3n.<\/p>\n<p>La presencia se enmarca en la labor por destacar la joyer\u00eda artesanal, sector clave para preservar el patrimonio cultural del pa\u00eds. Por medio del Laboratorio de Gesti\u00f3n Social, Codise\u00f1o, Innovaci\u00f3n y Creatividad de Norte de Santander la entidad busca resaltar el trabajo de los artesanos de la regi\u00f3n, cuyos productos reflejan la riqueza cultural y el legado ancestral de las comunidades.<\/p>\n<p>La industria de la moda en Norte de Santander tiene un importante impacto en la econom\u00eda local, genera m\u00e1s de 35.000 empleos, seg\u00fan el Cl\u00faster Moda de la C\u00e1mara de Comercio de C\u00facuta. La cadena productiva incluye empresas dedicadas a la confecci\u00f3n, fabricaci\u00f3n de calzado, joyer\u00eda y bisuter\u00eda, lo que subraya la diversidad y especializaci\u00f3n del sector.<\/p>\n<p>Los visitantes a C\u00famo 2024 tendr\u00e1n la oportunidad de explorar una oferta diversa en la muestra comercial, participar en una rueda de negocios y disfrutar de las pasarelas de activaci\u00f3n de marcas, donde el arte y el dise\u00f1o se conjugan para ofrecer una experiencia inolvidable.<\/p>\n","protected":false},"excerpt":{"rendered":"<p>C\u00daCUTA.- Artesan\u00edas de Colombia se uni\u00f3 a la octava edici\u00f3n de C\u00facuta Moda (C\u00famo) 2024. La plataforma de negocios re\u00fane a cerca de 90 expositores y 70 compradores nacionales con el objetivo de fortalecer el sector de la confecci\u00f3n y afines en la regi\u00f3n. En la edici\u00f3n 2024, C\u00famo se renueva, ampli\u00f3 la oferta para &hellip;<\/p>\n","protected":false},"author":1,"featured_media":43292,"comment_status":"open","ping_status":"open","sticky":false,"template":"","format":"standard","meta":{"footnotes":""},"categories":[4,6],"tags":[6517,6672,6671],"class_list":["post-43291","post","type-post","status-publish","format-standard","has-post-thumbnail","hentry","category-barra","category-ojo-avizor","tag-artesanias-de-colombia","tag-cucuta-moda-2024","tag-cumo-2024"],"_links":{"self":[{"href":"https:\/\/contraluzcucuta.co\/index.php?rest_route=\/wp\/v2\/posts\/43291","targetHints":{"allow":["GET"]}}],"collection":[{"href":"https:\/\/contraluzcucuta.co\/index.php?rest_route=\/wp\/v2\/posts"}],"about":[{"href":"https:\/\/contraluzcucuta.co\/index.php?rest_route=\/wp\/v2\/types\/post"}],"author":[{"embeddable":true,"href":"https:\/\/contraluzcucuta.co\/index.php?rest_route=\/wp\/v2\/users\/1"}],"replies":[{"embeddable":true,"href":"https:\/\/contraluzcucuta.co\/index.php?rest_route=%2Fwp%2Fv2%2Fcomments&post=43291"}],"version-history":[{"count":1,"href":"https:\/\/contraluzcucuta.co\/index.php?rest_route=\/wp\/v2\/posts\/43291\/revisions"}],"predecessor-version":[{"id":43293,"href":"https:\/\/contraluzcucuta.co\/index.php?rest_route=\/wp\/v2\/posts\/43291\/revisions\/43293"}],"wp:featuredmedia":[{"embeddable":true,"href":"https:\/\/contraluzcucuta.co\/index.php?rest_route=\/wp\/v2\/media\/43292"}],"wp:attachment":[{"href":"https:\/\/contraluzcucuta.co\/index.php?rest_route=%2Fwp%2Fv2%2Fmedia&parent=43291"}],"wp:term":[{"taxonomy":"category","embeddable":true,"href":"https:\/\/contraluzcucuta.co\/index.php?rest_route=%2Fwp%2Fv2%2Fcategories&post=43291"},{"taxonomy":"post_tag","embeddable":true,"href":"https:\/\/contraluzcucuta.co\/index.php?rest_route=%2Fwp%2Fv2%2Ftags&post=43291"}],"curies":[{"name":"wp","href":"https:\/\/api.w.org\/{rel}","templated":true}]}}