{"id":43280,"date":"2024-09-05T04:39:09","date_gmt":"2024-09-05T09:39:09","guid":{"rendered":"https:\/\/contraluzcucuta.co\/?p=43280"},"modified":"2024-09-05T04:39:09","modified_gmt":"2024-09-05T09:39:09","slug":"junta-departamental-de-educacion-nuevo-reglamento-interno-abre-espacios-de-participacion","status":"publish","type":"post","link":"https:\/\/contraluzcucuta.co\/?p=43280","title":{"rendered":"JUNTA DEPARTAMENTAL DE EDUCACI\u00d3N. Nuevo reglamento interno abre espacios de participaci\u00f3n"},"content":{"rendered":"<p><a href=\"https:\/\/contraluzcucuta.co\/wp-content\/uploads\/2024\/09\/SECRETARIA-DE-EDUCAICION-JUNTA-DEPARTAMENTAL-2.jpeg\"><img loading=\"lazy\" decoding=\"async\" class=\"alignnone  wp-image-43282 alignleft\" src=\"https:\/\/contraluzcucuta.co\/wp-content\/uploads\/2024\/09\/SECRETARIA-DE-EDUCAICION-JUNTA-DEPARTAMENTAL-2-300x200.jpeg\" alt=\"\" width=\"248\" height=\"165\" srcset=\"https:\/\/contraluzcucuta.co\/wp-content\/uploads\/2024\/09\/SECRETARIA-DE-EDUCAICION-JUNTA-DEPARTAMENTAL-2-300x200.jpeg 300w, https:\/\/contraluzcucuta.co\/wp-content\/uploads\/2024\/09\/SECRETARIA-DE-EDUCAICION-JUNTA-DEPARTAMENTAL-2-600x400.jpeg 600w, https:\/\/contraluzcucuta.co\/wp-content\/uploads\/2024\/09\/SECRETARIA-DE-EDUCAICION-JUNTA-DEPARTAMENTAL-2-1024x682.jpeg 1024w, https:\/\/contraluzcucuta.co\/wp-content\/uploads\/2024\/09\/SECRETARIA-DE-EDUCAICION-JUNTA-DEPARTAMENTAL-2-768x512.jpeg 768w, https:\/\/contraluzcucuta.co\/wp-content\/uploads\/2024\/09\/SECRETARIA-DE-EDUCAICION-JUNTA-DEPARTAMENTAL-2-1536x1024.jpeg 1536w, https:\/\/contraluzcucuta.co\/wp-content\/uploads\/2024\/09\/SECRETARIA-DE-EDUCAICION-JUNTA-DEPARTAMENTAL-2-2048x1365.jpeg 2048w, https:\/\/contraluzcucuta.co\/wp-content\/uploads\/2024\/09\/SECRETARIA-DE-EDUCAICION-JUNTA-DEPARTAMENTAL-2-310x205.jpeg 310w\" sizes=\"auto, (max-width: 248px) 100vw, 248px\" \/><\/a><\/p>\n<p><strong><span style=\"color: #ff9900;\">C\u00daCUTA.- En la primera sesi\u00f3n de la Junta Departamental de Educaci\u00f3n, liderada por la titular de la Secretar\u00eda, Laura C\u00e1ceres, se firm\u00f3 de manera protocolaria la aprobaci\u00f3n del Reglamento Interno. Los miembros principales e invitados conocieron las generalidades y las acciones desarrolladas desde la reactivaci\u00f3n en el 2023.<\/span><\/strong><\/p>\n<p>Entre las disposiciones del nuevo reglamento est\u00e1 la reuni\u00f3n cada tres meses y de acuerdo con las circunstancias podr\u00e1 sesionar extraordinariamente cada vez que sea citada por el Gobernador por el secretario de Educaci\u00f3n Departamental.<\/p>\n<p>La JUDE se cre\u00f3 en el 2017, conforme a las disposiciones contenidas en los art\u00edculos 158 y siguientes de la Ley 115 de 1994. En la Junta tienen asiento el Gobernador o el delegado quien le presidir\u00e1, los secretarios de Educaci\u00f3n, Hacienda y Planeaci\u00f3n, un alcalde previamente designado por los hom\u00f3logos, dos representantes de los educadores designados por la organizaci\u00f3n sindical y un delegado de los directivos docentes, de las instituciones educativas privadas, de las comunidades ind\u00edgenas o campesinas y del sector productivo.<\/p>\n<p>Los personeros y los contralores estudiantiles del departamento tambi\u00e9n tendr\u00e1n asiento en la Junta, en calidad de invitados.<\/p>\n<p>Andrea Pinto Sierra \u2013\u00a0<span style=\"color: #000000;\"><span style=\"color: #ff9900;\"><b> Gobernaci\u00f3n de Norte de Santander<\/b><\/span><\/span><\/p>\n","protected":false},"excerpt":{"rendered":"<p>C\u00daCUTA.- En la primera sesi\u00f3n de la Junta Departamental de Educaci\u00f3n, liderada por la titular de la Secretar\u00eda, Laura C\u00e1ceres, se firm\u00f3 de manera protocolaria la aprobaci\u00f3n del Reglamento Interno. Los miembros principales e invitados conocieron las generalidades y las acciones desarrolladas desde la reactivaci\u00f3n en el 2023. Entre las disposiciones del nuevo reglamento est\u00e1 &hellip;<\/p>\n","protected":false},"author":1,"featured_media":43281,"comment_status":"open","ping_status":"open","sticky":false,"template":"","format":"standard","meta":{"footnotes":""},"categories":[4,32],"tags":[379,6668,6028],"class_list":["post-43280","post","type-post","status-publish","format-standard","has-post-thumbnail","hentry","category-barra","category-recorrido-por-la-region","tag-gobernacion-de-norte-de-santander","tag-junta-departamental-de-educacion","tag-laura-caceres"],"_links":{"self":[{"href":"https:\/\/contraluzcucuta.co\/index.php?rest_route=\/wp\/v2\/posts\/43280","targetHints":{"allow":["GET"]}}],"collection":[{"href":"https:\/\/contraluzcucuta.co\/index.php?rest_route=\/wp\/v2\/posts"}],"about":[{"href":"https:\/\/contraluzcucuta.co\/index.php?rest_route=\/wp\/v2\/types\/post"}],"author":[{"embeddable":true,"href":"https:\/\/contraluzcucuta.co\/index.php?rest_route=\/wp\/v2\/users\/1"}],"replies":[{"embeddable":true,"href":"https:\/\/contraluzcucuta.co\/index.php?rest_route=%2Fwp%2Fv2%2Fcomments&post=43280"}],"version-history":[{"count":1,"href":"https:\/\/contraluzcucuta.co\/index.php?rest_route=\/wp\/v2\/posts\/43280\/revisions"}],"predecessor-version":[{"id":43283,"href":"https:\/\/contraluzcucuta.co\/index.php?rest_route=\/wp\/v2\/posts\/43280\/revisions\/43283"}],"wp:featuredmedia":[{"embeddable":true,"href":"https:\/\/contraluzcucuta.co\/index.php?rest_route=\/wp\/v2\/media\/43281"}],"wp:attachment":[{"href":"https:\/\/contraluzcucuta.co\/index.php?rest_route=%2Fwp%2Fv2%2Fmedia&parent=43280"}],"wp:term":[{"taxonomy":"category","embeddable":true,"href":"https:\/\/contraluzcucuta.co\/index.php?rest_route=%2Fwp%2Fv2%2Fcategories&post=43280"},{"taxonomy":"post_tag","embeddable":true,"href":"https:\/\/contraluzcucuta.co\/index.php?rest_route=%2Fwp%2Fv2%2Ftags&post=43280"}],"curies":[{"name":"wp","href":"https:\/\/api.w.org\/{rel}","templated":true}]}}