{"id":43276,"date":"2024-09-05T04:25:37","date_gmt":"2024-09-05T09:25:37","guid":{"rendered":"https:\/\/contraluzcucuta.co\/?p=43276"},"modified":"2024-09-05T04:25:37","modified_gmt":"2024-09-05T09:25:37","slug":"servicios-publicos-dialogo-regional-llega-a-norte-de-santander","status":"publish","type":"post","link":"https:\/\/contraluzcucuta.co\/?p=43276","title":{"rendered":"SERVICIOS P\u00daBLICOS. Di\u00e1logo Regional llega a Norte de Santander"},"content":{"rendered":"<p style=\"padding-left: 40px; text-align: right;\"><strong><span style=\"color: #ff9900;\">C\u00daCUTA.-\u00a0 La Superintendencia de Servicios P\u00fablicos Domiciliarios (Superservicios) efectuar\u00e1 el Di\u00e1logo Regional: Norte de Santander Servicios P\u00fablicos por la Vida. La jornada servir\u00e1 para escuchar las necesidades de los habitantes del departamento y plantear soluciones que permitan optimizar la calidad y la eficiencia en la prestaci\u00f3n de los mismos.<\/span><\/strong><\/p>\n<figure id=\"attachment_43278\" aria-describedby=\"caption-attachment-43278\" style=\"width: 249px\" class=\"wp-caption alignleft\"><a href=\"https:\/\/contraluzcucuta.co\/wp-content\/uploads\/2024\/09\/SERVICIOS-PUBLICOS-3.webp\"><img loading=\"lazy\" decoding=\"async\" class=\" wp-image-43278\" src=\"https:\/\/contraluzcucuta.co\/wp-content\/uploads\/2024\/09\/SERVICIOS-PUBLICOS-3-300x225.webp\" alt=\"\" width=\"249\" height=\"187\" srcset=\"https:\/\/contraluzcucuta.co\/wp-content\/uploads\/2024\/09\/SERVICIOS-PUBLICOS-3-300x225.webp 300w, https:\/\/contraluzcucuta.co\/wp-content\/uploads\/2024\/09\/SERVICIOS-PUBLICOS-3-600x450.webp 600w, https:\/\/contraluzcucuta.co\/wp-content\/uploads\/2024\/09\/SERVICIOS-PUBLICOS-3.webp 728w\" sizes=\"auto, (max-width: 249px) 100vw, 249px\" \/><\/a><figcaption id=\"caption-attachment-43278\" class=\"wp-caption-text\"><em>Gr\u00e1fico: es.sliderhare.net<\/em><\/figcaption><\/figure>\n<p>El encuentro se llevar\u00e1 a cabo este 6 de septiembre en C\u00facuta y hace parte de la estrategia de Participaci\u00f3n Ciudadana de la entidad y el trabajo articulado con las comunidades, las autoridades locales y las empresas prestadoras de servicios p\u00fablicos.<\/p>\n<p>Se analizar\u00e1n las principales dificultades de los procesos de reclamaci\u00f3n en materia de acueducto, alcantarillado, aseo, energ\u00eda y gas, y se generar\u00e1n planes de trabajo para resolverlas de manera r\u00e1pida.<\/p>\n<p>Se trata del tercer Di\u00e1logo Regional, de siete programados para este segundo semestre del a\u00f1o. Los dos primeros se cumplieron en Cauca y Arauca, en los que fueron impactados 600 usuarios<\/p>\n<p>El superintendente delegado para la Protecci\u00f3n al Usuario y Gesti\u00f3n en Territorio, Felipe Dur\u00e1n, dijo que entre los objetivos destacan:<\/p>\n<ul>\n<li>Promover los derechos y los deberes que tienen los usuarios de servicios p\u00fablicos domiciliarios<\/li>\n<li>Fortalecer competencias ciudadanas en control social<\/li>\n<li>Dar a conocer las pol\u00edticas p\u00fablicas de estos<\/li>\n<li>Presentar las acciones de inspecci\u00f3n, vigilancia y control que lleva a cabo la Superintendencia\u201d.<\/li>\n<\/ul>\n<p>Norte de Santander cuenta con 49 prestadores de servicios p\u00fablicos de acueducto y alcantarillado, 63 prestadores del servicio de aseo, 7 empresas de gas por tuber\u00eda, 9 empresas que suministran cilindros de gas y CENS que presta el servicio de energ\u00eda a m\u00e1s de 600.000 suscriptores. Todas est\u00e1n convocadas para atender las necesidades de los usuarios.<\/p>\n<p>El Di\u00e1logo Regional ser\u00e1 liderado por el superintendente Dagoberto Quiroga y contar\u00e1 con la participaci\u00f3n de los superintendentes delegados para Energ\u00eda y Gas, Sandra T\u00e9llez Guti\u00e9rrez, y para Acueducto, Alcantarillado y Aseo, Hugo Guanumen Pacheco.<\/p>\n","protected":false},"excerpt":{"rendered":"<p>C\u00daCUTA.-\u00a0 La Superintendencia de Servicios P\u00fablicos Domiciliarios (Superservicios) efectuar\u00e1 el Di\u00e1logo Regional: Norte de Santander Servicios P\u00fablicos por la Vida. La jornada servir\u00e1 para escuchar las necesidades de los habitantes del departamento y plantear soluciones que permitan optimizar la calidad y la eficiencia en la prestaci\u00f3n de los mismos. El encuentro se llevar\u00e1 a cabo &hellip;<\/p>\n","protected":false},"author":1,"featured_media":43277,"comment_status":"open","ping_status":"open","sticky":false,"template":"","format":"standard","meta":{"footnotes":""},"categories":[4,36],"tags":[6667,180,1279,1543],"class_list":["post-43276","post","type-post","status-publish","format-standard","has-post-thumbnail","hentry","category-barra","category-la-voz-del-pueblo","tag-dialogo-regional","tag-servicios-publicos","tag-superintendencia-de-servicios-publicos","tag-superservicios"],"_links":{"self":[{"href":"https:\/\/contraluzcucuta.co\/index.php?rest_route=\/wp\/v2\/posts\/43276","targetHints":{"allow":["GET"]}}],"collection":[{"href":"https:\/\/contraluzcucuta.co\/index.php?rest_route=\/wp\/v2\/posts"}],"about":[{"href":"https:\/\/contraluzcucuta.co\/index.php?rest_route=\/wp\/v2\/types\/post"}],"author":[{"embeddable":true,"href":"https:\/\/contraluzcucuta.co\/index.php?rest_route=\/wp\/v2\/users\/1"}],"replies":[{"embeddable":true,"href":"https:\/\/contraluzcucuta.co\/index.php?rest_route=%2Fwp%2Fv2%2Fcomments&post=43276"}],"version-history":[{"count":1,"href":"https:\/\/contraluzcucuta.co\/index.php?rest_route=\/wp\/v2\/posts\/43276\/revisions"}],"predecessor-version":[{"id":43279,"href":"https:\/\/contraluzcucuta.co\/index.php?rest_route=\/wp\/v2\/posts\/43276\/revisions\/43279"}],"wp:featuredmedia":[{"embeddable":true,"href":"https:\/\/contraluzcucuta.co\/index.php?rest_route=\/wp\/v2\/media\/43277"}],"wp:attachment":[{"href":"https:\/\/contraluzcucuta.co\/index.php?rest_route=%2Fwp%2Fv2%2Fmedia&parent=43276"}],"wp:term":[{"taxonomy":"category","embeddable":true,"href":"https:\/\/contraluzcucuta.co\/index.php?rest_route=%2Fwp%2Fv2%2Fcategories&post=43276"},{"taxonomy":"post_tag","embeddable":true,"href":"https:\/\/contraluzcucuta.co\/index.php?rest_route=%2Fwp%2Fv2%2Ftags&post=43276"}],"curies":[{"name":"wp","href":"https:\/\/api.w.org\/{rel}","templated":true}]}}