{"id":43270,"date":"2024-09-04T20:36:42","date_gmt":"2024-09-05T01:36:42","guid":{"rendered":"https:\/\/contraluzcucuta.co\/?p=43270"},"modified":"2024-09-04T20:36:42","modified_gmt":"2024-09-05T01:36:42","slug":"necrologia-de-la-recocha-de-guaimaral-al-cucuta-deportivo-pedro-barbosa","status":"publish","type":"post","link":"https:\/\/contraluzcucuta.co\/?p=43270","title":{"rendered":"NECROLOG\u00cdA. De la \u2018recocha\u2019 de Guaimaral, al C\u00facuta Deportivo,\u00a0Pedro Barbosa"},"content":{"rendered":"<p><span style=\"color: #ff9900;\"><em>En 1985, el C\u00facuta Deportivo afront\u00f3 una situaci\u00f3n dif\u00edcil de desorden deportivo. Esa circunstancia le dio la oportunidad a Pedro Barbosa de vestir la camiseta rojinegra. Desde entonces, llev\u00f3 con orgullo el recuerdo de haber formado parte de la titular motilona. <\/em><\/span><\/p>\n<p><span style=\"color: #ff9900;\"><em>Ayer, Barbosa se fue a jugar f\u00fatbol, su pasi\u00f3n, a otra dimensi\u00f3n. Dej\u00f3 el mundo terrenal luego de haberlo disfrutado a su paso. Paz en la tumba.<\/em><\/span><\/p>\n<p><span style=\"color: #ff9900;\"><em>Esta nota se public\u00f3, en octubre de 2022, en Acord Informa. Hoy, la compartimos para conocer c\u00f3mo pensaba Pedro. \u00a0<\/em><\/span><\/p>\n<p><a href=\"https:\/\/contraluzcucuta.co\/wp-content\/uploads\/2024\/09\/PEDRO-BARBOSA-3.jpeg\"><img loading=\"lazy\" decoding=\"async\" class=\"alignnone  wp-image-43272 alignleft\" src=\"https:\/\/contraluzcucuta.co\/wp-content\/uploads\/2024\/09\/PEDRO-BARBOSA-3-300x187.jpeg\" alt=\"\" width=\"249\" height=\"155\" srcset=\"https:\/\/contraluzcucuta.co\/wp-content\/uploads\/2024\/09\/PEDRO-BARBOSA-3-300x187.jpeg 300w, https:\/\/contraluzcucuta.co\/wp-content\/uploads\/2024\/09\/PEDRO-BARBOSA-3-600x374.jpeg 600w, https:\/\/contraluzcucuta.co\/wp-content\/uploads\/2024\/09\/PEDRO-BARBOSA-3-768x479.jpeg 768w, https:\/\/contraluzcucuta.co\/wp-content\/uploads\/2024\/09\/PEDRO-BARBOSA-3.jpeg 944w\" sizes=\"auto, (max-width: 249px) 100vw, 249px\" \/><\/a><\/p>\n<p><strong>C\u00daCUTA.-<\/strong> Jugar al f\u00fatbol es una de esas posibilidades que tienen los seres humanos y que en el pasado reciente era exclusiva del g\u00e9nero masculino. Desde ni\u00f1os el sue\u00f1o comienza a tomar fuerza y no es otro que llegar al profesionalismo. Cada partido se disputa con honor para mostrar qu\u00e9 se tiene y demostrar que el futuro se labra con esfuerzo.<\/p>\n<p>Para unos, ese trabajo arduo da frutos y desde la infancia se encarrilan por el camino del \u00e9xito. Mientras que para otros el sudor derramado sobre la cancha ser\u00e1 solo parte del af\u00e1n que se ten\u00eda por descollar en esta disciplina. Tambi\u00e9n, se cree, que el factor suerte juega papel fundamental en el momento de la escogencia del ma\u00f1ana.<\/p>\n<p>En 1985, el C\u00facuta Deportivo afront\u00f3 una situaci\u00f3n dif\u00edcil de desorden deportivo. Los grandes se pararon y no atendieron el compromiso adquirido con el club. La falta de paga llev\u00f3 a los voceros de los jugadores a convencer a los dem\u00e1s y no volver a jugar.<\/p>\n<ul>\n<li><em>Ah\u00ed fue cuando el profesor Omar Vega recurri\u00f3 a la \u2018recocha\u2019 de Guaimaral, conform\u00f3 un grupo y comenzaron a jugar como profesionales.<\/em><\/li>\n<\/ul>\n<p><a href=\"https:\/\/contraluzcucuta.co\/wp-content\/uploads\/2024\/09\/PEDRO-BARBOSA-2.jpeg\"><img loading=\"lazy\" decoding=\"async\" class=\"alignnone  wp-image-43273 alignleft\" src=\"https:\/\/contraluzcucuta.co\/wp-content\/uploads\/2024\/09\/PEDRO-BARBOSA-2-300x286.jpeg\" alt=\"\" width=\"247\" height=\"235\" srcset=\"https:\/\/contraluzcucuta.co\/wp-content\/uploads\/2024\/09\/PEDRO-BARBOSA-2-300x286.jpeg 300w, https:\/\/contraluzcucuta.co\/wp-content\/uploads\/2024\/09\/PEDRO-BARBOSA-2-600x571.jpeg 600w, https:\/\/contraluzcucuta.co\/wp-content\/uploads\/2024\/09\/PEDRO-BARBOSA-2.jpeg 629w\" sizes=\"auto, (max-width: 247px) 100vw, 247px\" \/><\/a><\/p>\n<p>Pedro Barbosa lo tiene claro y as\u00ed lo rememora parado en la cancha de San Eduardo. El sol calienta como en las buenas jornadas de f\u00fatbol en la tribuna Oriental. Entre tanto, los recuerdos fluyen de esa \u00e9poca. Algunos de los j\u00f3venes que encontraron la oportunidad de vestir la camiseta rojinegra no pudieron consolidarse como jugadores y volvieron a sus andanzas de aficionados.<\/p>\n<p>Esos muchachos se perdieron, silvestres, para el f\u00fatbol, como sucede con otros tantos que no encuentran la br\u00fajula que los oriente para tomar el sendero cierto de esta disciplina. Otros, se han ido, porque, a pesar de las condiciones f\u00edsicas, les falta car\u00e1cter para asumir el sacrificio que impone el deporte.<\/p>\n<p>Barbosa supo entender el momento y ahora, mucho tiempo despu\u00e9s del debut con el once motil\u00f3n, mantiene el trabajo f\u00edsico, juega de vez en cuando y es pieza fundamental en la organizaci\u00f3n de los ex futbolistas rojinegros. Celebran fechas especiales y hacen labor social con la comunidad, a manera de agradecimiento, porque un d\u00eda los consider\u00f3 sus \u00eddolos.<\/p>\n<ul>\n<li><em>No estamos unidos. Esa es la realidad. Son pocas las oportunidades en las que podemos encontrarnos para recordar an\u00e9cdotas e historias.<\/em><\/li>\n<\/ul>\n<p>Y se lamenta que esta situaci\u00f3n ocurra en ese gremio. Est\u00e1 convencido de que, si no lo consiguen, es dif\u00edcil que alguien extra\u00f1o a la profesi\u00f3n llegue y les d\u00e9 el respeto que merecen. Aunque no pierde la esperanza de ver consolidado el grupo.<\/p>\n<p><a href=\"https:\/\/contraluzcucuta.co\/wp-content\/uploads\/2024\/09\/PEDRO-BARBOSA-4.jpeg\"><img loading=\"lazy\" decoding=\"async\" class=\"alignnone  wp-image-43274 alignleft\" src=\"https:\/\/contraluzcucuta.co\/wp-content\/uploads\/2024\/09\/PEDRO-BARBOSA-4-300x165.jpeg\" alt=\"\" width=\"251\" height=\"138\" srcset=\"https:\/\/contraluzcucuta.co\/wp-content\/uploads\/2024\/09\/PEDRO-BARBOSA-4-300x165.jpeg 300w, https:\/\/contraluzcucuta.co\/wp-content\/uploads\/2024\/09\/PEDRO-BARBOSA-4-600x331.jpeg 600w, https:\/\/contraluzcucuta.co\/wp-content\/uploads\/2024\/09\/PEDRO-BARBOSA-4-1024x564.jpeg 1024w, https:\/\/contraluzcucuta.co\/wp-content\/uploads\/2024\/09\/PEDRO-BARBOSA-4-768x423.jpeg 768w, https:\/\/contraluzcucuta.co\/wp-content\/uploads\/2024\/09\/PEDRO-BARBOSA-4.jpeg 1080w\" sizes=\"auto, (max-width: 251px) 100vw, 251px\" \/><\/a><\/p>\n<p>Pasa la p\u00e1gina y apunta hacia la afici\u00f3n cucute\u00f1a, a la que tilda, como muchos lo reconocen, \u2018la mejor del pa\u00eds\u2019. Por esta condici\u00f3n, no merece que el equipo no compense los esfuerzos que hace para acompa\u00f1ar y alentar en el estadio General Santander.<\/p>\n<ul>\n<li><em>Al menos tenemos f\u00fatbol. Cuando se llevaron el equipo, uno pasaba por el estadio y era solo, ahora hay que apoyarlo.<\/em><\/li>\n<\/ul>\n<p>Pedro Barbosa lleg\u00f3 al C\u00facuta Deportivo por casualidad, porque la diosa de la fortuna le dio esa oportunidad y supo aprovecharla. Adem\u00e1s, jug\u00f3 en estudiantes de M\u00e9rida (Venezuela) y cumpli\u00f3 con su deber como futbolista.<\/p>\n<p>Hoy, su segunda casa es el club Coveadse, en San Eduardo. Ah\u00ed se mantiene ligado al f\u00fatbol mientras conversa con amigos y los admiradores que le quedan por haber sido motil\u00f3n.<\/p>\n<p><strong>\u00a0RAFAEL ANTONIO PAB\u00d3N<\/strong><\/p>\n<p><strong><a href=\"mailto:rafaelpabon58@hotmail.com\">rafaelpabon58@hotmail.com<\/a><\/strong><\/p>\n","protected":false},"excerpt":{"rendered":"<p>En 1985, el C\u00facuta Deportivo afront\u00f3 una situaci\u00f3n dif\u00edcil de desorden deportivo. Esa circunstancia le dio la oportunidad a Pedro Barbosa de vestir la camiseta rojinegra. Desde entonces, llev\u00f3 con orgullo el recuerdo de haber formado parte de la titular motilona. Ayer, Barbosa se fue a jugar f\u00fatbol, su pasi\u00f3n, a otra dimensi\u00f3n. Dej\u00f3 el &hellip;<\/p>\n","protected":false},"author":1,"featured_media":43271,"comment_status":"open","ping_status":"open","sticky":false,"template":"","format":"standard","meta":{"footnotes":""},"categories":[4,1967,28],"tags":[6666,192,1948,6665],"class_list":["post-43270","post","type-post","status-publish","format-standard","has-post-thumbnail","hentry","category-barra","category-necrologias","category-vistazo-deportivo","tag-coveadse","tag-cucuta-deportivo","tag-necrologias-cucutenas","tag-pedro-barbosa"],"_links":{"self":[{"href":"https:\/\/contraluzcucuta.co\/index.php?rest_route=\/wp\/v2\/posts\/43270","targetHints":{"allow":["GET"]}}],"collection":[{"href":"https:\/\/contraluzcucuta.co\/index.php?rest_route=\/wp\/v2\/posts"}],"about":[{"href":"https:\/\/contraluzcucuta.co\/index.php?rest_route=\/wp\/v2\/types\/post"}],"author":[{"embeddable":true,"href":"https:\/\/contraluzcucuta.co\/index.php?rest_route=\/wp\/v2\/users\/1"}],"replies":[{"embeddable":true,"href":"https:\/\/contraluzcucuta.co\/index.php?rest_route=%2Fwp%2Fv2%2Fcomments&post=43270"}],"version-history":[{"count":1,"href":"https:\/\/contraluzcucuta.co\/index.php?rest_route=\/wp\/v2\/posts\/43270\/revisions"}],"predecessor-version":[{"id":43275,"href":"https:\/\/contraluzcucuta.co\/index.php?rest_route=\/wp\/v2\/posts\/43270\/revisions\/43275"}],"wp:featuredmedia":[{"embeddable":true,"href":"https:\/\/contraluzcucuta.co\/index.php?rest_route=\/wp\/v2\/media\/43271"}],"wp:attachment":[{"href":"https:\/\/contraluzcucuta.co\/index.php?rest_route=%2Fwp%2Fv2%2Fmedia&parent=43270"}],"wp:term":[{"taxonomy":"category","embeddable":true,"href":"https:\/\/contraluzcucuta.co\/index.php?rest_route=%2Fwp%2Fv2%2Fcategories&post=43270"},{"taxonomy":"post_tag","embeddable":true,"href":"https:\/\/contraluzcucuta.co\/index.php?rest_route=%2Fwp%2Fv2%2Ftags&post=43270"}],"curies":[{"name":"wp","href":"https:\/\/api.w.org\/{rel}","templated":true}]}}