{"id":43202,"date":"2024-08-30T07:30:29","date_gmt":"2024-08-30T12:30:29","guid":{"rendered":"https:\/\/contraluzcucuta.co\/?p=43202"},"modified":"2024-08-30T13:14:45","modified_gmt":"2024-08-30T18:14:45","slug":"reincorporacion-y-normalizacion-611-firmantes-del-acuerdo-de-paz-en-proceso-en-norte-de-santander","status":"publish","type":"post","link":"https:\/\/contraluzcucuta.co\/?p=43202","title":{"rendered":"REINCORPORACI\u00d3N Y NORMALIZACI\u00d3N. 611 firmantes del acuerdo de paz en proceso, en Norte de Santander"},"content":{"rendered":"<p style=\"padding-left: 40px; text-align: right;\"><strong><span style=\"color: #ff9900;\">C\u00daCUTA.- En Norte de Santander, 518 hombres y 93 mujeres firmantes del acuerdo de paz est\u00e1n en proceso de reincorporaci\u00f3n. De ese grupo de firmantes de paz, 48 est\u00e1n en el Espacio Territorial de Reincorporaci\u00f3n y Capacitaci\u00f3n (ETCR) Ca\u00f1o Indio (Tib\u00fa).<\/span><\/strong><\/p>\n<p><a href=\"https:\/\/contraluzcucuta.co\/wp-content\/uploads\/2024\/08\/ARN-RENDICION-DE-CUENTAS-1.jpeg\"><img loading=\"lazy\" decoding=\"async\" class=\"alignnone wp-image-43204 alignleft\" src=\"https:\/\/contraluzcucuta.co\/wp-content\/uploads\/2024\/08\/ARN-RENDICION-DE-CUENTAS-1-300x225.jpeg\" alt=\"\" width=\"244\" height=\"183\" srcset=\"https:\/\/contraluzcucuta.co\/wp-content\/uploads\/2024\/08\/ARN-RENDICION-DE-CUENTAS-1-300x225.jpeg 300w, https:\/\/contraluzcucuta.co\/wp-content\/uploads\/2024\/08\/ARN-RENDICION-DE-CUENTAS-1-600x450.jpeg 600w, https:\/\/contraluzcucuta.co\/wp-content\/uploads\/2024\/08\/ARN-RENDICION-DE-CUENTAS-1-1024x768.jpeg 1024w, https:\/\/contraluzcucuta.co\/wp-content\/uploads\/2024\/08\/ARN-RENDICION-DE-CUENTAS-1-768x576.jpeg 768w, https:\/\/contraluzcucuta.co\/wp-content\/uploads\/2024\/08\/ARN-RENDICION-DE-CUENTAS-1-1536x1152.jpeg 1536w, https:\/\/contraluzcucuta.co\/wp-content\/uploads\/2024\/08\/ARN-RENDICION-DE-CUENTAS-1.jpeg 1600w\" sizes=\"auto, (max-width: 244px) 100vw, 244px\" \/><\/a><\/p>\n<p>La Agencia para la Reincorporaci\u00f3n y la Normalizaci\u00f3n (ARN), entidad adscrita a la Presidencia de la Rep\u00fablica y perteneciente al Sector Paz, ha construido paz durante m\u00e1s de 20 a\u00f1os. Como entidad p\u00fablica rinde cuentas de manera permanente a grupos de valor, partes interesadas y ciudadan\u00eda. Este proceso fortalece el control social y la participaci\u00f3n ciudadana.<\/p>\n<p>En el 2023, se llevaron a cabo 137 acompa\u00f1amientos y asistencias t\u00e9cnicas a proyectos productivos en la ruta de reincorporaci\u00f3n para impulsar el desarrollo econ\u00f3mico de la regi\u00f3n. En el primer semestre del 2024 fueron postuladas:<\/p>\n<ul>\n<li>La asociaci\u00f3n \u2018Puntadas por la Paz\u2019, con el taller de costura para iniciativas productivas autogestionadas<\/li>\n<li>La Cooperativa Multiactiva del Catatumbo (Comprocat), con el proyecto autogestionado Bufapaz<\/li>\n<li>La Cooperativa Multiactiva para el Desarrollo y la Paz del Catatumbo, con el proyecto colectivo de ganader\u00eda de doble prop\u00f3sito en San Calixto.<\/li>\n<\/ul>\n<p><a href=\"https:\/\/contraluzcucuta.co\/wp-content\/uploads\/2024\/08\/ARN-RENDICION-DE-CUENTAS-8.jpeg\"><img loading=\"lazy\" decoding=\"async\" class=\"alignnone wp-image-43205 alignleft\" src=\"https:\/\/contraluzcucuta.co\/wp-content\/uploads\/2024\/08\/ARN-RENDICION-DE-CUENTAS-8-221x300.jpeg\" alt=\"\" width=\"207\" height=\"281\" srcset=\"https:\/\/contraluzcucuta.co\/wp-content\/uploads\/2024\/08\/ARN-RENDICION-DE-CUENTAS-8-221x300.jpeg 221w, https:\/\/contraluzcucuta.co\/wp-content\/uploads\/2024\/08\/ARN-RENDICION-DE-CUENTAS-8-600x816.jpeg 600w, https:\/\/contraluzcucuta.co\/wp-content\/uploads\/2024\/08\/ARN-RENDICION-DE-CUENTAS-8-753x1024.jpeg 753w, https:\/\/contraluzcucuta.co\/wp-content\/uploads\/2024\/08\/ARN-RENDICION-DE-CUENTAS-8-768x1044.jpeg 768w, https:\/\/contraluzcucuta.co\/wp-content\/uploads\/2024\/08\/ARN-RENDICION-DE-CUENTAS-8.jpeg 784w\" sizes=\"auto, (max-width: 207px) 100vw, 207px\" \/><\/a><\/p>\n<p>Lorena Corvera Villamizar, coordinadora de la ARN en Norte de Santander, se\u00f1al\u00f3 que &#8220;contamos con 320 proyectos productivos individuales de los firmantes de paz en los diferentes municipios\u201d. A corte del 31 de diciembre de 2023, se aprobaron 12 proyectos productivos individuales, que vinculan a 8 hombres y 4 mujeres.<\/p>\n<p>El Grupo Territorial Norte de Santander proyect\u00f3 para la vigencia 2024 ejecutar tres proyectos de econom\u00eda individual de reincorporaci\u00f3n. A corte del primer semestre de 2024, la meta se encuentra en 33,33 %.<\/p>\n<p>Jos\u00e9 Miguel Pinto, firmante de paz, dijo consider\u00f3 que \u201cel proceso de Reincorporaci\u00f3n ha avanzado en los \u00faltimos meses porque nos ha brindado un acompa\u00f1amiento m\u00e1s continuo en los municipios y en el departamento&#8221;.<\/p>\n<p>Otra apuesta es el proceso de acompa\u00f1amiento a miembros activos y retirados de la Fuerza P\u00fablica durante la comparecencia ante la Jurisdicci\u00f3n Especial para la Paz (JEP). Hay una solicitud de ingreso de 75 comparecientes y para el 2024 la meta es acompa\u00f1ar a 57, seg\u00fan criterios de priorizaci\u00f3n.<\/p>\n","protected":false},"excerpt":{"rendered":"<p>C\u00daCUTA.- En Norte de Santander, 518 hombres y 93 mujeres firmantes del acuerdo de paz est\u00e1n en proceso de reincorporaci\u00f3n. De ese grupo de firmantes de paz, 48 est\u00e1n en el Espacio Territorial de Reincorporaci\u00f3n y Capacitaci\u00f3n (ETCR) Ca\u00f1o Indio (Tib\u00fa). La Agencia para la Reincorporaci\u00f3n y la Normalizaci\u00f3n (ARN), entidad adscrita a la Presidencia &hellip;<\/p>\n","protected":false},"author":1,"featured_media":43203,"comment_status":"open","ping_status":"open","sticky":false,"template":"","format":"standard","meta":{"footnotes":""},"categories":[45,4],"tags":[5094,4569,6642,6641,6392],"class_list":["post-43202","post","type-post","status-publish","format-standard","has-post-thumbnail","hentry","category-destacado","category-barra","tag-agencia-para-la-reincorporacion-y-la-normalizacion","tag-arn","tag-bufapaz","tag-comprocat","tag-puntadas-por-la-paz"],"_links":{"self":[{"href":"https:\/\/contraluzcucuta.co\/index.php?rest_route=\/wp\/v2\/posts\/43202","targetHints":{"allow":["GET"]}}],"collection":[{"href":"https:\/\/contraluzcucuta.co\/index.php?rest_route=\/wp\/v2\/posts"}],"about":[{"href":"https:\/\/contraluzcucuta.co\/index.php?rest_route=\/wp\/v2\/types\/post"}],"author":[{"embeddable":true,"href":"https:\/\/contraluzcucuta.co\/index.php?rest_route=\/wp\/v2\/users\/1"}],"replies":[{"embeddable":true,"href":"https:\/\/contraluzcucuta.co\/index.php?rest_route=%2Fwp%2Fv2%2Fcomments&post=43202"}],"version-history":[{"count":5,"href":"https:\/\/contraluzcucuta.co\/index.php?rest_route=\/wp\/v2\/posts\/43202\/revisions"}],"predecessor-version":[{"id":43210,"href":"https:\/\/contraluzcucuta.co\/index.php?rest_route=\/wp\/v2\/posts\/43202\/revisions\/43210"}],"wp:featuredmedia":[{"embeddable":true,"href":"https:\/\/contraluzcucuta.co\/index.php?rest_route=\/wp\/v2\/media\/43203"}],"wp:attachment":[{"href":"https:\/\/contraluzcucuta.co\/index.php?rest_route=%2Fwp%2Fv2%2Fmedia&parent=43202"}],"wp:term":[{"taxonomy":"category","embeddable":true,"href":"https:\/\/contraluzcucuta.co\/index.php?rest_route=%2Fwp%2Fv2%2Fcategories&post=43202"},{"taxonomy":"post_tag","embeddable":true,"href":"https:\/\/contraluzcucuta.co\/index.php?rest_route=%2Fwp%2Fv2%2Ftags&post=43202"}],"curies":[{"name":"wp","href":"https:\/\/api.w.org\/{rel}","templated":true}]}}