{"id":43198,"date":"2024-08-29T18:28:55","date_gmt":"2024-08-29T23:28:55","guid":{"rendered":"https:\/\/contraluzcucuta.co\/?p=43198"},"modified":"2024-08-29T18:28:55","modified_gmt":"2024-08-29T23:28:55","slug":"consejo-regional-de-planificacion-impulso-a-la-economia-y-la-productividad","status":"publish","type":"post","link":"https:\/\/contraluzcucuta.co\/?p=43198","title":{"rendered":"CONSEJO REGIONAL DE PLANIFICACI\u00d3N. Impulso a la econom\u00eda y la productividad"},"content":{"rendered":"<p style=\"padding-left: 40px; text-align: right;\"><strong><span style=\"color: #ff9900;\">C\u00daCUTA.- Los gobernadores de Norte de Santander, William Villamizar, y de Santander, Juvenal D\u00edaz, participaron en el Consejo Regional Administrativo y de Planificaci\u00f3n (CRAP) de la RAP El Gran Santander. El espacio permiti\u00f3 abordar temas de gesti\u00f3n para impulsar la econom\u00eda y la productividad de las dos regiones.<\/span><\/strong><\/p>\n<p><a href=\"https:\/\/contraluzcucuta.co\/wp-content\/uploads\/2024\/08\/CONSEJO-REGIONAL-ADMINISTRATIVO-2.jpg\"><img loading=\"lazy\" decoding=\"async\" class=\"alignnone  wp-image-43200 alignleft\" src=\"https:\/\/contraluzcucuta.co\/wp-content\/uploads\/2024\/08\/CONSEJO-REGIONAL-ADMINISTRATIVO-2-300x190.jpg\" alt=\"\" width=\"249\" height=\"158\" srcset=\"https:\/\/contraluzcucuta.co\/wp-content\/uploads\/2024\/08\/CONSEJO-REGIONAL-ADMINISTRATIVO-2-300x190.jpg 300w, https:\/\/contraluzcucuta.co\/wp-content\/uploads\/2024\/08\/CONSEJO-REGIONAL-ADMINISTRATIVO-2-600x380.jpg 600w, https:\/\/contraluzcucuta.co\/wp-content\/uploads\/2024\/08\/CONSEJO-REGIONAL-ADMINISTRATIVO-2-1024x649.jpg 1024w, https:\/\/contraluzcucuta.co\/wp-content\/uploads\/2024\/08\/CONSEJO-REGIONAL-ADMINISTRATIVO-2-768x487.jpg 768w, https:\/\/contraluzcucuta.co\/wp-content\/uploads\/2024\/08\/CONSEJO-REGIONAL-ADMINISTRATIVO-2-1536x974.jpg 1536w, https:\/\/contraluzcucuta.co\/wp-content\/uploads\/2024\/08\/CONSEJO-REGIONAL-ADMINISTRATIVO-2.jpg 1590w\" sizes=\"auto, (max-width: 249px) 100vw, 249px\" \/><\/a><\/p>\n<p>\u201cEste espacio sirve para articular las opciones, revisar proyectos, participar en convocatorias, darle una oportunidad al desarrollo de la regi\u00f3n administrativa y sacar adelante un plan de acci\u00f3n que pueda fortalecer el impacto en las \u00e1reas econ\u00f3micas, productivas y sociales\u201d, dijo Villamizar Laguado, presidente del Consejo.<\/p>\n<p>Hugo Mantilla, gerente de la RAP, especific\u00f3 que la gesti\u00f3n que se adelanta con cooperaci\u00f3n internacional, el sector educativo y otras entidades e instituciones, ser\u00e1 importante para ejecutar proyectos con impacto regional.<\/p>\n<p>El subgerente, V\u00edctor Bustos, present\u00f3 el banco de proyectos y los perfiles formulados y que se implementar\u00e1n en la regi\u00f3n del Gran Santander. Estar\u00e1n enfocados a fortalecer el medio ambiente, la econom\u00eda, el turismo y la infraestructura.<\/p>\n<p>Adem\u00e1s, se presentaron los pactos territoriales y se resalt\u00f3 el papel que la RAP debe desempe\u00f1ar para asegurar que el Gran Santander sea protagonista en estas pol\u00edticas de desarrollo.<\/p>\n<p>Se dio a conocer el avance en la formulaci\u00f3n de la pol\u00edtica del Modelo Integrado de Planeaci\u00f3n y Gesti\u00f3n, y los alcances de la implementaci\u00f3n.<\/p>\n<p>Los gobernadores Villamizar y D\u00edaz coincidieron en que los proyectos presentados son fundamentales para los Planes de Desarrollo. Enfatizaron en la importancia de la RAP como ente articulador para conseguir cofinanciaci\u00f3n del Gobierno y de la comunidad internacional.<\/p>\n<p><strong>Yaritza Vega \u2013 Gobernaci\u00f3n de Norte de Santander<\/strong><\/p>\n","protected":false},"excerpt":{"rendered":"<p>C\u00daCUTA.- Los gobernadores de Norte de Santander, William Villamizar, y de Santander, Juvenal D\u00edaz, participaron en el Consejo Regional Administrativo y de Planificaci\u00f3n (CRAP) de la RAP El Gran Santander. El espacio permiti\u00f3 abordar temas de gesti\u00f3n para impulsar la econom\u00eda y la productividad de las dos regiones. \u201cEste espacio sirve para articular las opciones, &hellip;<\/p>\n","protected":false},"author":1,"featured_media":43199,"comment_status":"open","ping_status":"open","sticky":false,"template":"","format":"standard","meta":{"footnotes":""},"categories":[4,6011,32],"tags":[6640,6639,2800],"class_list":["post-43198","post","type-post","status-publish","format-standard","has-post-thumbnail","hentry","category-barra","category-gobernacion-de-norte-de-santander","category-recorrido-por-la-region","tag-consejo-regional-administrativo","tag-gobernacion-de-santander","tag-gobernador-william-villamizar"],"_links":{"self":[{"href":"https:\/\/contraluzcucuta.co\/index.php?rest_route=\/wp\/v2\/posts\/43198","targetHints":{"allow":["GET"]}}],"collection":[{"href":"https:\/\/contraluzcucuta.co\/index.php?rest_route=\/wp\/v2\/posts"}],"about":[{"href":"https:\/\/contraluzcucuta.co\/index.php?rest_route=\/wp\/v2\/types\/post"}],"author":[{"embeddable":true,"href":"https:\/\/contraluzcucuta.co\/index.php?rest_route=\/wp\/v2\/users\/1"}],"replies":[{"embeddable":true,"href":"https:\/\/contraluzcucuta.co\/index.php?rest_route=%2Fwp%2Fv2%2Fcomments&post=43198"}],"version-history":[{"count":1,"href":"https:\/\/contraluzcucuta.co\/index.php?rest_route=\/wp\/v2\/posts\/43198\/revisions"}],"predecessor-version":[{"id":43201,"href":"https:\/\/contraluzcucuta.co\/index.php?rest_route=\/wp\/v2\/posts\/43198\/revisions\/43201"}],"wp:featuredmedia":[{"embeddable":true,"href":"https:\/\/contraluzcucuta.co\/index.php?rest_route=\/wp\/v2\/media\/43199"}],"wp:attachment":[{"href":"https:\/\/contraluzcucuta.co\/index.php?rest_route=%2Fwp%2Fv2%2Fmedia&parent=43198"}],"wp:term":[{"taxonomy":"category","embeddable":true,"href":"https:\/\/contraluzcucuta.co\/index.php?rest_route=%2Fwp%2Fv2%2Fcategories&post=43198"},{"taxonomy":"post_tag","embeddable":true,"href":"https:\/\/contraluzcucuta.co\/index.php?rest_route=%2Fwp%2Fv2%2Ftags&post=43198"}],"curies":[{"name":"wp","href":"https:\/\/api.w.org\/{rel}","templated":true}]}}