{"id":43182,"date":"2024-08-28T18:47:19","date_gmt":"2024-08-28T23:47:19","guid":{"rendered":"https:\/\/contraluzcucuta.co\/?p=43182"},"modified":"2024-08-28T18:47:19","modified_gmt":"2024-08-28T23:47:19","slug":"enfermedades-huerfanas-la-vida-de-miles-de-colombianos-peligra-por-falta-de-recursos","status":"publish","type":"post","link":"https:\/\/contraluzcucuta.co\/?p=43182","title":{"rendered":"ENFERMEDADES HU\u00c9RFANAS. La vida de miles de colombianos peligra por falta de recursos"},"content":{"rendered":"<p style=\"padding-left: 40px; text-align: right;\"><strong><span style=\"color: #ff9900;\">BOGOT\u00c1.- La situaci\u00f3n de los pacientes con enfermedades hu\u00e9rfanas en Colombia se vuelve cada d\u00eda m\u00e1s cr\u00edtica debido a la falta de recursos econ\u00f3micos. Seg\u00fan el Ministerio de Hacienda, estos recursos son insuficientes no solo para asumir las deudas de 2022, sino tambi\u00e9n para cubrir los valores pendientes de este a\u00f1o, porque desde julio no se han girado los dineros correspondientes a los presupuestos m\u00e1ximos. A la fecha, las deudas se calculan en m\u00e1s de $ 2,0 billones.<\/span><\/strong><\/p>\n<p>En el pa\u00eds, se han identificado mayoritariamente pacientes en el rango entre 15 y 19 a\u00f1os. Sin embargo, en el registro se tiene conocimiento de pacientes entre 0 y 4 a\u00f1os, y en el rango mayor de m\u00e1s de 80 a\u00f1os.<\/p>\n<figure id=\"attachment_43184\" aria-describedby=\"caption-attachment-43184\" style=\"width: 300px\" class=\"wp-caption alignleft\"><a href=\"https:\/\/contraluzcucuta.co\/wp-content\/uploads\/2024\/08\/ENFERMEDADES-HUERFANAS-2.webp\"><img loading=\"lazy\" decoding=\"async\" class=\"size-medium wp-image-43184\" src=\"https:\/\/contraluzcucuta.co\/wp-content\/uploads\/2024\/08\/ENFERMEDADES-HUERFANAS-2-300x169.webp\" alt=\"\" width=\"300\" height=\"169\" srcset=\"https:\/\/contraluzcucuta.co\/wp-content\/uploads\/2024\/08\/ENFERMEDADES-HUERFANAS-2-300x169.webp 300w, https:\/\/contraluzcucuta.co\/wp-content\/uploads\/2024\/08\/ENFERMEDADES-HUERFANAS-2-600x337.webp 600w, https:\/\/contraluzcucuta.co\/wp-content\/uploads\/2024\/08\/ENFERMEDADES-HUERFANAS-2-1024x576.webp 1024w, https:\/\/contraluzcucuta.co\/wp-content\/uploads\/2024\/08\/ENFERMEDADES-HUERFANAS-2-768x432.webp 768w, https:\/\/contraluzcucuta.co\/wp-content\/uploads\/2024\/08\/ENFERMEDADES-HUERFANAS-2.webp 1366w\" sizes=\"auto, (max-width: 300px) 100vw, 300px\" \/><\/a><figcaption id=\"caption-attachment-43184\" class=\"wp-caption-text\"><em>Foto: agenciapi.co<\/em><\/figcaption><\/figure>\n<p><strong>\u00bfQu\u00e9 es una enfermedad hu\u00e9rfana?<\/strong><\/p>\n<ul>\n<li><em>En Col\u200bombia una enfermedad hu\u00e9rfana es aquella cr\u00f3nicamente debilitante, grave, que amenaza la vida y con una prevalencia (la medida de todos los individuos afectados por una enfermedad dentro de un periodo particular de tiempo) menor de 1 por cada 5.000 personas, comprenden, las enfermedades raras, las ultra hu\u00e9rfanas y olvidadas. <\/em>(Ley 1392 de 2010\/Ley 1438 de 2011).<\/li>\n<\/ul>\n<p>M\u00e1s de 100.000 casos hoy se encuentran en el registro de pacientes con enfermedades poco frecuentes. Algunas de las 2247 enfermedades hu\u00e9rfanas reconocidas en Colombia son:<\/p>\n<p>S\u00edndrome Ablefaron macrostomia, Acatalasemia, Aciduria mal\u00f3nica, Acondroplasia, Ataxia telangiectasia, Braquidactilia no especificada, Cabello escaso &#8211; baja estatura &#8211; pulgares hipopl\u00e1sticos &#8211; hipodoncia &#8211; anomal\u00edas de la piel, Coroideremia, Demencia frontotemporal, Enanismo tanatoforico, Enfermedad de Wilson, Fructosuria, Homocarnosinosis y Purpura Trombocitop\u00e9nica Tromb\u00f3tica.<\/p>\n<p>De acuerdo con Luz Victoria Salazar, presidente del consejo directivo del Observatorio Interinstitucional de Enfermedades Hu\u00e9rfanas (ENHU) y Diego Fernando Gil director ejecutivo de la Federaci\u00f3n Colombiana de Enfermedades Raras (FECOER) el tema de recursos no puede poner en vilo la salud de los pacientes que son sujetos de especial protecci\u00f3n.<\/p>\n","protected":false},"excerpt":{"rendered":"<p>BOGOT\u00c1.- La situaci\u00f3n de los pacientes con enfermedades hu\u00e9rfanas en Colombia se vuelve cada d\u00eda m\u00e1s cr\u00edtica debido a la falta de recursos econ\u00f3micos. Seg\u00fan el Ministerio de Hacienda, estos recursos son insuficientes no solo para asumir las deudas de 2022, sino tambi\u00e9n para cubrir los valores pendientes de este a\u00f1o, porque desde julio no &hellip;<\/p>\n","protected":false},"author":1,"featured_media":43183,"comment_status":"open","ping_status":"open","sticky":false,"template":"","format":"standard","meta":{"footnotes":""},"categories":[11,4],"tags":[6635,6636,6637,3759],"class_list":["post-43182","post","type-post","status-publish","format-standard","has-post-thumbnail","hentry","category-cronica-roja","category-barra","tag-enfermedades-huerfanas","tag-enhu","tag-fecoer","tag-ministerio-de-hacienda"],"_links":{"self":[{"href":"https:\/\/contraluzcucuta.co\/index.php?rest_route=\/wp\/v2\/posts\/43182","targetHints":{"allow":["GET"]}}],"collection":[{"href":"https:\/\/contraluzcucuta.co\/index.php?rest_route=\/wp\/v2\/posts"}],"about":[{"href":"https:\/\/contraluzcucuta.co\/index.php?rest_route=\/wp\/v2\/types\/post"}],"author":[{"embeddable":true,"href":"https:\/\/contraluzcucuta.co\/index.php?rest_route=\/wp\/v2\/users\/1"}],"replies":[{"embeddable":true,"href":"https:\/\/contraluzcucuta.co\/index.php?rest_route=%2Fwp%2Fv2%2Fcomments&post=43182"}],"version-history":[{"count":1,"href":"https:\/\/contraluzcucuta.co\/index.php?rest_route=\/wp\/v2\/posts\/43182\/revisions"}],"predecessor-version":[{"id":43185,"href":"https:\/\/contraluzcucuta.co\/index.php?rest_route=\/wp\/v2\/posts\/43182\/revisions\/43185"}],"wp:featuredmedia":[{"embeddable":true,"href":"https:\/\/contraluzcucuta.co\/index.php?rest_route=\/wp\/v2\/media\/43183"}],"wp:attachment":[{"href":"https:\/\/contraluzcucuta.co\/index.php?rest_route=%2Fwp%2Fv2%2Fmedia&parent=43182"}],"wp:term":[{"taxonomy":"category","embeddable":true,"href":"https:\/\/contraluzcucuta.co\/index.php?rest_route=%2Fwp%2Fv2%2Fcategories&post=43182"},{"taxonomy":"post_tag","embeddable":true,"href":"https:\/\/contraluzcucuta.co\/index.php?rest_route=%2Fwp%2Fv2%2Ftags&post=43182"}],"curies":[{"name":"wp","href":"https:\/\/api.w.org\/{rel}","templated":true}]}}