{"id":43178,"date":"2024-08-28T15:52:44","date_gmt":"2024-08-28T20:52:44","guid":{"rendered":"https:\/\/contraluzcucuta.co\/?p=43178"},"modified":"2024-08-28T15:52:44","modified_gmt":"2024-08-28T20:52:44","slug":"fiesta-del-libro-de-cucuta-centro-nacional-traera-las-memorias-del-conflicto-armado","status":"publish","type":"post","link":"https:\/\/contraluzcucuta.co\/?p=43178","title":{"rendered":"FIESTA DEL LIBRO DE C\u00daCUTA. Centro Nacional traer\u00e1 las memorias del conflicto armado"},"content":{"rendered":"<p style=\"padding-left: 40px; text-align: right;\"><strong><span style=\"color: #ff9900;\">C\u00daCUTA.- El Centro Nacional de Memoria Hist\u00f3rica (CNMH) participar\u00e1 en la vig\u00e9sima edici\u00f3n de la Fiesta del Libro de C\u00facuta (FliC), entre el 2 y el 7 de septiembre. M\u00e1s de 30 talleres, conversatorios y otras actividades les dar\u00e1n voz a los territorios y permitir\u00e1n que las historias y las memorias sean escuchadas y reconocidas.<\/span><\/strong><\/p>\n<figure id=\"attachment_43180\" aria-describedby=\"caption-attachment-43180\" style=\"width: 245px\" class=\"wp-caption alignleft\"><a href=\"https:\/\/contraluzcucuta.co\/wp-content\/uploads\/2024\/08\/BIBLIOTECA-PUBLICA-8.jpeg\"><img loading=\"lazy\" decoding=\"async\" class=\" wp-image-43180\" src=\"https:\/\/contraluzcucuta.co\/wp-content\/uploads\/2024\/08\/BIBLIOTECA-PUBLICA-8-300x225.jpeg\" alt=\"\" width=\"245\" height=\"184\" srcset=\"https:\/\/contraluzcucuta.co\/wp-content\/uploads\/2024\/08\/BIBLIOTECA-PUBLICA-8-300x225.jpeg 300w, https:\/\/contraluzcucuta.co\/wp-content\/uploads\/2024\/08\/BIBLIOTECA-PUBLICA-8-600x450.jpeg 600w, https:\/\/contraluzcucuta.co\/wp-content\/uploads\/2024\/08\/BIBLIOTECA-PUBLICA-8-1024x768.jpeg 1024w, https:\/\/contraluzcucuta.co\/wp-content\/uploads\/2024\/08\/BIBLIOTECA-PUBLICA-8-768x576.jpeg 768w, https:\/\/contraluzcucuta.co\/wp-content\/uploads\/2024\/08\/BIBLIOTECA-PUBLICA-8.jpeg 1280w\" sizes=\"auto, (max-width: 245px) 100vw, 245px\" \/><\/a><figcaption id=\"caption-attachment-43180\" class=\"wp-caption-text\"><em>Foto: contraluzcucuta<\/em><\/figcaption><\/figure>\n<p>En la Biblioteca P\u00fablica Julio P\u00e9rez Ferrero, en el estand del CNMH se escuchar\u00e1n \u201cTodas las memorias todas\u201d por medio de historias, voces, narrativas y talentos. Lo anterior, sumado al lema de la FliC: \u201cHistorias que nos unen\u201d, para promover espacios en torno a los libros, la memoria y la voluntad de construir una paz duradera.<\/p>\n<p>Los asistentes podr\u00e1n conocer el trabajo del Centro, especialmente, aquellos procesos de construcci\u00f3n de memoria hist\u00f3rica y esclarecimiento de la verdad en Norte de Santander.<\/p>\n<p>La programaci\u00f3n es la siguiente:<\/p>\n<ul>\n<li>Conversatorio: \u00abTomar la palabra en medio de las balas\u00bb<\/li>\n<\/ul>\n<p>2 de septiembre de 6:00 de la tarde a 7:30 de la noche<\/p>\n<ul>\n<li>Conversatorio con periodistas de la regi\u00f3n sobre el riesgo de informar desde el contexto de frontera.<\/li>\n<li>Prelanzamiento del libro: \u201c\u00bfQu\u00e9 le digo yo? Ya no se sab\u00eda qu\u00e9 dol\u00eda m\u00e1s\u201d<\/li>\n<\/ul>\n<p>Fecha: 4 de septiembre de 6:00 de la tarde a 7:30 de la noche<\/p>\n<ul>\n<li>Conversatorio: \u00abMemorias de sobrevivientes al Bloque Catatumbo\u00bb<\/li>\n<\/ul>\n<p>Fecha: 5 de septiembre de 6:00 de la tarde a 7:30 de la noche<\/p>\n<ul>\n<li>Conversatorio: \u00abHistorias de mi barrio, Antonia Santos\u00bb<\/li>\n<\/ul>\n<p>Fecha: 7 de septiembre de 4:00 a 5:30 de la tarde<\/p>\n","protected":false},"excerpt":{"rendered":"<p>C\u00daCUTA.- El Centro Nacional de Memoria Hist\u00f3rica (CNMH) participar\u00e1 en la vig\u00e9sima edici\u00f3n de la Fiesta del Libro de C\u00facuta (FliC), entre el 2 y el 7 de septiembre. M\u00e1s de 30 talleres, conversatorios y otras actividades les dar\u00e1n voz a los territorios y permitir\u00e1n que las historias y las memorias sean escuchadas y reconocidas. &hellip;<\/p>\n","protected":false},"author":1,"featured_media":43179,"comment_status":"open","ping_status":"open","sticky":false,"template":"","format":"standard","meta":{"footnotes":""},"categories":[45,4],"tags":[370,3678,1593],"class_list":["post-43178","post","type-post","status-publish","format-standard","has-post-thumbnail","hentry","category-destacado","category-barra","tag-biblioteca-julio-perez-ferrero","tag-centro-nacional-de-memoria-historica","tag-fiesta-del-libro-de-cucuta"],"_links":{"self":[{"href":"https:\/\/contraluzcucuta.co\/index.php?rest_route=\/wp\/v2\/posts\/43178","targetHints":{"allow":["GET"]}}],"collection":[{"href":"https:\/\/contraluzcucuta.co\/index.php?rest_route=\/wp\/v2\/posts"}],"about":[{"href":"https:\/\/contraluzcucuta.co\/index.php?rest_route=\/wp\/v2\/types\/post"}],"author":[{"embeddable":true,"href":"https:\/\/contraluzcucuta.co\/index.php?rest_route=\/wp\/v2\/users\/1"}],"replies":[{"embeddable":true,"href":"https:\/\/contraluzcucuta.co\/index.php?rest_route=%2Fwp%2Fv2%2Fcomments&post=43178"}],"version-history":[{"count":1,"href":"https:\/\/contraluzcucuta.co\/index.php?rest_route=\/wp\/v2\/posts\/43178\/revisions"}],"predecessor-version":[{"id":43181,"href":"https:\/\/contraluzcucuta.co\/index.php?rest_route=\/wp\/v2\/posts\/43178\/revisions\/43181"}],"wp:featuredmedia":[{"embeddable":true,"href":"https:\/\/contraluzcucuta.co\/index.php?rest_route=\/wp\/v2\/media\/43179"}],"wp:attachment":[{"href":"https:\/\/contraluzcucuta.co\/index.php?rest_route=%2Fwp%2Fv2%2Fmedia&parent=43178"}],"wp:term":[{"taxonomy":"category","embeddable":true,"href":"https:\/\/contraluzcucuta.co\/index.php?rest_route=%2Fwp%2Fv2%2Fcategories&post=43178"},{"taxonomy":"post_tag","embeddable":true,"href":"https:\/\/contraluzcucuta.co\/index.php?rest_route=%2Fwp%2Fv2%2Ftags&post=43178"}],"curies":[{"name":"wp","href":"https:\/\/api.w.org\/{rel}","templated":true}]}}