{"id":43174,"date":"2024-08-28T15:27:10","date_gmt":"2024-08-28T20:27:10","guid":{"rendered":"https:\/\/contraluzcucuta.co\/?p=43174"},"modified":"2024-08-28T15:27:10","modified_gmt":"2024-08-28T20:27:10","slug":"centro-creativo-kruw-motor-clave-para-la-colaboracion-y-el-desarrollo-empresarial","status":"publish","type":"post","link":"https:\/\/contraluzcucuta.co\/?p=43174","title":{"rendered":"CENTRO CREATIVO KRUW. Motor clave para la colaboraci\u00f3n y el desarrollo empresarial"},"content":{"rendered":"<figure id=\"attachment_43176\" aria-describedby=\"caption-attachment-43176\" style=\"width: 201px\" class=\"wp-caption alignleft\"><a href=\"https:\/\/contraluzcucuta.co\/wp-content\/uploads\/2024\/08\/CENTRO-KRUW-4.jpeg\"><img loading=\"lazy\" decoding=\"async\" class=\" wp-image-43176\" src=\"https:\/\/contraluzcucuta.co\/wp-content\/uploads\/2024\/08\/CENTRO-KRUW-4-215x300.jpeg\" alt=\"\" width=\"201\" height=\"280\" srcset=\"https:\/\/contraluzcucuta.co\/wp-content\/uploads\/2024\/08\/CENTRO-KRUW-4-215x300.jpeg 215w, https:\/\/contraluzcucuta.co\/wp-content\/uploads\/2024\/08\/CENTRO-KRUW-4.jpeg 425w\" sizes=\"auto, (max-width: 201px) 100vw, 201px\" \/><\/a><figcaption id=\"caption-attachment-43176\" class=\"wp-caption-text\"><em>Felipe Arias<\/em><\/figcaption><\/figure>\n<p><strong><span style=\"color: #ff9900;\">C\u00daCUTA.- Desde la Avenida Cero, el Centro de Innovaci\u00f3n Creativa Kruw se convierte en el espacio que promete ser motor clave para la creatividad, la colaboraci\u00f3n y el desarrollo empresarial en C\u00facuta y Norte de Santander. A partir de la puesta en funcionamiento se posiciona como punto de referencia en la transformaci\u00f3n digital y el crecimiento econ\u00f3mico local.<\/span><\/strong><\/p>\n<p>El conferenciante Felipe Arias ofreci\u00f3 una ponencia inspiradora sobre el impacto de la innovaci\u00f3n en el desarrollo regional. Subray\u00f3 la importancia de estos espacios para la promoci\u00f3n de un entorno en el que el talento y las ideas pueden florecer para fortalecer el tejido empresarial.<\/p>\n<p>El CEO de Wiedii, Andr\u00e9s Guti\u00e9rrez, empresa pionera que tendr\u00e1 sede en Kruw, coment\u00f3 que \u201clo que hoy celebramos no es solo la apertura de un espacio f\u00edsico, sino la realizaci\u00f3n de un sue\u00f1o compartido por muchos que creen en el poder de la innovaci\u00f3n, la creatividad y el trabajo productivo\u201d.<\/p>\n<p>La Alcald\u00eda de C\u00facuta acompa\u00f1\u00f3 la inauguraci\u00f3n. El alcalde encargado Nadim Bayona manifest\u00f3 que \u201ccreemos, firmemente, en el potencial de proyectos innovadores, para fortalecer la econom\u00eda local y ofrecer nuevas oportunidades para los ciudadanos\u201d.<\/p>\n<p>&nbsp;<\/p>\n","protected":false},"excerpt":{"rendered":"<p>C\u00daCUTA.- Desde la Avenida Cero, el Centro de Innovaci\u00f3n Creativa Kruw se convierte en el espacio que promete ser motor clave para la creatividad, la colaboraci\u00f3n y el desarrollo empresarial en C\u00facuta y Norte de Santander. A partir de la puesta en funcionamiento se posiciona como punto de referencia en la transformaci\u00f3n digital y el &hellip;<\/p>\n","protected":false},"author":1,"featured_media":43175,"comment_status":"open","ping_status":"open","sticky":false,"template":"","format":"standard","meta":{"footnotes":""},"categories":[4,6],"tags":[226,6633,2717,6634],"class_list":["post-43174","post","type-post","status-publish","format-standard","has-post-thumbnail","hentry","category-barra","category-ojo-avizor","tag-alcaldia-de-cucuta","tag-centro-de-innovacion-creativa-kruw","tag-desarrollo-regional","tag-wiedii"],"_links":{"self":[{"href":"https:\/\/contraluzcucuta.co\/index.php?rest_route=\/wp\/v2\/posts\/43174","targetHints":{"allow":["GET"]}}],"collection":[{"href":"https:\/\/contraluzcucuta.co\/index.php?rest_route=\/wp\/v2\/posts"}],"about":[{"href":"https:\/\/contraluzcucuta.co\/index.php?rest_route=\/wp\/v2\/types\/post"}],"author":[{"embeddable":true,"href":"https:\/\/contraluzcucuta.co\/index.php?rest_route=\/wp\/v2\/users\/1"}],"replies":[{"embeddable":true,"href":"https:\/\/contraluzcucuta.co\/index.php?rest_route=%2Fwp%2Fv2%2Fcomments&post=43174"}],"version-history":[{"count":1,"href":"https:\/\/contraluzcucuta.co\/index.php?rest_route=\/wp\/v2\/posts\/43174\/revisions"}],"predecessor-version":[{"id":43177,"href":"https:\/\/contraluzcucuta.co\/index.php?rest_route=\/wp\/v2\/posts\/43174\/revisions\/43177"}],"wp:featuredmedia":[{"embeddable":true,"href":"https:\/\/contraluzcucuta.co\/index.php?rest_route=\/wp\/v2\/media\/43175"}],"wp:attachment":[{"href":"https:\/\/contraluzcucuta.co\/index.php?rest_route=%2Fwp%2Fv2%2Fmedia&parent=43174"}],"wp:term":[{"taxonomy":"category","embeddable":true,"href":"https:\/\/contraluzcucuta.co\/index.php?rest_route=%2Fwp%2Fv2%2Fcategories&post=43174"},{"taxonomy":"post_tag","embeddable":true,"href":"https:\/\/contraluzcucuta.co\/index.php?rest_route=%2Fwp%2Fv2%2Ftags&post=43174"}],"curies":[{"name":"wp","href":"https:\/\/api.w.org\/{rel}","templated":true}]}}