{"id":43144,"date":"2024-08-27T05:21:57","date_gmt":"2024-08-27T10:21:57","guid":{"rendered":"https:\/\/contraluzcucuta.co\/?p=43144"},"modified":"2024-08-27T05:21:57","modified_gmt":"2024-08-27T10:21:57","slug":"dando-nueva-vida-70-habitantes-de-calle-han-dicho-si","status":"publish","type":"post","link":"https:\/\/contraluzcucuta.co\/?p=43144","title":{"rendered":"\u2018DANDO NUEVA VIDA\u2019. 70 habitantes de calle han dicho \u2018s\u00ed\u2019"},"content":{"rendered":"<p style=\"padding-left: 40px; text-align: right;\"><strong><span style=\"color: #ff9900;\">C\u00daCUTA.- Setenta personas han dicho \u2018s\u00ed\u2019 a la estrategia \u2018Dando Nueva Vida\u2019, ejecutada por el Departamento Administrativo de Bienestar Social (DABS). El programa les permitir\u00e1 ser parte del proceso de rehabilitaci\u00f3n y reinserci\u00f3n a la vida social, laboral y familiar.<\/span><\/strong><\/p>\n<p><a href=\"https:\/\/contraluzcucuta.co\/wp-content\/uploads\/2024\/08\/HABITANTES-DE-CALLE-REFUGIO-7.jpg\"><img loading=\"lazy\" decoding=\"async\" class=\"alignnone  wp-image-43146 alignleft\" src=\"https:\/\/contraluzcucuta.co\/wp-content\/uploads\/2024\/08\/HABITANTES-DE-CALLE-REFUGIO-7-300x169.jpg\" alt=\"\" width=\"249\" height=\"140\" srcset=\"https:\/\/contraluzcucuta.co\/wp-content\/uploads\/2024\/08\/HABITANTES-DE-CALLE-REFUGIO-7-300x169.jpg 300w, https:\/\/contraluzcucuta.co\/wp-content\/uploads\/2024\/08\/HABITANTES-DE-CALLE-REFUGIO-7-600x337.jpg 600w, https:\/\/contraluzcucuta.co\/wp-content\/uploads\/2024\/08\/HABITANTES-DE-CALLE-REFUGIO-7-1024x576.jpg 1024w, https:\/\/contraluzcucuta.co\/wp-content\/uploads\/2024\/08\/HABITANTES-DE-CALLE-REFUGIO-7-768x432.jpg 768w, https:\/\/contraluzcucuta.co\/wp-content\/uploads\/2024\/08\/HABITANTES-DE-CALLE-REFUGIO-7.jpg 1080w\" sizes=\"auto, (max-width: 249px) 100vw, 249px\" \/><\/a><\/p>\n<p>Los que aceptan ser parte de la iniciativa lo hacen de manera voluntaria. \u201cLa administraci\u00f3n municipal les garantiza el inicio del proceso de rehabilitaci\u00f3n en centros especializados de la regi\u00f3n\u201d, dijo el alcalde Jorge Acevedo. Reciben tratamiento y acompa\u00f1amiento por parte de toxic\u00f3logos, trabajadores sociales y sic\u00f3logos.<\/p>\n<p>La directora de Bienestar Social, Beatriz V\u00e9lez, coment\u00f3 que \u201cestamos felices con este programa. Este no es un proceso de ayer para hoy, sino un trabajo continuo que se adelanta en los puntos de captaci\u00f3n\u201d. Hasta los \u2018parches\u2019 llega el equipo del DABS para motivarlos y convencerlos para que comiencen a recorrer el camino de resocializaci\u00f3n.<\/p>\n<p>El director de la Fundaci\u00f3n Una Luz en el Norte, Yesid Vega, afirm\u00f3 que el primer paso es la inteligencia emocional y que puedan encontrar un primer espacio de la emoci\u00f3n al pensamiento. \u201cVan a recibir terapia, recreaci\u00f3n, l\u00fadica, sicolog\u00eda, trabajo social, neuroterapia y ciencia aplicada para combatir las adicciones\u201d.<\/p>\n<p>Para lograr la meta propuesta por el alcalde de brindar nuevas oportunidades a los habitantes de calle, un equipo interdisciplinario sale a las v\u00edas de la ciudad a sensibilizar e incentivar a esa poblaci\u00f3n vulnerable. El objetivo es que, al terminar el cuatrienio, mil habitantes en la indigencia se hayan rehabilitado y est\u00e9n aport\u00e1ndole al desarrollo de C\u00facuta.<\/p>\n","protected":false},"excerpt":{"rendered":"<p>C\u00daCUTA.- Setenta personas han dicho \u2018s\u00ed\u2019 a la estrategia \u2018Dando Nueva Vida\u2019, ejecutada por el Departamento Administrativo de Bienestar Social (DABS). El programa les permitir\u00e1 ser parte del proceso de rehabilitaci\u00f3n y reinserci\u00f3n a la vida social, laboral y familiar. Los que aceptan ser parte de la iniciativa lo hacen de manera voluntaria. \u201cLa administraci\u00f3n &hellip;<\/p>\n","protected":false},"author":1,"featured_media":43145,"comment_status":"open","ping_status":"open","sticky":false,"template":"","format":"standard","meta":{"footnotes":""},"categories":[2625,4],"tags":[2786,6590,6627],"class_list":["post-43144","post","type-post","status-publish","format-standard","has-post-thumbnail","hentry","category-alcaldia-de-cucuta","category-barra","tag-bienestar-social-municipal","tag-dando-nueva-vida","tag-fundacion-una-luz-en-el-norte"],"_links":{"self":[{"href":"https:\/\/contraluzcucuta.co\/index.php?rest_route=\/wp\/v2\/posts\/43144","targetHints":{"allow":["GET"]}}],"collection":[{"href":"https:\/\/contraluzcucuta.co\/index.php?rest_route=\/wp\/v2\/posts"}],"about":[{"href":"https:\/\/contraluzcucuta.co\/index.php?rest_route=\/wp\/v2\/types\/post"}],"author":[{"embeddable":true,"href":"https:\/\/contraluzcucuta.co\/index.php?rest_route=\/wp\/v2\/users\/1"}],"replies":[{"embeddable":true,"href":"https:\/\/contraluzcucuta.co\/index.php?rest_route=%2Fwp%2Fv2%2Fcomments&post=43144"}],"version-history":[{"count":1,"href":"https:\/\/contraluzcucuta.co\/index.php?rest_route=\/wp\/v2\/posts\/43144\/revisions"}],"predecessor-version":[{"id":43147,"href":"https:\/\/contraluzcucuta.co\/index.php?rest_route=\/wp\/v2\/posts\/43144\/revisions\/43147"}],"wp:featuredmedia":[{"embeddable":true,"href":"https:\/\/contraluzcucuta.co\/index.php?rest_route=\/wp\/v2\/media\/43145"}],"wp:attachment":[{"href":"https:\/\/contraluzcucuta.co\/index.php?rest_route=%2Fwp%2Fv2%2Fmedia&parent=43144"}],"wp:term":[{"taxonomy":"category","embeddable":true,"href":"https:\/\/contraluzcucuta.co\/index.php?rest_route=%2Fwp%2Fv2%2Fcategories&post=43144"},{"taxonomy":"post_tag","embeddable":true,"href":"https:\/\/contraluzcucuta.co\/index.php?rest_route=%2Fwp%2Fv2%2Ftags&post=43144"}],"curies":[{"name":"wp","href":"https:\/\/api.w.org\/{rel}","templated":true}]}}