{"id":43140,"date":"2024-08-26T18:43:05","date_gmt":"2024-08-26T23:43:05","guid":{"rendered":"https:\/\/contraluzcucuta.co\/?p=43140"},"modified":"2024-08-26T18:43:05","modified_gmt":"2024-08-26T23:43:05","slug":"cardiologia-pediatrica-brigada-evaluara-a-300-menores-de-edad-en-norte-de-santander","status":"publish","type":"post","link":"https:\/\/contraluzcucuta.co\/?p=43140","title":{"rendered":"CARDIOLOG\u00cdA PEDI\u00c1TRICA. Brigada evaluar\u00e1 a 300 menores de edad en Norte de Santander"},"content":{"rendered":"<p style=\"padding-left: 40px; text-align: right;\"><strong><span style=\"color: #ff9900;\">C\u00daCUTA.- Trescientos ni\u00f1os y adolescentes, de 0 a 17 a\u00f1os, con enfermedades card\u00edacas, ser\u00e1n evaluados en atenci\u00f3n especializada para diagn\u00f3stico y tratamiento. La Gobernaci\u00f3n de Norte de Santander, el Hospital Universitario Erasmo Meoz y la Asociaci\u00f3n Servir Obras Sociales presentaron en C\u00facuta la brigada de cardiolog\u00eda pedi\u00e1trica.<\/span><\/strong><\/p>\n<p><a href=\"https:\/\/contraluzcucuta.co\/wp-content\/uploads\/2024\/08\/BRIGADA-DE-CARDIOLOGIA-2-scaled.jpg\"><img loading=\"lazy\" decoding=\"async\" class=\"alignnone  wp-image-43142 alignleft\" src=\"https:\/\/contraluzcucuta.co\/wp-content\/uploads\/2024\/08\/BRIGADA-DE-CARDIOLOGIA-2-300x200.jpg\" alt=\"\" width=\"248\" height=\"165\" srcset=\"https:\/\/contraluzcucuta.co\/wp-content\/uploads\/2024\/08\/BRIGADA-DE-CARDIOLOGIA-2-300x200.jpg 300w, https:\/\/contraluzcucuta.co\/wp-content\/uploads\/2024\/08\/BRIGADA-DE-CARDIOLOGIA-2-600x400.jpg 600w, https:\/\/contraluzcucuta.co\/wp-content\/uploads\/2024\/08\/BRIGADA-DE-CARDIOLOGIA-2-1024x683.jpg 1024w, https:\/\/contraluzcucuta.co\/wp-content\/uploads\/2024\/08\/BRIGADA-DE-CARDIOLOGIA-2-768x512.jpg 768w, https:\/\/contraluzcucuta.co\/wp-content\/uploads\/2024\/08\/BRIGADA-DE-CARDIOLOGIA-2-1536x1024.jpg 1536w, https:\/\/contraluzcucuta.co\/wp-content\/uploads\/2024\/08\/BRIGADA-DE-CARDIOLOGIA-2-2048x1365.jpg 2048w, https:\/\/contraluzcucuta.co\/wp-content\/uploads\/2024\/08\/BRIGADA-DE-CARDIOLOGIA-2-310x205.jpg 310w\" sizes=\"auto, (max-width: 248px) 100vw, 248px\" \/><\/a><\/p>\n<p>El programa ofrecer\u00e1 atenci\u00f3n a menores de edad con enfermedades card\u00edacas y garantizar\u00e1 el acceso oportuno a diagn\u00f3sticos y tratamientos de alta calidad. El proyecto es liderado por la gestora social Cecilia Soler.<\/p>\n<p>\u201cLa salud de nuestros ni\u00f1os es una prioridad. Con esta brigada no solo buscamos salvar vidas, sino tambi\u00e9n mejorar la calidad de vida de las familias nortesantandereanas\u201d, dijo.<\/p>\n<p>En el 2023, fueron evaluaron 227 menores e identificados 21 como prioritarios para recibir orientaci\u00f3n y atenci\u00f3n integral en desarrollo del programa Regale una Vida, de la Fundaci\u00f3n Cardioinfantil. Han sido atendidos 10 ni\u00f1os y los dem\u00e1s recibir\u00e1n tratamiento en los pr\u00f3ximos meses.<\/p>\n<p>La brigada de cardiolog\u00eda pedi\u00e1trica se llevar\u00e1 a cabo, como en a\u00f1os anteriores, en el Hospital Universitario Erasmo Meoz, el 4 y 5 de octubre. Participar\u00e1n especialistas en cardiolog\u00eda pedi\u00e1trica. Adem\u00e1s de consultas y ex\u00e1menes m\u00e9dicos, se practicar\u00e1n cirug\u00edas y tratamientos avanzados, sin costo para las familias beneficiadas.<\/p>\n<p>La iniciativa de la Gobernaci\u00f3n de Norte de Santander pretende mejorar los servicios de salud en la regi\u00f3n y demostrar el compromiso constante con el bienestar y desarrollo de los habitantes. Se busca cerrar brechas en el acceso a la salud y garantizar que los ni\u00f1os, sin importar condici\u00f3n econ\u00f3mica, accedan a los cuidados que necesitan para el crecimiento saludable.<\/p>\n<p><strong>Inyer Afanador \u2013 Gobernaci\u00f3n de Norte de Santander<\/strong><\/p>\n","protected":false},"excerpt":{"rendered":"<p>C\u00daCUTA.- Trescientos ni\u00f1os y adolescentes, de 0 a 17 a\u00f1os, con enfermedades card\u00edacas, ser\u00e1n evaluados en atenci\u00f3n especializada para diagn\u00f3stico y tratamiento. La Gobernaci\u00f3n de Norte de Santander, el Hospital Universitario Erasmo Meoz y la Asociaci\u00f3n Servir Obras Sociales presentaron en C\u00facuta la brigada de cardiolog\u00eda pedi\u00e1trica. El programa ofrecer\u00e1 atenci\u00f3n a menores de edad &hellip;<\/p>\n","protected":false},"author":1,"featured_media":43141,"comment_status":"open","ping_status":"open","sticky":false,"template":"","format":"standard","meta":{"footnotes":""},"categories":[4,36],"tags":[6625,4341,2715,379,1579,6626],"class_list":["post-43140","post","type-post","status-publish","format-standard","has-post-thumbnail","hentry","category-barra","category-la-voz-del-pueblo","tag-cardiologia-pedriatica","tag-fundacion-cardioinfantil","tag-gestora-social-cecilia-soler","tag-gobernacion-de-norte-de-santander","tag-hospital-universitario-erasmo-meoz","tag-programa-regale-una-vida"],"_links":{"self":[{"href":"https:\/\/contraluzcucuta.co\/index.php?rest_route=\/wp\/v2\/posts\/43140","targetHints":{"allow":["GET"]}}],"collection":[{"href":"https:\/\/contraluzcucuta.co\/index.php?rest_route=\/wp\/v2\/posts"}],"about":[{"href":"https:\/\/contraluzcucuta.co\/index.php?rest_route=\/wp\/v2\/types\/post"}],"author":[{"embeddable":true,"href":"https:\/\/contraluzcucuta.co\/index.php?rest_route=\/wp\/v2\/users\/1"}],"replies":[{"embeddable":true,"href":"https:\/\/contraluzcucuta.co\/index.php?rest_route=%2Fwp%2Fv2%2Fcomments&post=43140"}],"version-history":[{"count":1,"href":"https:\/\/contraluzcucuta.co\/index.php?rest_route=\/wp\/v2\/posts\/43140\/revisions"}],"predecessor-version":[{"id":43143,"href":"https:\/\/contraluzcucuta.co\/index.php?rest_route=\/wp\/v2\/posts\/43140\/revisions\/43143"}],"wp:featuredmedia":[{"embeddable":true,"href":"https:\/\/contraluzcucuta.co\/index.php?rest_route=\/wp\/v2\/media\/43141"}],"wp:attachment":[{"href":"https:\/\/contraluzcucuta.co\/index.php?rest_route=%2Fwp%2Fv2%2Fmedia&parent=43140"}],"wp:term":[{"taxonomy":"category","embeddable":true,"href":"https:\/\/contraluzcucuta.co\/index.php?rest_route=%2Fwp%2Fv2%2Fcategories&post=43140"},{"taxonomy":"post_tag","embeddable":true,"href":"https:\/\/contraluzcucuta.co\/index.php?rest_route=%2Fwp%2Fv2%2Ftags&post=43140"}],"curies":[{"name":"wp","href":"https:\/\/api.w.org\/{rel}","templated":true}]}}