{"id":43132,"date":"2024-08-26T04:22:28","date_gmt":"2024-08-26T09:22:28","guid":{"rendered":"https:\/\/contraluzcucuta.co\/?p=43132"},"modified":"2024-08-26T04:22:28","modified_gmt":"2024-08-26T09:22:28","slug":"video-anonimo-se-busca-manchar-la-reputacion-de-la-iglesia-en-tachira","status":"publish","type":"post","link":"https:\/\/contraluzcucuta.co\/?p=43132","title":{"rendered":"VIDEO AN\u00d3NIMO. \u201cSe busca manchar la reputaci\u00f3n de la Iglesia en T\u00e1chira\u201d"},"content":{"rendered":"<p style=\"padding-left: 40px; text-align: right;\"><strong><span style=\"color: #ff9900;\">SAN CRIST\u00d3BAL \u2013 Venezuela.- La Di\u00f3cesis de San Crist\u00f3bal (Venezuela) sali\u00f3 al paso de un v\u00eddeo que ha circulado, en las \u00faltimas horas, en formato de <em>reel<\/em> en plataformas de redes sociales y que ha generado preocupaci\u00f3n entre los fieles cat\u00f3licos y la comunidad. El material difundido \u201cbusca manchar la reputaci\u00f3n de la Iglesia en T\u00e1chira y Venezuela\u201d, se\u00f1al\u00f3 en comunicado aclaratorio publicado por la Oficina de Prensa.<\/span><\/strong><\/p>\n<figure id=\"attachment_43134\" aria-describedby=\"caption-attachment-43134\" style=\"width: 300px\" class=\"wp-caption alignleft\"><a href=\"https:\/\/contraluzcucuta.co\/wp-content\/uploads\/2024\/08\/CARITAS-SAN-CRISTOBAL-5.jpg\"><img loading=\"lazy\" decoding=\"async\" class=\"size-medium wp-image-43134\" src=\"https:\/\/contraluzcucuta.co\/wp-content\/uploads\/2024\/08\/CARITAS-SAN-CRISTOBAL-5-300x159.jpg\" alt=\"\" width=\"300\" height=\"159\" srcset=\"https:\/\/contraluzcucuta.co\/wp-content\/uploads\/2024\/08\/CARITAS-SAN-CRISTOBAL-5-300x159.jpg 300w, https:\/\/contraluzcucuta.co\/wp-content\/uploads\/2024\/08\/CARITAS-SAN-CRISTOBAL-5-600x319.jpg 600w, https:\/\/contraluzcucuta.co\/wp-content\/uploads\/2024\/08\/CARITAS-SAN-CRISTOBAL-5-768x408.jpg 768w, https:\/\/contraluzcucuta.co\/wp-content\/uploads\/2024\/08\/CARITAS-SAN-CRISTOBAL-5-310x165.jpg 310w, https:\/\/contraluzcucuta.co\/wp-content\/uploads\/2024\/08\/CARITAS-SAN-CRISTOBAL-5.jpg 772w\" sizes=\"auto, (max-width: 300px) 100vw, 300px\" \/><\/a><figcaption id=\"caption-attachment-43134\" class=\"wp-caption-text\"><em>Foto: Caritas Internacionalis<\/em><\/figcaption><\/figure>\n<p>\u201cEl video, cuyo autor permanece en el anonimato, presenta un mensaje descontextualizado en el que se menciona a C\u00e1ritas de manera enga\u00f1osa, sugiriendo que esta instituci\u00f3n estar\u00eda manipulando a los creyentes para incitarlos a realizar actos de violencia\u201d.<\/p>\n<p>En el documento, la Di\u00f3cesis efect\u00faa varias precisiones sobre la naturaleza y los objetivos de C\u00e1ritas, y sobre el contenido del video.<\/p>\n<ul>\n<li>Es fundamental destacar que C\u00e1ritas no es una ONG, sino m\u00e1s bien una instituci\u00f3n con ra\u00edces profundas en la Iglesia Cat\u00f3lica. Su funcionamiento se extiende a cada di\u00f3cesis y tambi\u00e9n a muchas parroquias, buscando siempre brindar apoyo y servicio a la comunidad.<\/li>\n<li>El objetivo principal de C\u00e1ritas, seg\u00fan explican fuentes de la Di\u00f3cesis, es hacer operante la caridad que brota del Evangelio. Su labor se centra en la promoci\u00f3n humana y la asistencia a los m\u00e1s pobres y vulnerables de la sociedad, siempre desde una perspectiva de servicio, fraternidad y solidaridad.<\/li>\n<\/ul>\n<p>Subraya que el mensaje divulgado en el video est\u00e1 descontextualizado. \u201cTales acciones no act\u00faan apegadas a la libertad y, adem\u00e1s, se considera que promueven el odio. Este hecho no solo es visto como un acto de deslealtad hacia la comunidad, sino que tambi\u00e9n puede constituir un pecado y un delito\u201d.<\/p>\n<p>La Di\u00f3cesis inst\u00f3 a los cat\u00f3licos y a las personas de buena voluntad para que no se hagan eco del video, que \u201cbusca manchar la reputaci\u00f3n de la Iglesia en T\u00e1chira y Venezuela\u201d.<\/p>\n<p><strong>PrensaDiocesisSC<\/strong><\/p>\n","protected":false},"excerpt":{"rendered":"<p>SAN CRIST\u00d3BAL \u2013 Venezuela.- La Di\u00f3cesis de San Crist\u00f3bal (Venezuela) sali\u00f3 al paso de un v\u00eddeo que ha circulado, en las \u00faltimas horas, en formato de reel en plataformas de redes sociales y que ha generado preocupaci\u00f3n entre los fieles cat\u00f3licos y la comunidad. El material difundido \u201cbusca manchar la reputaci\u00f3n de la Iglesia en &hellip;<\/p>\n","protected":false},"author":1,"featured_media":43133,"comment_status":"open","ping_status":"open","sticky":false,"template":"","format":"standard","meta":{"footnotes":""},"categories":[1326,4],"tags":[6624,1584,1331],"class_list":["post-43132","post","type-post","status-publish","format-standard","has-post-thumbnail","hentry","category-crisis-en-venezuela-2","category-barra","tag-caritas","tag-diocesis-de-san-cristobal","tag-iglesia-catolica"],"_links":{"self":[{"href":"https:\/\/contraluzcucuta.co\/index.php?rest_route=\/wp\/v2\/posts\/43132","targetHints":{"allow":["GET"]}}],"collection":[{"href":"https:\/\/contraluzcucuta.co\/index.php?rest_route=\/wp\/v2\/posts"}],"about":[{"href":"https:\/\/contraluzcucuta.co\/index.php?rest_route=\/wp\/v2\/types\/post"}],"author":[{"embeddable":true,"href":"https:\/\/contraluzcucuta.co\/index.php?rest_route=\/wp\/v2\/users\/1"}],"replies":[{"embeddable":true,"href":"https:\/\/contraluzcucuta.co\/index.php?rest_route=%2Fwp%2Fv2%2Fcomments&post=43132"}],"version-history":[{"count":1,"href":"https:\/\/contraluzcucuta.co\/index.php?rest_route=\/wp\/v2\/posts\/43132\/revisions"}],"predecessor-version":[{"id":43135,"href":"https:\/\/contraluzcucuta.co\/index.php?rest_route=\/wp\/v2\/posts\/43132\/revisions\/43135"}],"wp:featuredmedia":[{"embeddable":true,"href":"https:\/\/contraluzcucuta.co\/index.php?rest_route=\/wp\/v2\/media\/43133"}],"wp:attachment":[{"href":"https:\/\/contraluzcucuta.co\/index.php?rest_route=%2Fwp%2Fv2%2Fmedia&parent=43132"}],"wp:term":[{"taxonomy":"category","embeddable":true,"href":"https:\/\/contraluzcucuta.co\/index.php?rest_route=%2Fwp%2Fv2%2Fcategories&post=43132"},{"taxonomy":"post_tag","embeddable":true,"href":"https:\/\/contraluzcucuta.co\/index.php?rest_route=%2Fwp%2Fv2%2Ftags&post=43132"}],"curies":[{"name":"wp","href":"https:\/\/api.w.org\/{rel}","templated":true}]}}