{"id":43116,"date":"2024-08-25T17:21:58","date_gmt":"2024-08-25T22:21:58","guid":{"rendered":"https:\/\/contraluzcucuta.co\/?p=43116"},"modified":"2024-08-25T17:21:58","modified_gmt":"2024-08-25T22:21:58","slug":"festival-de-las-colonias-tradicion-fiesta-y-belleza-de-norte-de-santander","status":"publish","type":"post","link":"https:\/\/contraluzcucuta.co\/?p=43116","title":{"rendered":"FESTIVAL DE LAS COLONIAS. Tradici\u00f3n, fiesta y belleza de Norte de Santander  \u00a0\u00a0"},"content":{"rendered":"<p style=\"padding-left: 40px; text-align: right;\"><strong><span style=\"color: #ff9900;\">C\u00daCUTA.- En un ambiente de alegr\u00eda y tradici\u00f3n transcurri\u00f3 el VII Festival Departamental de las Colonias en C\u00facuta. Decenas de nortesantandereanos se reunieron para disfrutar de eventos, entre los que destacaron la cultura, el arte y la gastronom\u00eda de la regi\u00f3n.<\/span><\/strong><\/p>\n<p>La Gobernaci\u00f3n de Norte de Santander cerr\u00f3, el 24 de agosto, con la jornada que fortaleci\u00f3 el sentido de pertenencia y promovi\u00f3 el turismo en el departamento.<\/p>\n<p><a href=\"https:\/\/contraluzcucuta.co\/wp-content\/uploads\/2024\/08\/FESTIVAL-DE-LAS-COLONIAS-9.jpg\"><img loading=\"lazy\" decoding=\"async\" class=\"alignnone  wp-image-43118 alignleft\" src=\"https:\/\/contraluzcucuta.co\/wp-content\/uploads\/2024\/08\/FESTIVAL-DE-LAS-COLONIAS-9-294x300.jpg\" alt=\"\" width=\"245\" height=\"250\" srcset=\"https:\/\/contraluzcucuta.co\/wp-content\/uploads\/2024\/08\/FESTIVAL-DE-LAS-COLONIAS-9-294x300.jpg 294w, https:\/\/contraluzcucuta.co\/wp-content\/uploads\/2024\/08\/FESTIVAL-DE-LAS-COLONIAS-9-600x612.jpg 600w, https:\/\/contraluzcucuta.co\/wp-content\/uploads\/2024\/08\/FESTIVAL-DE-LAS-COLONIAS-9-1004x1024.jpg 1004w, https:\/\/contraluzcucuta.co\/wp-content\/uploads\/2024\/08\/FESTIVAL-DE-LAS-COLONIAS-9-768x783.jpg 768w, https:\/\/contraluzcucuta.co\/wp-content\/uploads\/2024\/08\/FESTIVAL-DE-LAS-COLONIAS-9.jpg 1080w\" sizes=\"auto, (max-width: 245px) 100vw, 245px\" \/><\/a><\/p>\n<p><strong>Tributo a la tradici\u00f3n pamplonesa<\/strong><\/p>\n<p>La Primera Carrera de Carritos de Madera reuni\u00f3 a 36 competidores, en 18 veh\u00edculos, provenientes de Pamplona. Los pilotos revivieron la tradici\u00f3n cultural de la ciudad mitrada por m\u00e1s de medio siglo.<\/p>\n<p>\u00abEs un orgullo ver c\u00f3mo nuestros j\u00f3venes contin\u00faan estas tradiciones que forman parte del alma de Norte de Santander\u201d, dijo el gobernador William Villamizar.<\/p>\n<p><strong>Fest\u00edn para los sentidos<\/strong><\/p>\n<p>El festival continu\u00f3 con el colorido desfile de carrozas, en el que m\u00e1s de 20 municipios mostraron lo mejor de la cultura y la creatividad locales. La variada oferta gastron\u00f3mica y tur\u00edstica cautiv\u00f3 a los asistentes, que degustaron los sabores t\u00edpicos de la regi\u00f3n y conocieron sobre los atractivos de Norte de Santander.<\/p>\n<p>\u00abEste festival es una ventana al mundo para mostrar la riqueza cultural, art\u00edstica y gastron\u00f3mica de nuestra tierra\u201d, dijo Villamizar Laguado.<\/p>\n<p><a href=\"https:\/\/contraluzcucuta.co\/wp-content\/uploads\/2024\/08\/REINADO-DE-LAS-COLONIAS-1.jpg\"><img loading=\"lazy\" decoding=\"async\" class=\"alignnone  wp-image-43119 alignleft\" src=\"https:\/\/contraluzcucuta.co\/wp-content\/uploads\/2024\/08\/REINADO-DE-LAS-COLONIAS-1-300x200.jpg\" alt=\"\" width=\"257\" height=\"171\" srcset=\"https:\/\/contraluzcucuta.co\/wp-content\/uploads\/2024\/08\/REINADO-DE-LAS-COLONIAS-1-300x200.jpg 300w, https:\/\/contraluzcucuta.co\/wp-content\/uploads\/2024\/08\/REINADO-DE-LAS-COLONIAS-1-600x400.jpg 600w, https:\/\/contraluzcucuta.co\/wp-content\/uploads\/2024\/08\/REINADO-DE-LAS-COLONIAS-1-1024x682.jpg 1024w, https:\/\/contraluzcucuta.co\/wp-content\/uploads\/2024\/08\/REINADO-DE-LAS-COLONIAS-1-768x512.jpg 768w, https:\/\/contraluzcucuta.co\/wp-content\/uploads\/2024\/08\/REINADO-DE-LAS-COLONIAS-1-1536x1023.jpg 1536w, https:\/\/contraluzcucuta.co\/wp-content\/uploads\/2024\/08\/REINADO-DE-LAS-COLONIAS-1-310x205.jpg 310w, https:\/\/contraluzcucuta.co\/wp-content\/uploads\/2024\/08\/REINADO-DE-LAS-COLONIAS-1.jpg 1600w\" sizes=\"auto, (max-width: 257px) 100vw, 257px\" \/><\/a><\/p>\n<p><strong>Celebrando la Belleza y la Cultura<\/strong><\/p>\n<p>La jornada culmin\u00f3 con el Reinado Departamental de las Colonias. Diez representantes municipales compitieron por el t\u00edtulo de nueva reina. Las actividades incluyeron pruebas de fuerza f\u00edsica y desfiles.<\/p>\n<p>Alexandra Acosta Contreras, de Durania, fue coronada como Reina de las Colonias en Norte de Santander. Daniela Alexandra S\u00e1nchez, de Villa del Rosario, virreina, y Yuleima Arenas Torrado, de \u00c1brego, princesa.<\/p>\n<p>El certamen resalt\u00f3 la belleza de las mujeres, la inteligencia y el compromiso con las comunidades.<\/p>\n<p>El mercado campesino, estrategia de comercializaci\u00f3n de la Gobernaci\u00f3n, apoy\u00f3 a las familias rurales en la venta directa y sin intermediarios de yuca, pl\u00e1tano, hortalizas, durazno, ciruela, panela, pollo, cerdo, pescado, huevos, naranjas, caf\u00e9 y arroz.<\/p>\n<p><strong>Luis Tob\u00f3n \u2013 Gobernaci\u00f3n de Norte de Santander<\/strong><\/p>\n","protected":false},"excerpt":{"rendered":"<p>C\u00daCUTA.- En un ambiente de alegr\u00eda y tradici\u00f3n transcurri\u00f3 el VII Festival Departamental de las Colonias en C\u00facuta. Decenas de nortesantandereanos se reunieron para disfrutar de eventos, entre los que destacaron la cultura, el arte y la gastronom\u00eda de la regi\u00f3n. La Gobernaci\u00f3n de Norte de Santander cerr\u00f3, el 24 de agosto, con la jornada &hellip;<\/p>\n","protected":false},"author":1,"featured_media":43117,"comment_status":"open","ping_status":"open","sticky":false,"template":"","format":"standard","meta":{"footnotes":""},"categories":[4,32],"tags":[6617,379],"class_list":["post-43116","post","type-post","status-publish","format-standard","has-post-thumbnail","hentry","category-barra","category-recorrido-por-la-region","tag-festival-de-las-colonias","tag-gobernacion-de-norte-de-santander"],"_links":{"self":[{"href":"https:\/\/contraluzcucuta.co\/index.php?rest_route=\/wp\/v2\/posts\/43116","targetHints":{"allow":["GET"]}}],"collection":[{"href":"https:\/\/contraluzcucuta.co\/index.php?rest_route=\/wp\/v2\/posts"}],"about":[{"href":"https:\/\/contraluzcucuta.co\/index.php?rest_route=\/wp\/v2\/types\/post"}],"author":[{"embeddable":true,"href":"https:\/\/contraluzcucuta.co\/index.php?rest_route=\/wp\/v2\/users\/1"}],"replies":[{"embeddable":true,"href":"https:\/\/contraluzcucuta.co\/index.php?rest_route=%2Fwp%2Fv2%2Fcomments&post=43116"}],"version-history":[{"count":1,"href":"https:\/\/contraluzcucuta.co\/index.php?rest_route=\/wp\/v2\/posts\/43116\/revisions"}],"predecessor-version":[{"id":43120,"href":"https:\/\/contraluzcucuta.co\/index.php?rest_route=\/wp\/v2\/posts\/43116\/revisions\/43120"}],"wp:featuredmedia":[{"embeddable":true,"href":"https:\/\/contraluzcucuta.co\/index.php?rest_route=\/wp\/v2\/media\/43117"}],"wp:attachment":[{"href":"https:\/\/contraluzcucuta.co\/index.php?rest_route=%2Fwp%2Fv2%2Fmedia&parent=43116"}],"wp:term":[{"taxonomy":"category","embeddable":true,"href":"https:\/\/contraluzcucuta.co\/index.php?rest_route=%2Fwp%2Fv2%2Fcategories&post=43116"},{"taxonomy":"post_tag","embeddable":true,"href":"https:\/\/contraluzcucuta.co\/index.php?rest_route=%2Fwp%2Fv2%2Ftags&post=43116"}],"curies":[{"name":"wp","href":"https:\/\/api.w.org\/{rel}","templated":true}]}}