{"id":43113,"date":"2024-08-23T06:00:29","date_gmt":"2024-08-23T11:00:29","guid":{"rendered":"https:\/\/contraluzcucuta.co\/?p=43113"},"modified":"2024-08-23T06:00:29","modified_gmt":"2024-08-23T11:00:29","slug":"siguen-las-fiestas-cucuta-vivira-el-festival-de-verano-2024","status":"publish","type":"post","link":"https:\/\/contraluzcucuta.co\/?p=43113","title":{"rendered":"SIGUEN LAS FIESTAS. C\u00facuta vivir\u00e1 el festival de verano 2024"},"content":{"rendered":"<p><strong><span style=\"color: #ff9900;\">C\u00daCUTA.- El Festival de Verano llega a C\u00facuta cargado de actividades dirigidas a las familias, entre las que resaltan la cultura, el deporte, la gastronom\u00eda y el emprendimiento local. Participar\u00e1n emprendedores y marcas de la ciudad, que mostrar\u00e1n el talento y la creatividad en el espacio dise\u00f1ado para fomentar el desarrollo econ\u00f3mico regional.<\/span><\/strong><\/p>\n<p>La Alcald\u00eda de C\u00facuta y el comit\u00e9 organizador del festival anunciaron que el evento se llevar\u00e1 a cabo del 29 de agosto al 1 de septiembre.<\/p>\n<p>\u201cEste mega evento se suma a la serie de programas que la administraci\u00f3n municipal ha promovido para posicionar a C\u00facuta como ciudad referente\u201d en el pa\u00eds, dijo el secretario Privado, Daniel Franco.<\/p>\n","protected":false},"excerpt":{"rendered":"<p>C\u00daCUTA.- El Festival de Verano llega a C\u00facuta cargado de actividades dirigidas a las familias, entre las que resaltan la cultura, el deporte, la gastronom\u00eda y el emprendimiento local. Participar\u00e1n emprendedores y marcas de la ciudad, que mostrar\u00e1n el talento y la creatividad en el espacio dise\u00f1ado para fomentar el desarrollo econ\u00f3mico regional. La Alcald\u00eda &hellip;<\/p>\n","protected":false},"author":1,"featured_media":43114,"comment_status":"open","ping_status":"open","sticky":false,"template":"","format":"standard","meta":{"footnotes":""},"categories":[2625,4],"tags":[226,6616],"class_list":["post-43113","post","type-post","status-publish","format-standard","has-post-thumbnail","hentry","category-alcaldia-de-cucuta","category-barra","tag-alcaldia-de-cucuta","tag-festival-de-verano"],"_links":{"self":[{"href":"https:\/\/contraluzcucuta.co\/index.php?rest_route=\/wp\/v2\/posts\/43113","targetHints":{"allow":["GET"]}}],"collection":[{"href":"https:\/\/contraluzcucuta.co\/index.php?rest_route=\/wp\/v2\/posts"}],"about":[{"href":"https:\/\/contraluzcucuta.co\/index.php?rest_route=\/wp\/v2\/types\/post"}],"author":[{"embeddable":true,"href":"https:\/\/contraluzcucuta.co\/index.php?rest_route=\/wp\/v2\/users\/1"}],"replies":[{"embeddable":true,"href":"https:\/\/contraluzcucuta.co\/index.php?rest_route=%2Fwp%2Fv2%2Fcomments&post=43113"}],"version-history":[{"count":1,"href":"https:\/\/contraluzcucuta.co\/index.php?rest_route=\/wp\/v2\/posts\/43113\/revisions"}],"predecessor-version":[{"id":43115,"href":"https:\/\/contraluzcucuta.co\/index.php?rest_route=\/wp\/v2\/posts\/43113\/revisions\/43115"}],"wp:featuredmedia":[{"embeddable":true,"href":"https:\/\/contraluzcucuta.co\/index.php?rest_route=\/wp\/v2\/media\/43114"}],"wp:attachment":[{"href":"https:\/\/contraluzcucuta.co\/index.php?rest_route=%2Fwp%2Fv2%2Fmedia&parent=43113"}],"wp:term":[{"taxonomy":"category","embeddable":true,"href":"https:\/\/contraluzcucuta.co\/index.php?rest_route=%2Fwp%2Fv2%2Fcategories&post=43113"},{"taxonomy":"post_tag","embeddable":true,"href":"https:\/\/contraluzcucuta.co\/index.php?rest_route=%2Fwp%2Fv2%2Ftags&post=43113"}],"curies":[{"name":"wp","href":"https:\/\/api.w.org\/{rel}","templated":true}]}}