{"id":43109,"date":"2024-08-23T05:36:00","date_gmt":"2024-08-23T10:36:00","guid":{"rendered":"https:\/\/contraluzcucuta.co\/?p=43109"},"modified":"2024-08-23T05:36:00","modified_gmt":"2024-08-23T10:36:00","slug":"festival-de-colonias-cierre-de-vias-en-cucuta","status":"publish","type":"post","link":"https:\/\/contraluzcucuta.co\/?p=43109","title":{"rendered":"FESTIVAL DE COLONIAS. Cierre de v\u00edas en C\u00facuta"},"content":{"rendered":"<figure id=\"attachment_43111\" aria-describedby=\"caption-attachment-43111\" style=\"width: 250px\" class=\"wp-caption alignleft\"><a href=\"https:\/\/contraluzcucuta.co\/wp-content\/uploads\/2024\/08\/CIERRE-DE-VIAS-1.jpeg\"><img loading=\"lazy\" decoding=\"async\" class=\" wp-image-43111\" src=\"https:\/\/contraluzcucuta.co\/wp-content\/uploads\/2024\/08\/CIERRE-DE-VIAS-1-300x169.jpeg\" alt=\"\" width=\"250\" height=\"141\" srcset=\"https:\/\/contraluzcucuta.co\/wp-content\/uploads\/2024\/08\/CIERRE-DE-VIAS-1-300x169.jpeg 300w, https:\/\/contraluzcucuta.co\/wp-content\/uploads\/2024\/08\/CIERRE-DE-VIAS-1-600x338.jpeg 600w, https:\/\/contraluzcucuta.co\/wp-content\/uploads\/2024\/08\/CIERRE-DE-VIAS-1-1024x576.jpeg 1024w, https:\/\/contraluzcucuta.co\/wp-content\/uploads\/2024\/08\/CIERRE-DE-VIAS-1-768x432.jpeg 768w, https:\/\/contraluzcucuta.co\/wp-content\/uploads\/2024\/08\/CIERRE-DE-VIAS-1-1536x864.jpeg 1536w, https:\/\/contraluzcucuta.co\/wp-content\/uploads\/2024\/08\/CIERRE-DE-VIAS-1.jpeg 1600w\" sizes=\"auto, (max-width: 250px) 100vw, 250px\" \/><\/a><figcaption id=\"caption-attachment-43111\" class=\"wp-caption-text\"><em>Foto: Prensa Alcald\u00eda<\/em><\/figcaption><\/figure>\n<p><strong><span style=\"color: #ff9900;\">C\u00daCUTA.- El Festival de Colonias, organizado por la Gobernaci\u00f3n de Norte de Santander, se extender\u00e1 hasta el 25 de agosto. Los organizadores han dispuesto el cierre de v\u00edas en la avenida Los Libertadores, en el tramo de El Malec\u00f3n.<\/span><\/strong><\/p>\n<p>El sentido Sur \u2013 Norte estar\u00e1 cerrado desde el retorno de la calle 16B hasta la glorieta Arnulfo Brice\u00f1o, desde las 4:00 de la tarde hasta el 25 de agosto a las 12:00 del d\u00eda.<\/p>\n<p>El alcalde Jorge Acevedo invit\u00f3 a disfrutar de las actividades, que se convierten en motor econ\u00f3mico para la ciudad y aportan a la cultura y a la idiosincrasia local.<\/p>\n<p>Durante el fin de semana se llevar\u00e1n a cabo los conciertos en la Plaza de Banderas, por lo que se cerrar\u00e1 la Diagonal Santander, entre las avenidas primera y cuarta, entre las 2:00 de la tarde hasta las 6:00 de la ma\u00f1ana del d\u00eda siguiente.<\/p>\n<p>Para el megaconcierto del s\u00e1bado, se cerrar\u00e1n las inmediaciones del estadio General Santander, entre las 2:00 de la tarde y las 6:00 de la ma\u00f1ana del domingo.<\/p>\n","protected":false},"excerpt":{"rendered":"<p>C\u00daCUTA.- El Festival de Colonias, organizado por la Gobernaci\u00f3n de Norte de Santander, se extender\u00e1 hasta el 25 de agosto. Los organizadores han dispuesto el cierre de v\u00edas en la avenida Los Libertadores, en el tramo de El Malec\u00f3n. El sentido Sur \u2013 Norte estar\u00e1 cerrado desde el retorno de la calle 16B hasta la &hellip;<\/p>\n","protected":false},"author":1,"featured_media":43110,"comment_status":"open","ping_status":"open","sticky":false,"template":"","format":"standard","meta":{"footnotes":""},"categories":[2625,4,36],"tags":[4104,6614,6615],"class_list":["post-43109","post","type-post","status-publish","format-standard","has-post-thumbnail","hentry","category-alcaldia-de-cucuta","category-barra","category-la-voz-del-pueblo","tag-cierre-de-vias","tag-festival-de-colonias","tag-megaconcierto"],"_links":{"self":[{"href":"https:\/\/contraluzcucuta.co\/index.php?rest_route=\/wp\/v2\/posts\/43109","targetHints":{"allow":["GET"]}}],"collection":[{"href":"https:\/\/contraluzcucuta.co\/index.php?rest_route=\/wp\/v2\/posts"}],"about":[{"href":"https:\/\/contraluzcucuta.co\/index.php?rest_route=\/wp\/v2\/types\/post"}],"author":[{"embeddable":true,"href":"https:\/\/contraluzcucuta.co\/index.php?rest_route=\/wp\/v2\/users\/1"}],"replies":[{"embeddable":true,"href":"https:\/\/contraluzcucuta.co\/index.php?rest_route=%2Fwp%2Fv2%2Fcomments&post=43109"}],"version-history":[{"count":1,"href":"https:\/\/contraluzcucuta.co\/index.php?rest_route=\/wp\/v2\/posts\/43109\/revisions"}],"predecessor-version":[{"id":43112,"href":"https:\/\/contraluzcucuta.co\/index.php?rest_route=\/wp\/v2\/posts\/43109\/revisions\/43112"}],"wp:featuredmedia":[{"embeddable":true,"href":"https:\/\/contraluzcucuta.co\/index.php?rest_route=\/wp\/v2\/media\/43110"}],"wp:attachment":[{"href":"https:\/\/contraluzcucuta.co\/index.php?rest_route=%2Fwp%2Fv2%2Fmedia&parent=43109"}],"wp:term":[{"taxonomy":"category","embeddable":true,"href":"https:\/\/contraluzcucuta.co\/index.php?rest_route=%2Fwp%2Fv2%2Fcategories&post=43109"},{"taxonomy":"post_tag","embeddable":true,"href":"https:\/\/contraluzcucuta.co\/index.php?rest_route=%2Fwp%2Fv2%2Ftags&post=43109"}],"curies":[{"name":"wp","href":"https:\/\/api.w.org\/{rel}","templated":true}]}}