{"id":43106,"date":"2024-08-23T05:23:49","date_gmt":"2024-08-23T10:23:49","guid":{"rendered":"https:\/\/contraluzcucuta.co\/?p=43106"},"modified":"2024-08-23T05:23:49","modified_gmt":"2024-08-23T10:23:49","slug":"mercado-campesino-articulos-de-la-canasta-familiar-a-precios-justos","status":"publish","type":"post","link":"https:\/\/contraluzcucuta.co\/?p=43106","title":{"rendered":"MERCADO CAMPESINO. Art\u00edculos de la canasta familiar, a precios justos\u00a0 \u00a0"},"content":{"rendered":"<p style=\"padding-left: 40px; text-align: right;\"><strong><span style=\"color: #ff9900;\">C\u00daCUTA.- M\u00e1s de 100 familias de Norte de Santander, entre productores, agroindustriales y emprendedores se trasladar\u00e1n desde los diferentes municipios para ofrecer yuca, pl\u00e1tano, hortalizas, durazno, ciruela, panela, pollo, cerdo, pescado, huevos, naranjas, caf\u00e9 y arroz, entre otros art\u00edculos de la canasta familiar.\u00a0<\/span><\/strong><\/p>\n<p>El 23 y 24 de agosto, desde las 4:00 de la tarde del viernes hasta la 1:00 de la tarde del s\u00e1bado, los nortesantandereanos podr\u00e1n disfrutar del mercado campesino dispuesto en el Festival Departamental de las Colonias para adquirir productos de calidad, a precios justos y sin intermediarios.<\/p>\n<p>La jornada, liderada por la Secretar\u00eda de Agricultura y Desarrollo Rural, busca apoyar a las familias para que vendan directamente a los consumidores, dijo el secretario de Agricultura y Desarrollo Rural, Dany Ca\u00f1as.<\/p>\n<p>La Gobernaci\u00f3n planea llevar esta iniciativa a cada rinc\u00f3n del departamento para apoyar a la zona rural en el proceso de crecimiento y fortalecimiento de los cultivos, y para permitir que la institucionalidad establezca alternativas que le aporten al desarrollo de Norte de Santander.<\/p>\n","protected":false},"excerpt":{"rendered":"<p>C\u00daCUTA.- M\u00e1s de 100 familias de Norte de Santander, entre productores, agroindustriales y emprendedores se trasladar\u00e1n desde los diferentes municipios para ofrecer yuca, pl\u00e1tano, hortalizas, durazno, ciruela, panela, pollo, cerdo, pescado, huevos, naranjas, caf\u00e9 y arroz, entre otros art\u00edculos de la canasta familiar.\u00a0 El 23 y 24 de agosto, desde las 4:00 de la tarde &hellip;<\/p>\n","protected":false},"author":1,"featured_media":43107,"comment_status":"open","ping_status":"open","sticky":false,"template":"","format":"standard","meta":{"footnotes":""},"categories":[4,32],"tags":[5440,442,6613],"class_list":["post-43106","post","type-post","status-publish","format-standard","has-post-thumbnail","hentry","category-barra","category-recorrido-por-la-region","tag-desarrollo-rural-en-norte-de-santander","tag-mercado-campesino","tag-secretaria-de-agricultura"],"_links":{"self":[{"href":"https:\/\/contraluzcucuta.co\/index.php?rest_route=\/wp\/v2\/posts\/43106","targetHints":{"allow":["GET"]}}],"collection":[{"href":"https:\/\/contraluzcucuta.co\/index.php?rest_route=\/wp\/v2\/posts"}],"about":[{"href":"https:\/\/contraluzcucuta.co\/index.php?rest_route=\/wp\/v2\/types\/post"}],"author":[{"embeddable":true,"href":"https:\/\/contraluzcucuta.co\/index.php?rest_route=\/wp\/v2\/users\/1"}],"replies":[{"embeddable":true,"href":"https:\/\/contraluzcucuta.co\/index.php?rest_route=%2Fwp%2Fv2%2Fcomments&post=43106"}],"version-history":[{"count":1,"href":"https:\/\/contraluzcucuta.co\/index.php?rest_route=\/wp\/v2\/posts\/43106\/revisions"}],"predecessor-version":[{"id":43108,"href":"https:\/\/contraluzcucuta.co\/index.php?rest_route=\/wp\/v2\/posts\/43106\/revisions\/43108"}],"wp:featuredmedia":[{"embeddable":true,"href":"https:\/\/contraluzcucuta.co\/index.php?rest_route=\/wp\/v2\/media\/43107"}],"wp:attachment":[{"href":"https:\/\/contraluzcucuta.co\/index.php?rest_route=%2Fwp%2Fv2%2Fmedia&parent=43106"}],"wp:term":[{"taxonomy":"category","embeddable":true,"href":"https:\/\/contraluzcucuta.co\/index.php?rest_route=%2Fwp%2Fv2%2Fcategories&post=43106"},{"taxonomy":"post_tag","embeddable":true,"href":"https:\/\/contraluzcucuta.co\/index.php?rest_route=%2Fwp%2Fv2%2Ftags&post=43106"}],"curies":[{"name":"wp","href":"https:\/\/api.w.org\/{rel}","templated":true}]}}