{"id":43102,"date":"2024-08-22T21:06:15","date_gmt":"2024-08-23T02:06:15","guid":{"rendered":"https:\/\/contraluzcucuta.co\/?p=43102"},"modified":"2024-08-22T21:06:15","modified_gmt":"2024-08-23T02:06:15","slug":"musica-sinfonica-brillaron-las-piezas-tradicionales-colombianas-y-nortesantandereanas","status":"publish","type":"post","link":"https:\/\/contraluzcucuta.co\/?p=43102","title":{"rendered":"M\u00daSICA SINF\u00d3NICA. Brillaron las piezas tradicionales colombianas y nortesantandereanas"},"content":{"rendered":"<p style=\"text-align: left;\"><a href=\"https:\/\/contraluzcucuta.co\/wp-content\/uploads\/2024\/08\/FESTIVAL-DE-LAS-COLONIAS-3.jpg\"><img loading=\"lazy\" decoding=\"async\" class=\"wp-image-43104 alignleft\" src=\"https:\/\/contraluzcucuta.co\/wp-content\/uploads\/2024\/08\/FESTIVAL-DE-LAS-COLONIAS-3-300x200.jpg\" alt=\"\" width=\"248\" height=\"165\" srcset=\"https:\/\/contraluzcucuta.co\/wp-content\/uploads\/2024\/08\/FESTIVAL-DE-LAS-COLONIAS-3-300x200.jpg 300w, https:\/\/contraluzcucuta.co\/wp-content\/uploads\/2024\/08\/FESTIVAL-DE-LAS-COLONIAS-3-600x400.jpg 600w, https:\/\/contraluzcucuta.co\/wp-content\/uploads\/2024\/08\/FESTIVAL-DE-LAS-COLONIAS-3-1024x682.jpg 1024w, https:\/\/contraluzcucuta.co\/wp-content\/uploads\/2024\/08\/FESTIVAL-DE-LAS-COLONIAS-3-768x512.jpg 768w, https:\/\/contraluzcucuta.co\/wp-content\/uploads\/2024\/08\/FESTIVAL-DE-LAS-COLONIAS-3-1536x1024.jpg 1536w, https:\/\/contraluzcucuta.co\/wp-content\/uploads\/2024\/08\/FESTIVAL-DE-LAS-COLONIAS-3-2048x1365.jpg 2048w, https:\/\/contraluzcucuta.co\/wp-content\/uploads\/2024\/08\/FESTIVAL-DE-LAS-COLONIAS-3-310x205.jpg 310w\" sizes=\"auto, (max-width: 248px) 100vw, 248px\" \/><\/a><strong><span style=\"color: #ff9900;\">C\u00daCUTA.- Siete bandas sinf\u00f3nicas abrieron la primera jornada cultural del Festival Departamental de las Colonias. Las agrupaciones musicales brillaron con piezas tradicionales colombianas y nortesantandereanas.<\/span><\/strong><\/p>\n<p>Los grupos participantes fueron Instituto de Cultura y Turismo de Pamplona, Banda Sinf\u00f3nica del Instituto Salesiano San Juan Bosco de C\u00facuta, Banda Sinf\u00f3nica Instituci\u00f3n Educativa Sagrado Coraz\u00f3n de Jes\u00fas, Banda Sinf\u00f3nica del Municipio de Los Patios, Banda Sinf\u00f3nica Secretar\u00eda de Cultura y Turismo del Municipio de Villa del Rosario, Coro de la Casa de la Cultura del Municipio de Villa del Rosario y Orquesta Sinf\u00f3nica J\u00f3venes Arcos.<\/p>\n<p>Las actividades ir\u00e1n hasta el 25 de agosto y traer\u00e1n diversi\u00f3n, cultura y entretenimiento a los nortesantandereanos, El Malec\u00f3n, indic\u00f3 el secretario de Turismo, C\u00e9sar Ricardo Rojas.<\/p>\n<p>En la prueba de talento, las reinas bailaron y cantaron m\u00fasica tradicional de sus municipios para alegrar la noche de las colonias. Al finalizar la prueba disfrutaron con la presentaci\u00f3n musical de Kavir S\u00e1nchez.<\/p>\n<p><strong>Luis Tob\u00f3n \u2013 Gobernaci\u00f3n de Norte de Santander<\/strong><\/p>\n","protected":false},"excerpt":{"rendered":"<p>C\u00daCUTA.- Siete bandas sinf\u00f3nicas abrieron la primera jornada cultural del Festival Departamental de las Colonias. Las agrupaciones musicales brillaron con piezas tradicionales colombianas y nortesantandereanas. Los grupos participantes fueron Instituto de Cultura y Turismo de Pamplona, Banda Sinf\u00f3nica del Instituto Salesiano San Juan Bosco de C\u00facuta, Banda Sinf\u00f3nica Instituci\u00f3n Educativa Sagrado Coraz\u00f3n de Jes\u00fas, Banda &hellip;<\/p>\n","protected":false},"author":1,"featured_media":43103,"comment_status":"open","ping_status":"open","sticky":false,"template":"","format":"standard","meta":{"footnotes":""},"categories":[4,37],"tags":[6611,6612],"class_list":["post-43102","post","type-post","status-publish","format-standard","has-post-thumbnail","hentry","category-barra","category-paseo-cultural","tag-bandas-sinfonicas","tag-festival-departamental-de-las-colonias"],"_links":{"self":[{"href":"https:\/\/contraluzcucuta.co\/index.php?rest_route=\/wp\/v2\/posts\/43102","targetHints":{"allow":["GET"]}}],"collection":[{"href":"https:\/\/contraluzcucuta.co\/index.php?rest_route=\/wp\/v2\/posts"}],"about":[{"href":"https:\/\/contraluzcucuta.co\/index.php?rest_route=\/wp\/v2\/types\/post"}],"author":[{"embeddable":true,"href":"https:\/\/contraluzcucuta.co\/index.php?rest_route=\/wp\/v2\/users\/1"}],"replies":[{"embeddable":true,"href":"https:\/\/contraluzcucuta.co\/index.php?rest_route=%2Fwp%2Fv2%2Fcomments&post=43102"}],"version-history":[{"count":1,"href":"https:\/\/contraluzcucuta.co\/index.php?rest_route=\/wp\/v2\/posts\/43102\/revisions"}],"predecessor-version":[{"id":43105,"href":"https:\/\/contraluzcucuta.co\/index.php?rest_route=\/wp\/v2\/posts\/43102\/revisions\/43105"}],"wp:featuredmedia":[{"embeddable":true,"href":"https:\/\/contraluzcucuta.co\/index.php?rest_route=\/wp\/v2\/media\/43103"}],"wp:attachment":[{"href":"https:\/\/contraluzcucuta.co\/index.php?rest_route=%2Fwp%2Fv2%2Fmedia&parent=43102"}],"wp:term":[{"taxonomy":"category","embeddable":true,"href":"https:\/\/contraluzcucuta.co\/index.php?rest_route=%2Fwp%2Fv2%2Fcategories&post=43102"},{"taxonomy":"post_tag","embeddable":true,"href":"https:\/\/contraluzcucuta.co\/index.php?rest_route=%2Fwp%2Fv2%2Ftags&post=43102"}],"curies":[{"name":"wp","href":"https:\/\/api.w.org\/{rel}","templated":true}]}}