{"id":43094,"date":"2024-08-22T20:59:26","date_gmt":"2024-08-23T01:59:26","guid":{"rendered":"https:\/\/contraluzcucuta.co\/?p=43094"},"modified":"2024-08-22T20:59:26","modified_gmt":"2024-08-23T01:59:26","slug":"festival-perla-del-norte-el-vallenato-tiene-alma-y-voz-de-nino","status":"publish","type":"post","link":"https:\/\/contraluzcucuta.co\/?p=43094","title":{"rendered":"FESTIVAL PERLA DEL NORTE. El vallenato tiene alma y voz de ni\u00f1o"},"content":{"rendered":"<p style=\"padding-left: 40px; text-align: right;\"><strong><span style=\"color: #ff9900;\">C\u00daCUTA.- El vallenato tuvo sabor infantil en C\u00facuta. Ni\u00f1os, inquietos por la m\u00fasica, un d\u00eda mostraron inter\u00e9s en el hogar, convencieron a los padres y comenzaron la carrera como acordeoneros. Cada int\u00e9rprete de este instrumento tiene una historia y la cuenta, aunque todav\u00eda no le han puesto ritmo. El Festival Perla del Norte del dio otra oportunidad para subirse a la tarima y mostrar sus habilidades en las teclas y el canto.<\/span><\/strong><\/p>\n<p><a href=\"https:\/\/contraluzcucuta.co\/wp-content\/uploads\/2024\/08\/VALLENATO-ANA-PAULA-3-scaled.jpeg\"><img loading=\"lazy\" decoding=\"async\" class=\"alignnone  wp-image-43095 alignleft\" src=\"https:\/\/contraluzcucuta.co\/wp-content\/uploads\/2024\/08\/VALLENATO-ANA-PAULA-3-300x225.jpeg\" alt=\"\" width=\"247\" height=\"185\" srcset=\"https:\/\/contraluzcucuta.co\/wp-content\/uploads\/2024\/08\/VALLENATO-ANA-PAULA-3-300x225.jpeg 300w, https:\/\/contraluzcucuta.co\/wp-content\/uploads\/2024\/08\/VALLENATO-ANA-PAULA-3-600x450.jpeg 600w, https:\/\/contraluzcucuta.co\/wp-content\/uploads\/2024\/08\/VALLENATO-ANA-PAULA-3-1024x768.jpeg 1024w, https:\/\/contraluzcucuta.co\/wp-content\/uploads\/2024\/08\/VALLENATO-ANA-PAULA-3-768x576.jpeg 768w, https:\/\/contraluzcucuta.co\/wp-content\/uploads\/2024\/08\/VALLENATO-ANA-PAULA-3-1536x1152.jpeg 1536w, https:\/\/contraluzcucuta.co\/wp-content\/uploads\/2024\/08\/VALLENATO-ANA-PAULA-3-2048x1536.jpeg 2048w\" sizes=\"auto, (max-width: 247px) 100vw, 247px\" \/><\/a><\/p>\n<p><strong>Ejecuto el acorde\u00f3n y canto<\/strong><\/p>\n<p>Ana Paula tiene 10 a\u00f1os, vive en Chin\u00e1cota, cursa quinto grado, toca e interpreta al acorde\u00f3n para darle el sonido del vallenato original. Habla con propiedad, lleva lentes oscuros y no se despega del instrumento musical. Desde ni\u00f1ita le ha gustado la m\u00fasica, en especial este ritmo y con este aparato.<\/p>\n<p>Los padres le han dado apoyo en todo lo que ha querido y la han llevado a concursos nacionales, en los que ha cumplido destacada actuaci\u00f3n. \u00a0Le gusta interpretar puyas, m\u00e1s que los otros aires y si Dios se lo permite, tocar\u00e1 acorde\u00f3n siempre.<\/p>\n<p>&nbsp;<\/p>\n<p><a href=\"https:\/\/contraluzcucuta.co\/wp-content\/uploads\/2024\/08\/VALLENATO-LAURA-PATRICIA-1-scaled.jpeg\"><img loading=\"lazy\" decoding=\"async\" class=\"alignnone  wp-image-43096 alignleft\" src=\"https:\/\/contraluzcucuta.co\/wp-content\/uploads\/2024\/08\/VALLENATO-LAURA-PATRICIA-1-300x225.jpeg\" alt=\"\" width=\"249\" height=\"187\" srcset=\"https:\/\/contraluzcucuta.co\/wp-content\/uploads\/2024\/08\/VALLENATO-LAURA-PATRICIA-1-300x225.jpeg 300w, https:\/\/contraluzcucuta.co\/wp-content\/uploads\/2024\/08\/VALLENATO-LAURA-PATRICIA-1-600x450.jpeg 600w, https:\/\/contraluzcucuta.co\/wp-content\/uploads\/2024\/08\/VALLENATO-LAURA-PATRICIA-1-1024x768.jpeg 1024w, https:\/\/contraluzcucuta.co\/wp-content\/uploads\/2024\/08\/VALLENATO-LAURA-PATRICIA-1-768x576.jpeg 768w, https:\/\/contraluzcucuta.co\/wp-content\/uploads\/2024\/08\/VALLENATO-LAURA-PATRICIA-1-1536x1152.jpeg 1536w, https:\/\/contraluzcucuta.co\/wp-content\/uploads\/2024\/08\/VALLENATO-LAURA-PATRICIA-1-2048x1536.jpeg 2048w\" sizes=\"auto, (max-width: 249px) 100vw, 249px\" \/><\/a><\/p>\n<p><strong>Vendr\u00e1n coronas y premios<\/strong><\/p>\n<p>Laura Patricia comenz\u00f3 a tocar acorde\u00f3n hace poco tiempo y cuando se presenta en tarima parece una experta de a\u00f1os y a\u00f1os. Una coincidencia familiar le puso el instrumento en las manos. El pap\u00e1 lo compr\u00f3 para el hermanito y no lo quiso. Se lo ofrecieron y acept\u00f3 el regalo. Asiste a la academia para perfeccionar el toque y avanzar en el conocimiento musical.<\/p>\n<p>Est\u00e1 ilusionada y en el futuro pr\u00f3ximo se ve con coronas y premios vallenatos, como reconocimiento al esfuerzo que hace y a la disciplina que ha tomado, a pesar de tener 13 a\u00f1os. El contacto con las teclas le enciende la adrenalina y la pone feliz y orgullosa, especialmente cuando interpreta merengue. Cursa octavo grado y como buena alumna cumple con las tareas, va al gimnasio, estudia.<\/p>\n<p><a href=\"https:\/\/contraluzcucuta.co\/wp-content\/uploads\/2024\/08\/VALLENATO-ISABELA-ALEJANDRA-1-scaled.jpeg\"><img loading=\"lazy\" decoding=\"async\" class=\"alignnone  wp-image-43097 alignleft\" src=\"https:\/\/contraluzcucuta.co\/wp-content\/uploads\/2024\/08\/VALLENATO-ISABELA-ALEJANDRA-1-300x225.jpeg\" alt=\"\" width=\"247\" height=\"185\" srcset=\"https:\/\/contraluzcucuta.co\/wp-content\/uploads\/2024\/08\/VALLENATO-ISABELA-ALEJANDRA-1-300x225.jpeg 300w, https:\/\/contraluzcucuta.co\/wp-content\/uploads\/2024\/08\/VALLENATO-ISABELA-ALEJANDRA-1-600x450.jpeg 600w, https:\/\/contraluzcucuta.co\/wp-content\/uploads\/2024\/08\/VALLENATO-ISABELA-ALEJANDRA-1-1024x768.jpeg 1024w, https:\/\/contraluzcucuta.co\/wp-content\/uploads\/2024\/08\/VALLENATO-ISABELA-ALEJANDRA-1-768x576.jpeg 768w, https:\/\/contraluzcucuta.co\/wp-content\/uploads\/2024\/08\/VALLENATO-ISABELA-ALEJANDRA-1-1536x1152.jpeg 1536w, https:\/\/contraluzcucuta.co\/wp-content\/uploads\/2024\/08\/VALLENATO-ISABELA-ALEJANDRA-1-2048x1536.jpeg 2048w\" sizes=\"auto, (max-width: 247px) 100vw, 247px\" \/><\/a><\/p>\n<p><strong>El acorde\u00f3n es parte de mi cuerpo<\/strong><\/p>\n<p>Isabela Alejandra tiene 8 a\u00f1os, su talento infantil tom\u00f3 el camino de los instrumentos musicales y combina el piano, el bukele\u00a0 y el acorde\u00f3n. Su padre, en la juventud, toc\u00f3 acorde\u00f3n y le transmiti\u00f3 ese gusto. Un d\u00eda, mientras escuchaban m\u00fasica en casa, le pregunt\u00f3 qu\u00e9 sonaba. La respuesta fue el nombre del instrumento.<\/p>\n<p>La terapia continu\u00f3 con video y m\u00e1s canciones hasta cuando despert\u00f3 en la ni\u00f1a el gusto por ese ritmo. Al pedir un acorde\u00f3n como regalo no le creyeron. Ahora, lo abraza y lo cuida como a una de las partes de su peque\u00f1o cuerpo. Disfruta con el merengue, porque es movido y puede bailar mejor. Entre los \u00eddolos enumera a Diomedes, Juancho Rois y Am\u00edn Mart\u00ednez. Se deleita al escuchar La plata y Mi primera cana.<\/p>\n<p><a href=\"https:\/\/contraluzcucuta.co\/wp-content\/uploads\/2024\/08\/VALLENATO-RAFAEL-1-scaled.jpeg\"><img loading=\"lazy\" decoding=\"async\" class=\"alignnone  wp-image-43098 alignleft\" src=\"https:\/\/contraluzcucuta.co\/wp-content\/uploads\/2024\/08\/VALLENATO-RAFAEL-1-300x225.jpeg\" alt=\"\" width=\"249\" height=\"187\" srcset=\"https:\/\/contraluzcucuta.co\/wp-content\/uploads\/2024\/08\/VALLENATO-RAFAEL-1-300x225.jpeg 300w, https:\/\/contraluzcucuta.co\/wp-content\/uploads\/2024\/08\/VALLENATO-RAFAEL-1-600x450.jpeg 600w, https:\/\/contraluzcucuta.co\/wp-content\/uploads\/2024\/08\/VALLENATO-RAFAEL-1-1024x768.jpeg 1024w, https:\/\/contraluzcucuta.co\/wp-content\/uploads\/2024\/08\/VALLENATO-RAFAEL-1-768x576.jpeg 768w, https:\/\/contraluzcucuta.co\/wp-content\/uploads\/2024\/08\/VALLENATO-RAFAEL-1-1536x1152.jpeg 1536w, https:\/\/contraluzcucuta.co\/wp-content\/uploads\/2024\/08\/VALLENATO-RAFAEL-1-2048x1536.jpeg 2048w\" sizes=\"auto, (max-width: 249px) 100vw, 249px\" \/><\/a><\/p>\n<p><strong>Vallenato venezolano<\/strong><\/p>\n<p>Rafael es nacido en Coloncito (estado T\u00e1chira), hace 6 a\u00f1os toca acorde\u00f3n. El pap\u00e1 acostumbraba a o\u00edr m\u00fasica en el carro y ah\u00ed le tom\u00f3 afecto al vallenato, tanto que le encant\u00f3 c\u00f3mo sonaba el acorde\u00f3n. Le encanta Lucero espiritual (Diomedes D\u00edaz). Cuando no toca el instrumento reparte el tiempo entre el estudio y el f\u00fatbol.<\/p>\n<p>A diferencia de muchos, se siente bien en la puya. Es un aire que toca con cari\u00f1o. Los padres lo acompa\u00f1an a d\u00f3nde va a demostrar el talento art\u00edstico que posee y han viajado a Barrancabermeja, Valledupar y Bogot\u00e1 donde gan\u00f3.<\/p>\n<p>&nbsp;<\/p>\n<p><a href=\"https:\/\/contraluzcucuta.co\/wp-content\/uploads\/2024\/08\/VALLENATO-JUAN-DAVID-3-scaled.jpeg\"><img loading=\"lazy\" decoding=\"async\" class=\"alignnone  wp-image-43099 alignleft\" src=\"https:\/\/contraluzcucuta.co\/wp-content\/uploads\/2024\/08\/VALLENATO-JUAN-DAVID-3-300x225.jpeg\" alt=\"\" width=\"251\" height=\"188\" srcset=\"https:\/\/contraluzcucuta.co\/wp-content\/uploads\/2024\/08\/VALLENATO-JUAN-DAVID-3-300x225.jpeg 300w, https:\/\/contraluzcucuta.co\/wp-content\/uploads\/2024\/08\/VALLENATO-JUAN-DAVID-3-600x450.jpeg 600w, https:\/\/contraluzcucuta.co\/wp-content\/uploads\/2024\/08\/VALLENATO-JUAN-DAVID-3-1024x768.jpeg 1024w, https:\/\/contraluzcucuta.co\/wp-content\/uploads\/2024\/08\/VALLENATO-JUAN-DAVID-3-768x576.jpeg 768w, https:\/\/contraluzcucuta.co\/wp-content\/uploads\/2024\/08\/VALLENATO-JUAN-DAVID-3-1536x1152.jpeg 1536w, https:\/\/contraluzcucuta.co\/wp-content\/uploads\/2024\/08\/VALLENATO-JUAN-DAVID-3-2048x1536.jpeg 2048w\" sizes=\"auto, (max-width: 251px) 100vw, 251px\" \/><\/a><\/p>\n<p><strong>Entre la puya y el paseo <\/strong><\/p>\n<p>Cuando Juan David se pone el acorde\u00f3n en el pecho es para tocar. Estudia tercer grado, es cucute\u00f1o. Hace un a\u00f1o, en la casa, se detuvo a mirar los v\u00eddeos que su pap\u00e1 ve\u00eda de Diomedes y le llamaron la atenci\u00f3n la m\u00fasica y el ritmo que sal\u00edan de ese instrumento. Entre la puya y el paseo prefiere el \u00faltimo.<\/p>\n<p>Todav\u00eda no est\u00e1 preparado para tocar y cantar. Por ahora, toca, siempre concentrado para oprimir el bot\u00f3n correcto y no perder la nota que debe dar. De Diomedes prefiere Tu cumplea\u00f1os.<\/p>\n<p><strong>RAFAEL ANTONIO PAB\u00d3N<\/strong><\/p>\n<p><strong>rafaelpabon58@hotmail.com<\/strong><\/p>\n","protected":false},"excerpt":{"rendered":"<p>C\u00daCUTA.- El vallenato tuvo sabor infantil en C\u00facuta. Ni\u00f1os, inquietos por la m\u00fasica, un d\u00eda mostraron inter\u00e9s en el hogar, convencieron a los padres y comenzaron la carrera como acordeoneros. Cada int\u00e9rprete de este instrumento tiene una historia y la cuenta, aunque todav\u00eda no le han puesto ritmo. El Festival Perla del Norte del dio &hellip;<\/p>\n","protected":false},"author":1,"featured_media":43100,"comment_status":"open","ping_status":"open","sticky":false,"template":"","format":"standard","meta":{"footnotes":""},"categories":[45,4],"tags":[],"class_list":["post-43094","post","type-post","status-publish","format-standard","has-post-thumbnail","hentry","category-destacado","category-barra"],"_links":{"self":[{"href":"https:\/\/contraluzcucuta.co\/index.php?rest_route=\/wp\/v2\/posts\/43094","targetHints":{"allow":["GET"]}}],"collection":[{"href":"https:\/\/contraluzcucuta.co\/index.php?rest_route=\/wp\/v2\/posts"}],"about":[{"href":"https:\/\/contraluzcucuta.co\/index.php?rest_route=\/wp\/v2\/types\/post"}],"author":[{"embeddable":true,"href":"https:\/\/contraluzcucuta.co\/index.php?rest_route=\/wp\/v2\/users\/1"}],"replies":[{"embeddable":true,"href":"https:\/\/contraluzcucuta.co\/index.php?rest_route=%2Fwp%2Fv2%2Fcomments&post=43094"}],"version-history":[{"count":1,"href":"https:\/\/contraluzcucuta.co\/index.php?rest_route=\/wp\/v2\/posts\/43094\/revisions"}],"predecessor-version":[{"id":43101,"href":"https:\/\/contraluzcucuta.co\/index.php?rest_route=\/wp\/v2\/posts\/43094\/revisions\/43101"}],"wp:featuredmedia":[{"embeddable":true,"href":"https:\/\/contraluzcucuta.co\/index.php?rest_route=\/wp\/v2\/media\/43100"}],"wp:attachment":[{"href":"https:\/\/contraluzcucuta.co\/index.php?rest_route=%2Fwp%2Fv2%2Fmedia&parent=43094"}],"wp:term":[{"taxonomy":"category","embeddable":true,"href":"https:\/\/contraluzcucuta.co\/index.php?rest_route=%2Fwp%2Fv2%2Fcategories&post=43094"},{"taxonomy":"post_tag","embeddable":true,"href":"https:\/\/contraluzcucuta.co\/index.php?rest_route=%2Fwp%2Fv2%2Ftags&post=43094"}],"curies":[{"name":"wp","href":"https:\/\/api.w.org\/{rel}","templated":true}]}}