{"id":43054,"date":"2024-08-20T03:53:53","date_gmt":"2024-08-20T08:53:53","guid":{"rendered":"https:\/\/contraluzcucuta.co\/?p=43054"},"modified":"2024-08-20T03:53:53","modified_gmt":"2024-08-20T08:53:53","slug":"ferias-de-cucuta-arte-desfile-de-carrozas-y-comparsas","status":"publish","type":"post","link":"https:\/\/contraluzcucuta.co\/?p=43054","title":{"rendered":"FERIAS DE C\u00daCUTA. Arte, desfile de carrozas y comparsas"},"content":{"rendered":"<p><a href=\"https:\/\/contraluzcucuta.co\/wp-content\/uploads\/2024\/08\/FERIAS-DE-CUCUTA-CARROZAS-6.jpeg\"><img loading=\"lazy\" decoding=\"async\" class=\"alignnone  wp-image-43056 alignleft\" src=\"https:\/\/contraluzcucuta.co\/wp-content\/uploads\/2024\/08\/FERIAS-DE-CUCUTA-CARROZAS-6-300x225.jpeg\" alt=\"\" width=\"249\" height=\"187\" srcset=\"https:\/\/contraluzcucuta.co\/wp-content\/uploads\/2024\/08\/FERIAS-DE-CUCUTA-CARROZAS-6-300x225.jpeg 300w, https:\/\/contraluzcucuta.co\/wp-content\/uploads\/2024\/08\/FERIAS-DE-CUCUTA-CARROZAS-6-600x450.jpeg 600w, https:\/\/contraluzcucuta.co\/wp-content\/uploads\/2024\/08\/FERIAS-DE-CUCUTA-CARROZAS-6-1024x768.jpeg 1024w, https:\/\/contraluzcucuta.co\/wp-content\/uploads\/2024\/08\/FERIAS-DE-CUCUTA-CARROZAS-6-768x576.jpeg 768w, https:\/\/contraluzcucuta.co\/wp-content\/uploads\/2024\/08\/FERIAS-DE-CUCUTA-CARROZAS-6.jpeg 1280w\" sizes=\"auto, (max-width: 249px) 100vw, 249px\" \/><\/a><\/p>\n<p><strong><span style=\"color: #ff9900;\">C\u00daCUTA.- El talento de los artesanos se tomar\u00e1 las calles, el 21 de agosto, durante el desfile de comparsas de las Ferias de C\u00facuta. Cucute\u00f1os y turistas disfrutar\u00e1n de una tarde llena de color, arte y cultura. El recorrido estar\u00e1 lleno de tradici\u00f3n y gratitud por la ciudad.<\/span><\/strong><\/p>\n<p>Las comparsas desfilar\u00e1n por el centro. Partir\u00e1n del parque Lineal, en la avenida sexta, dobla por la calle 11 en el Parque Santander hacia la avenida 0. Luego, girar\u00e1n a la derecha, hacia la calle 15, para llegar a la Avenida Los Libertadores. Cada una representar\u00e1 un hecho hist\u00f3rico o elemento emblem\u00e1tico de C\u00facuta e ir\u00e1 acompa\u00f1ada por una carroza y su reina.<\/p>\n<p>Las carrozas de las ferias se han elaborado con el talento de artesanos de la regi\u00f3n. Una mostrar\u00e1 el ferrocarril, elemento de la historia nortesantandereana, motor econ\u00f3mico y s\u00edmbolo de la pujanza y del crecimiento nacional.<\/p>\n<p>La administraci\u00f3n municipal invit\u00f3 a los cucute\u00f1os a disfrutar este desfile, a darle amor a lo propio y a creer en que C\u00facuta es epicentro de buenas noticias. El desfile de carrozas, adem\u00e1s, tendr\u00e1 sorpresas para el disfrute de los asistentes.<\/p>\n","protected":false},"excerpt":{"rendered":"<p>C\u00daCUTA.- El talento de los artesanos se tomar\u00e1 las calles, el 21 de agosto, durante el desfile de comparsas de las Ferias de C\u00facuta. Cucute\u00f1os y turistas disfrutar\u00e1n de una tarde llena de color, arte y cultura. El recorrido estar\u00e1 lleno de tradici\u00f3n y gratitud por la ciudad. Las comparsas desfilar\u00e1n por el centro. Partir\u00e1n &hellip;<\/p>\n","protected":false},"author":1,"featured_media":43055,"comment_status":"open","ping_status":"open","sticky":false,"template":"","format":"standard","meta":{"footnotes":""},"categories":[2625,4],"tags":[226,6442],"class_list":["post-43054","post","type-post","status-publish","format-standard","has-post-thumbnail","hentry","category-alcaldia-de-cucuta","category-barra","tag-alcaldia-de-cucuta","tag-ferias-y-fiestas-de-cucuta"],"_links":{"self":[{"href":"https:\/\/contraluzcucuta.co\/index.php?rest_route=\/wp\/v2\/posts\/43054","targetHints":{"allow":["GET"]}}],"collection":[{"href":"https:\/\/contraluzcucuta.co\/index.php?rest_route=\/wp\/v2\/posts"}],"about":[{"href":"https:\/\/contraluzcucuta.co\/index.php?rest_route=\/wp\/v2\/types\/post"}],"author":[{"embeddable":true,"href":"https:\/\/contraluzcucuta.co\/index.php?rest_route=\/wp\/v2\/users\/1"}],"replies":[{"embeddable":true,"href":"https:\/\/contraluzcucuta.co\/index.php?rest_route=%2Fwp%2Fv2%2Fcomments&post=43054"}],"version-history":[{"count":1,"href":"https:\/\/contraluzcucuta.co\/index.php?rest_route=\/wp\/v2\/posts\/43054\/revisions"}],"predecessor-version":[{"id":43057,"href":"https:\/\/contraluzcucuta.co\/index.php?rest_route=\/wp\/v2\/posts\/43054\/revisions\/43057"}],"wp:featuredmedia":[{"embeddable":true,"href":"https:\/\/contraluzcucuta.co\/index.php?rest_route=\/wp\/v2\/media\/43055"}],"wp:attachment":[{"href":"https:\/\/contraluzcucuta.co\/index.php?rest_route=%2Fwp%2Fv2%2Fmedia&parent=43054"}],"wp:term":[{"taxonomy":"category","embeddable":true,"href":"https:\/\/contraluzcucuta.co\/index.php?rest_route=%2Fwp%2Fv2%2Fcategories&post=43054"},{"taxonomy":"post_tag","embeddable":true,"href":"https:\/\/contraluzcucuta.co\/index.php?rest_route=%2Fwp%2Fv2%2Ftags&post=43054"}],"curies":[{"name":"wp","href":"https:\/\/api.w.org\/{rel}","templated":true}]}}