{"id":43048,"date":"2024-08-19T14:38:43","date_gmt":"2024-08-19T19:38:43","guid":{"rendered":"https:\/\/contraluzcucuta.co\/?p=43048"},"modified":"2024-08-19T14:38:43","modified_gmt":"2024-08-19T19:38:43","slug":"capitulo-de-esperanza-el-tiempo-de-la-paz-es-ahora-william-villamizar","status":"publish","type":"post","link":"https:\/\/contraluzcucuta.co\/?p=43048","title":{"rendered":"CAP\u00cdTULO DE ESPERANZA. \u00abEl tiempo de la paz es ahora\u00bb: William Villamizar"},"content":{"rendered":"<p style=\"padding-left: 40px; text-align: right;\"><strong><span style=\"color: #ff9900;\">TIB\u00da \u2013 Norte de Santander.- Desde Tib\u00fa, el gobernador William Villamizar envi\u00f3 un mensaje al ELN, a las FARC y al Gobierno en b\u00fasqueda de la paz en Norte de Santander y el resto del pa\u00eds. Pidi\u00f3 hacer los esfuerzos que sean necesarios para poner fin, de una vez por todas, a d\u00e9cadas de conflicto armado que, en regiones como El Catatumbo, ha dejado una profunda huella de violencia.<\/span><\/strong><\/p>\n<p><a href=\"https:\/\/contraluzcucuta.co\/wp-content\/uploads\/2024\/08\/TIBU-PAZ-2-scaled.jpg\"><img loading=\"lazy\" decoding=\"async\" class=\"alignnone  wp-image-43050 alignleft\" src=\"https:\/\/contraluzcucuta.co\/wp-content\/uploads\/2024\/08\/TIBU-PAZ-2-300x200.jpg\" alt=\"\" width=\"251\" height=\"167\" srcset=\"https:\/\/contraluzcucuta.co\/wp-content\/uploads\/2024\/08\/TIBU-PAZ-2-300x200.jpg 300w, https:\/\/contraluzcucuta.co\/wp-content\/uploads\/2024\/08\/TIBU-PAZ-2-600x400.jpg 600w, https:\/\/contraluzcucuta.co\/wp-content\/uploads\/2024\/08\/TIBU-PAZ-2-1024x683.jpg 1024w, https:\/\/contraluzcucuta.co\/wp-content\/uploads\/2024\/08\/TIBU-PAZ-2-768x512.jpg 768w, https:\/\/contraluzcucuta.co\/wp-content\/uploads\/2024\/08\/TIBU-PAZ-2-1536x1024.jpg 1536w, https:\/\/contraluzcucuta.co\/wp-content\/uploads\/2024\/08\/TIBU-PAZ-2-2048x1365.jpg 2048w, https:\/\/contraluzcucuta.co\/wp-content\/uploads\/2024\/08\/TIBU-PAZ-2-310x205.jpg 310w\" sizes=\"auto, (max-width: 251px) 100vw, 251px\" \/><\/a><\/p>\n<p>\u201cHoy, el sentimiento del pueblo nortesantandereano, en especial de los habitantes de los 13 municipios que conforman la regi\u00f3n de El Catatumbo, e incluso, de quienes no pertenecen a esta regi\u00f3n, se enfoca en un prop\u00f3sito esencial: continuar con los di\u00e1logos como v\u00eda principal para la terminaci\u00f3n de este conflicto que ha afectado a tantas familias en nuestro pa\u00eds\u201d, dijo Villamizar.<\/p>\n<p>En declaraci\u00f3n conjunta con alcaldes, diputados, l\u00edderes sociales y comunales, fuerza p\u00fablica, defensores de derechos humanos, j\u00f3venes, asociaciones y fuerzas vivas del departamento, solicitaron al Gobierno tres acciones fundamentales:<\/p>\n<ul>\n<li>La reanudaci\u00f3n de los di\u00e1logos con el Ej\u00e9rcito de Liberaci\u00f3n Nacional (ELN).<\/li>\n<li>La continuaci\u00f3n de las conversaciones con el Estado Mayor Central de las FARC (EMC-FARC).<\/li>\n<li>La firma y ejecuci\u00f3n del Pacto Catatumbo, acuerdo esencial que consiste en el fortalecimiento de la seguridad, el desarrollo social y econ\u00f3mico, la restituci\u00f3n de tierras y la participaci\u00f3n comunitaria para transformar esta zona hist\u00f3ricamente afectada por el conflicto armado.<\/li>\n<li><img loading=\"lazy\" decoding=\"async\" class=\"alignnone  wp-image-43051 alignleft\" src=\"https:\/\/contraluzcucuta.co\/wp-content\/uploads\/2024\/08\/TIBU-PAZ-7-300x200.jpg\" alt=\"\" width=\"248\" height=\"165\" srcset=\"https:\/\/contraluzcucuta.co\/wp-content\/uploads\/2024\/08\/TIBU-PAZ-7-300x200.jpg 300w, https:\/\/contraluzcucuta.co\/wp-content\/uploads\/2024\/08\/TIBU-PAZ-7-600x400.jpg 600w, https:\/\/contraluzcucuta.co\/wp-content\/uploads\/2024\/08\/TIBU-PAZ-7-1024x683.jpg 1024w, https:\/\/contraluzcucuta.co\/wp-content\/uploads\/2024\/08\/TIBU-PAZ-7-768x512.jpg 768w, https:\/\/contraluzcucuta.co\/wp-content\/uploads\/2024\/08\/TIBU-PAZ-7-1536x1024.jpg 1536w, https:\/\/contraluzcucuta.co\/wp-content\/uploads\/2024\/08\/TIBU-PAZ-7-2048x1365.jpg 2048w, https:\/\/contraluzcucuta.co\/wp-content\/uploads\/2024\/08\/TIBU-PAZ-7-310x205.jpg 310w\" sizes=\"auto, (max-width: 248px) 100vw, 248px\" \/>El encuentro en Tib\u00fa, reconocido como capital de El Catatumbo, escribi\u00f3 un nuevo cap\u00edtulo de esperanza para Norte de Santander y Colombia. \u201cDesde aqu\u00ed, tambi\u00e9n, pedimos al Gobierno y a los actores involucrados: no se levanten de la mesa, el momento de actuar es ahora, nuestras comunidades nos necesitan\u201d.<\/li>\n<\/ul>\n<p>De esa manera se cre\u00f3 la Comisi\u00f3n Asesora y Consultora de Paz de Norte de Santander, motivada por una reducci\u00f3n significativa en acciones violentas especialmente en Hacar\u00ed, San Calixto y Convenci\u00f3n, en contraste con el \u00fanico homicidio en Teorama y La Playa, territorios hist\u00f3ricamente afectados por el conflicto armado en la regi\u00f3n.<\/p>\n<p><strong>Luis Tob\u00f3n \u2013 Gobernaci\u00f3n de Norte de Santander<\/strong><\/p>\n","protected":false},"excerpt":{"rendered":"<p>TIB\u00da \u2013 Norte de Santander.- Desde Tib\u00fa, el gobernador William Villamizar envi\u00f3 un mensaje al ELN, a las FARC y al Gobierno en b\u00fasqueda de la paz en Norte de Santander y el resto del pa\u00eds. Pidi\u00f3 hacer los esfuerzos que sean necesarios para poner fin, de una vez por todas, a d\u00e9cadas de conflicto &hellip;<\/p>\n","protected":false},"author":1,"featured_media":43049,"comment_status":"open","ping_status":"open","sticky":false,"template":"","format":"standard","meta":{"footnotes":""},"categories":[4,6011,5],"tags":[2800,279,6600],"class_list":["post-43048","post","type-post","status-publish","format-standard","has-post-thumbnail","hentry","category-barra","category-gobernacion-de-norte-de-santander","category-justicia-transicional","tag-gobernador-william-villamizar","tag-tibu","tag-tiempo-de-paz"],"_links":{"self":[{"href":"https:\/\/contraluzcucuta.co\/index.php?rest_route=\/wp\/v2\/posts\/43048","targetHints":{"allow":["GET"]}}],"collection":[{"href":"https:\/\/contraluzcucuta.co\/index.php?rest_route=\/wp\/v2\/posts"}],"about":[{"href":"https:\/\/contraluzcucuta.co\/index.php?rest_route=\/wp\/v2\/types\/post"}],"author":[{"embeddable":true,"href":"https:\/\/contraluzcucuta.co\/index.php?rest_route=\/wp\/v2\/users\/1"}],"replies":[{"embeddable":true,"href":"https:\/\/contraluzcucuta.co\/index.php?rest_route=%2Fwp%2Fv2%2Fcomments&post=43048"}],"version-history":[{"count":1,"href":"https:\/\/contraluzcucuta.co\/index.php?rest_route=\/wp\/v2\/posts\/43048\/revisions"}],"predecessor-version":[{"id":43052,"href":"https:\/\/contraluzcucuta.co\/index.php?rest_route=\/wp\/v2\/posts\/43048\/revisions\/43052"}],"wp:featuredmedia":[{"embeddable":true,"href":"https:\/\/contraluzcucuta.co\/index.php?rest_route=\/wp\/v2\/media\/43049"}],"wp:attachment":[{"href":"https:\/\/contraluzcucuta.co\/index.php?rest_route=%2Fwp%2Fv2%2Fmedia&parent=43048"}],"wp:term":[{"taxonomy":"category","embeddable":true,"href":"https:\/\/contraluzcucuta.co\/index.php?rest_route=%2Fwp%2Fv2%2Fcategories&post=43048"},{"taxonomy":"post_tag","embeddable":true,"href":"https:\/\/contraluzcucuta.co\/index.php?rest_route=%2Fwp%2Fv2%2Ftags&post=43048"}],"curies":[{"name":"wp","href":"https:\/\/api.w.org\/{rel}","templated":true}]}}