{"id":43034,"date":"2024-08-16T04:16:05","date_gmt":"2024-08-16T09:16:05","guid":{"rendered":"https:\/\/contraluzcucuta.co\/?p=43034"},"modified":"2024-08-16T04:16:05","modified_gmt":"2024-08-16T09:16:05","slug":"medio-ambiente-organizaciones-reciben-reconocimiento-por-trayectoria-e-impacto","status":"publish","type":"post","link":"https:\/\/contraluzcucuta.co\/?p=43034","title":{"rendered":"MEDIO AMBIENTE. Organizaciones reciben reconocimiento por trayectoria e impacto"},"content":{"rendered":"<p style=\"padding-left: 40px; text-align: right;\"><strong><span style=\"color: #ff9900;\">C\u00daCUTA.- Cuatro organizaciones ambientales de Norte de Santander que, por trayectoria e impacto, han logrado la transformaci\u00f3n social en el territorio y se han convertido en casos de \u00e9xito en la regi\u00f3n, recibieron reconocimientos en el D\u00eda Nacional de las Organizaciones Ecologistas y Ambientalistas.<\/span><\/strong><\/p>\n<p><a href=\"https:\/\/contraluzcucuta.co\/wp-content\/uploads\/2024\/08\/MEDIO-AMBIENTE-1.jpg\"><img loading=\"lazy\" decoding=\"async\" class=\"alignnone  wp-image-43036 alignleft\" src=\"https:\/\/contraluzcucuta.co\/wp-content\/uploads\/2024\/08\/MEDIO-AMBIENTE-1-300x225.jpg\" alt=\"\" width=\"244\" height=\"183\" srcset=\"https:\/\/contraluzcucuta.co\/wp-content\/uploads\/2024\/08\/MEDIO-AMBIENTE-1-300x225.jpg 300w, https:\/\/contraluzcucuta.co\/wp-content\/uploads\/2024\/08\/MEDIO-AMBIENTE-1-600x450.jpg 600w, https:\/\/contraluzcucuta.co\/wp-content\/uploads\/2024\/08\/MEDIO-AMBIENTE-1-1024x768.jpg 1024w, https:\/\/contraluzcucuta.co\/wp-content\/uploads\/2024\/08\/MEDIO-AMBIENTE-1-768x576.jpg 768w, https:\/\/contraluzcucuta.co\/wp-content\/uploads\/2024\/08\/MEDIO-AMBIENTE-1.jpg 1280w\" sizes=\"auto, (max-width: 244px) 100vw, 244px\" \/><\/a><\/p>\n<p>En el acto de conmemoraci\u00f3n se dio a conocer la estrategia de trabajo para garantizar la implementaci\u00f3n del acuerdo de Escaz\u00fa que promueve la participaci\u00f3n p\u00fablica, la defensa de los derechos de los defensores del medio ambiente, el respeto por los derechos de los pueblos ind\u00edgenas y comunidades locales.<\/p>\n<ul>\n<li>Asociaci\u00f3n Madre Tierra (Asomati). Por el sentido de pertenencia y la trayectoria social ambiental durante 13 a\u00f1os de cuidado de los recursos naturales, mediante acciones comunitarias sostenibles que contribuyen a la conservaci\u00f3n y protecci\u00f3n de la biodiversidad del bosque seco tropical en la regi\u00f3n.<\/li>\n<li>Asociaci\u00f3n de Recicladores Emprendedores del Norte (Arenorte). Por el laborioso trabajo y compromiso para generar la transformaci\u00f3n cultural en las comunidades para incentivar el reciclaje y promover la econom\u00eda circular como apuestas significativas de desarrollo sostenible en la regi\u00f3n.<\/li>\n<li>Fundaci\u00f3n Mi Mejor Amigo. Por el compromiso continuo durante 14 a\u00f1os en la protecci\u00f3n y el bienestar animal de los seres sintientes en condici\u00f3n de abandono y vulnerabilidad del departamento.<\/li>\n<li>Asociaci\u00f3n de Amigos Usuarios del Acueducto Independiente (Adamiuain). Por el compromiso social ambiental durante 39 a\u00f1os en el cuidado del recurso h\u00eddrico mediante acciones responsables para la protecci\u00f3n, la conservaci\u00f3n, el ahorro, el suministro y el uso eficiente del agua potable en Oca\u00f1a.<\/li>\n<\/ul>\n<p>Al acto asistieron l\u00edderes ambientales de Oca\u00f1a, Convenci\u00f3n, El Zulia, San Cayetano, Los Patios, C\u00facuta, instituciones educativas y entidades aliadas al ejercicio ambiental.<\/p>\n<p>Diana Garc\u00eda<\/p>\n","protected":false},"excerpt":{"rendered":"<p>C\u00daCUTA.- Cuatro organizaciones ambientales de Norte de Santander que, por trayectoria e impacto, han logrado la transformaci\u00f3n social en el territorio y se han convertido en casos de \u00e9xito en la regi\u00f3n, recibieron reconocimientos en el D\u00eda Nacional de las Organizaciones Ecologistas y Ambientalistas. En el acto de conmemoraci\u00f3n se dio a conocer la estrategia &hellip;<\/p>\n","protected":false},"author":1,"featured_media":43035,"comment_status":"open","ping_status":"open","sticky":false,"template":"","format":"standard","meta":{"footnotes":""},"categories":[4,347],"tags":[6596,6593,6592,6594,6595,2963,6591],"class_list":["post-43034","post","type-post","status-publish","format-standard","has-post-thumbnail","hentry","category-barra","category-medio-ambiente","tag-adamiuain","tag-arenorte","tag-asociacion-madre-tierra","tag-asomati","tag-fundacion-mi-mejor-amigo","tag-medio-ambiente-en-norte-de-santander","tag-organizaciones-ambientales"],"_links":{"self":[{"href":"https:\/\/contraluzcucuta.co\/index.php?rest_route=\/wp\/v2\/posts\/43034","targetHints":{"allow":["GET"]}}],"collection":[{"href":"https:\/\/contraluzcucuta.co\/index.php?rest_route=\/wp\/v2\/posts"}],"about":[{"href":"https:\/\/contraluzcucuta.co\/index.php?rest_route=\/wp\/v2\/types\/post"}],"author":[{"embeddable":true,"href":"https:\/\/contraluzcucuta.co\/index.php?rest_route=\/wp\/v2\/users\/1"}],"replies":[{"embeddable":true,"href":"https:\/\/contraluzcucuta.co\/index.php?rest_route=%2Fwp%2Fv2%2Fcomments&post=43034"}],"version-history":[{"count":1,"href":"https:\/\/contraluzcucuta.co\/index.php?rest_route=\/wp\/v2\/posts\/43034\/revisions"}],"predecessor-version":[{"id":43037,"href":"https:\/\/contraluzcucuta.co\/index.php?rest_route=\/wp\/v2\/posts\/43034\/revisions\/43037"}],"wp:featuredmedia":[{"embeddable":true,"href":"https:\/\/contraluzcucuta.co\/index.php?rest_route=\/wp\/v2\/media\/43035"}],"wp:attachment":[{"href":"https:\/\/contraluzcucuta.co\/index.php?rest_route=%2Fwp%2Fv2%2Fmedia&parent=43034"}],"wp:term":[{"taxonomy":"category","embeddable":true,"href":"https:\/\/contraluzcucuta.co\/index.php?rest_route=%2Fwp%2Fv2%2Fcategories&post=43034"},{"taxonomy":"post_tag","embeddable":true,"href":"https:\/\/contraluzcucuta.co\/index.php?rest_route=%2Fwp%2Fv2%2Ftags&post=43034"}],"curies":[{"name":"wp","href":"https:\/\/api.w.org\/{rel}","templated":true}]}}