{"id":43011,"date":"2024-08-14T05:14:04","date_gmt":"2024-08-14T10:14:04","guid":{"rendered":"https:\/\/contraluzcucuta.co\/?p=43011"},"modified":"2024-08-14T05:14:04","modified_gmt":"2024-08-14T10:14:04","slug":"emprende-fest-plataforma-para-exposicion-de-productos-y-servicios-locales","status":"publish","type":"post","link":"https:\/\/contraluzcucuta.co\/?p=43011","title":{"rendered":"EMPRENDE FEST. Plataforma para exposici\u00f3n de productos y servicios locales"},"content":{"rendered":"<p><a href=\"https:\/\/contraluzcucuta.co\/wp-content\/uploads\/2024\/08\/EMPRENDE-FEST-4.jpg\"><img loading=\"lazy\" decoding=\"async\" class=\"alignnone  wp-image-43013 alignleft\" src=\"https:\/\/contraluzcucuta.co\/wp-content\/uploads\/2024\/08\/EMPRENDE-FEST-4-300x200.jpg\" alt=\"\" width=\"248\" height=\"165\" srcset=\"https:\/\/contraluzcucuta.co\/wp-content\/uploads\/2024\/08\/EMPRENDE-FEST-4-300x200.jpg 300w, https:\/\/contraluzcucuta.co\/wp-content\/uploads\/2024\/08\/EMPRENDE-FEST-4-600x400.jpg 600w, https:\/\/contraluzcucuta.co\/wp-content\/uploads\/2024\/08\/EMPRENDE-FEST-4-1024x682.jpg 1024w, https:\/\/contraluzcucuta.co\/wp-content\/uploads\/2024\/08\/EMPRENDE-FEST-4-768x512.jpg 768w, https:\/\/contraluzcucuta.co\/wp-content\/uploads\/2024\/08\/EMPRENDE-FEST-4-1536x1023.jpg 1536w, https:\/\/contraluzcucuta.co\/wp-content\/uploads\/2024\/08\/EMPRENDE-FEST-4-310x205.jpg 310w, https:\/\/contraluzcucuta.co\/wp-content\/uploads\/2024\/08\/EMPRENDE-FEST-4.jpg 1600w\" sizes=\"auto, (max-width: 248px) 100vw, 248px\" \/><\/a><\/p>\n<p><strong><span style=\"color: #ff9900;\">PAMPLONA \u2013 Norte de Santander.- La quinta versi\u00f3n de Emprende Fest lleg\u00f3 a Pamplona y m\u00e1s de 60 emprendedores mostraron talento e innovaci\u00f3n por medio de la gastronom\u00eda, las confecciones, la bisuter\u00eda y los servicios. La organizaci\u00f3n estuvo a cargo de la Secretar\u00eda de Desarrollo Econ\u00f3mico y Productividad y la Red Regional de Emprendimiento.<\/span><\/strong><\/p>\n<p>La estrategia se consolida como plataforma esencial para la exposici\u00f3n y la comercializaci\u00f3n de productos y servicios locales. En esta ocasi\u00f3n, los participantes ofrecieron los productos en el parque \u00c1gueda Gallardo y demostraron resiliencia y esp\u00edritu emprendedor. La jornada estuvo apoyada por la Alcald\u00eda y la C\u00e1mara de Comercio de Pamplona.<\/p>\n<p>\u201cLa estrategia busca fortalecer el mercado local y generar la articulaci\u00f3n que permita a nuestros emprendedores acceder a mercados nacionales\u201d, dijo el secretario de Desarrollo, Olger L\u00f3pez.<\/p>\n<p>El objetivo de Emprende Fest es llevar la iniciativa a los 40 municipios del departamento, apoyar a los emprendedores en el proceso de crecimiento y fortalecer los negocios.<\/p>\n<p>\u201cEl gobierno departamental busca que m\u00e1s emprendedores se sumen al sector productivo, para contribuir con el desarrollo econ\u00f3mico de Norte de Santander\u201d, a\u00f1adi\u00f3 L\u00f3pez.<\/p>\n<p>Emprende Fest Pamplona reafirm\u00f3 el compromiso de la administraci\u00f3n con el impulso al emprendimiento y con el talento local como motor\u00a0 para el progreso de la regi\u00f3n.<\/p>\n","protected":false},"excerpt":{"rendered":"<p>PAMPLONA \u2013 Norte de Santander.- La quinta versi\u00f3n de Emprende Fest lleg\u00f3 a Pamplona y m\u00e1s de 60 emprendedores mostraron talento e innovaci\u00f3n por medio de la gastronom\u00eda, las confecciones, la bisuter\u00eda y los servicios. La organizaci\u00f3n estuvo a cargo de la Secretar\u00eda de Desarrollo Econ\u00f3mico y Productividad y la Red Regional de Emprendimiento. La &hellip;<\/p>\n","protected":false},"author":1,"featured_media":43012,"comment_status":"open","ping_status":"open","sticky":false,"template":"","format":"standard","meta":{"footnotes":""},"categories":[4,36],"tags":[2386,6588,6587,1847],"class_list":["post-43011","post","type-post","status-publish","format-standard","has-post-thumbnail","hentry","category-barra","category-la-voz-del-pueblo","tag-alcaldia-de-pamplona","tag-camara-de-comercio-de-pamplona","tag-emprende-fest","tag-emprendimiento"],"_links":{"self":[{"href":"https:\/\/contraluzcucuta.co\/index.php?rest_route=\/wp\/v2\/posts\/43011","targetHints":{"allow":["GET"]}}],"collection":[{"href":"https:\/\/contraluzcucuta.co\/index.php?rest_route=\/wp\/v2\/posts"}],"about":[{"href":"https:\/\/contraluzcucuta.co\/index.php?rest_route=\/wp\/v2\/types\/post"}],"author":[{"embeddable":true,"href":"https:\/\/contraluzcucuta.co\/index.php?rest_route=\/wp\/v2\/users\/1"}],"replies":[{"embeddable":true,"href":"https:\/\/contraluzcucuta.co\/index.php?rest_route=%2Fwp%2Fv2%2Fcomments&post=43011"}],"version-history":[{"count":1,"href":"https:\/\/contraluzcucuta.co\/index.php?rest_route=\/wp\/v2\/posts\/43011\/revisions"}],"predecessor-version":[{"id":43014,"href":"https:\/\/contraluzcucuta.co\/index.php?rest_route=\/wp\/v2\/posts\/43011\/revisions\/43014"}],"wp:featuredmedia":[{"embeddable":true,"href":"https:\/\/contraluzcucuta.co\/index.php?rest_route=\/wp\/v2\/media\/43012"}],"wp:attachment":[{"href":"https:\/\/contraluzcucuta.co\/index.php?rest_route=%2Fwp%2Fv2%2Fmedia&parent=43011"}],"wp:term":[{"taxonomy":"category","embeddable":true,"href":"https:\/\/contraluzcucuta.co\/index.php?rest_route=%2Fwp%2Fv2%2Fcategories&post=43011"},{"taxonomy":"post_tag","embeddable":true,"href":"https:\/\/contraluzcucuta.co\/index.php?rest_route=%2Fwp%2Fv2%2Ftags&post=43011"}],"curies":[{"name":"wp","href":"https:\/\/api.w.org\/{rel}","templated":true}]}}