{"id":43006,"date":"2024-08-14T04:27:19","date_gmt":"2024-08-14T09:27:19","guid":{"rendered":"https:\/\/contraluzcucuta.co\/?p=43006"},"modified":"2024-08-14T04:27:19","modified_gmt":"2024-08-14T09:27:19","slug":"defensoria-del-pueblo-los-periodistas-se-sienten-cada-vez-mas-intimidados","status":"publish","type":"post","link":"https:\/\/contraluzcucuta.co\/?p=43006","title":{"rendered":"DEFENSOR\u00cdA DEL PUEBLO. Los periodistas se sienten cada vez m\u00e1s intimidados"},"content":{"rendered":"<p style=\"padding-left: 40px; text-align: right;\"><strong><span style=\"color: #ff9900;\">BOGOT\u00c1.- (@DefensoriaCol). El 47,7 % de las vulneraciones de derechos reportadas por periodistas, a partir de la encuesta aplicada por la Defensor\u00eda del Pueblo en el pa\u00eds, tiene como responsables a las estructuras armadas ilegales, el crimen organizado y la delincuencia com\u00fan.<\/span><\/strong><\/p>\n<p><a href=\"https:\/\/contraluzcucuta.co\/wp-content\/uploads\/2024\/08\/DEFENSORIA-DEL-PUEBLO-2.jpg\"><img loading=\"lazy\" decoding=\"async\" class=\"alignnone  wp-image-43008 alignleft\" src=\"https:\/\/contraluzcucuta.co\/wp-content\/uploads\/2024\/08\/DEFENSORIA-DEL-PUEBLO-2-300x169.jpg\" alt=\"\" width=\"245\" height=\"138\" srcset=\"https:\/\/contraluzcucuta.co\/wp-content\/uploads\/2024\/08\/DEFENSORIA-DEL-PUEBLO-2-300x169.jpg 300w, https:\/\/contraluzcucuta.co\/wp-content\/uploads\/2024\/08\/DEFENSORIA-DEL-PUEBLO-2-600x338.jpg 600w, https:\/\/contraluzcucuta.co\/wp-content\/uploads\/2024\/08\/DEFENSORIA-DEL-PUEBLO-2-1024x576.jpg 1024w, https:\/\/contraluzcucuta.co\/wp-content\/uploads\/2024\/08\/DEFENSORIA-DEL-PUEBLO-2-768x432.jpg 768w, https:\/\/contraluzcucuta.co\/wp-content\/uploads\/2024\/08\/DEFENSORIA-DEL-PUEBLO-2.jpg 1200w\" sizes=\"auto, (max-width: 245px) 100vw, 245px\" \/><\/a><\/p>\n<p>El 21,2 % indic\u00f3 haber sido atacado por l\u00edderes pol\u00edticos, el 13,2 % manifest\u00f3 sentir atacados sus derechos en el ejercicio de la labor por parte de miembros de las Fuerzas Militares, el 12 % se\u00f1al\u00f3 que fue blanco de comentarios hechos por empleados de entidades p\u00fablicas y el 8 % denunci\u00f3 haber sufrido vulneraciones por su empleador.<\/p>\n<p>De los encuestados, el 36 % manifest\u00f3 amenazas contra la vida y la integridad; el 37 %, contra los derechos a informar y expresarse; el 17 %, contra la integridad psicol\u00f3gica, moral y el buen nombre; el 10 %, contra los derechos econ\u00f3micos y contractuales.<\/p>\n<p>La intimidaci\u00f3n verbal fue el mecanismo m\u00e1s utilizado, dijo el 37,4 % de los encuestados; la amenaza telef\u00f3nica fue el segundo mecanismo, con el 23 %, y el 21,4 % sostuvo haber sido amenazado mediante las redes sociales.<\/p>\n<p><a href=\"https:\/\/contraluzcucuta.co\/wp-content\/uploads\/2024\/08\/PERIODISTAS-TRABAJO-4.jpg\"><img loading=\"lazy\" decoding=\"async\" class=\"alignnone  wp-image-43009 alignleft\" src=\"https:\/\/contraluzcucuta.co\/wp-content\/uploads\/2024\/08\/PERIODISTAS-TRABAJO-4-300x200.jpg\" alt=\"\" width=\"248\" height=\"165\" srcset=\"https:\/\/contraluzcucuta.co\/wp-content\/uploads\/2024\/08\/PERIODISTAS-TRABAJO-4-300x200.jpg 300w, https:\/\/contraluzcucuta.co\/wp-content\/uploads\/2024\/08\/PERIODISTAS-TRABAJO-4-600x400.jpg 600w, https:\/\/contraluzcucuta.co\/wp-content\/uploads\/2024\/08\/PERIODISTAS-TRABAJO-4-310x205.jpg 310w, https:\/\/contraluzcucuta.co\/wp-content\/uploads\/2024\/08\/PERIODISTAS-TRABAJO-4.jpg 612w\" sizes=\"auto, (max-width: 248px) 100vw, 248px\" \/><\/a><\/p>\n<p>El estudio da cuenta de un entorno cada vez m\u00e1s hostil para los periodistas y comunicadores sociales, que ven la labor constantemente amenazada. Enfrentan numerosos desaf\u00edos que ponen en riesgo la integridad, los derechos laborales y la calidad de la informaci\u00f3n que brindan al p\u00fablico.<\/p>\n<p>Los victimarios buscan silenciarlos y restringir la libertad de prensa, raz\u00f3n por la que la Defensor\u00eda del Pueblo insta a los grupos armados al margen de la ley y a todo aquel que quiera bloquear el trabajo de los periodistas a respetar los derechos humanos, el derecho a informar, a no censurarlos, a no obligarlos a la autocensura, pues el trabajo es fundamental para el fortalecimiento de la democracia.<\/p>\n<p><span style=\"color: #ff9900;\"><strong>El respeto a los periodistas es compromiso de todos<\/strong><\/span><\/p>\n<p>Adicionalmente, los actores con responsabilidades pol\u00edticas y la ciudadan\u00eda en general, incluidos los generadores de opini\u00f3n, deben respetar el libre ejercicio de la prensa \u2014medios de comunicaci\u00f3n tradicionales, nacionales, regionales, locales, no tradicionales, comunitarios, digitales, en todos sus formatos\u2014 y a quienes forman parte de ella desde su rol como comunicadores. Es preciso respetarlos y promover su protecci\u00f3n.<\/p>\n<p>Cualquier manera de violencia, intimidaci\u00f3n o represalia contra quienes ejercen el periodismo, incluidos aquellos que hacen parte de ONG u organizaciones sociales encaminadas a proteger la libertad de expresi\u00f3n, debe ser erradicada por completo, sobre todo en una naci\u00f3n como Colombia, donde cada d\u00eda la exacerbaci\u00f3n de la polarizaci\u00f3n ha convertido las redes sociales en aut\u00e9nticos campos de batalla, en \u2018buenos\u2019 y \u2018malos\u2019 por el hecho de informar u opinar. Los entornos digitales deben ser espacios de debate respetuoso y constructivo, no plataformas para la violencia verbal y las amenazas.<\/p>\n<p>Fomentar un ambiente de respeto y tolerancia desde los tuits, los hilos, los atriles, los micr\u00f3fonos y los discursos hacia la libertad de informaci\u00f3n es otro de los llamados de la Defensor\u00eda desde su Delegada para la Protecci\u00f3n de los Derechos en Ambientes Digitales y Libertad de Expresi\u00f3n.<\/p>\n","protected":false},"excerpt":{"rendered":"<p>BOGOT\u00c1.- (@DefensoriaCol). El 47,7 % de las vulneraciones de derechos reportadas por periodistas, a partir de la encuesta aplicada por la Defensor\u00eda del Pueblo en el pa\u00eds, tiene como responsables a las estructuras armadas ilegales, el crimen organizado y la delincuencia com\u00fan. El 21,2 % indic\u00f3 haber sido atacado por l\u00edderes pol\u00edticos, el 13,2 % &hellip;<\/p>\n","protected":false},"author":1,"featured_media":43007,"comment_status":"open","ping_status":"open","sticky":false,"template":"","format":"standard","meta":{"footnotes":""},"categories":[4,6],"tags":[6585,2375,6586,6584,4848,6583],"class_list":["post-43006","post","type-post","status-publish","format-standard","has-post-thumbnail","hentry","category-barra","category-ojo-avizor","tag-crimen-organizado","tag-defensoria-del-pueblo","tag-delincuencia-comun","tag-estructuras-armadas-ilegales","tag-fuerzas-militares","tag-periodistas-de-colombia"],"_links":{"self":[{"href":"https:\/\/contraluzcucuta.co\/index.php?rest_route=\/wp\/v2\/posts\/43006","targetHints":{"allow":["GET"]}}],"collection":[{"href":"https:\/\/contraluzcucuta.co\/index.php?rest_route=\/wp\/v2\/posts"}],"about":[{"href":"https:\/\/contraluzcucuta.co\/index.php?rest_route=\/wp\/v2\/types\/post"}],"author":[{"embeddable":true,"href":"https:\/\/contraluzcucuta.co\/index.php?rest_route=\/wp\/v2\/users\/1"}],"replies":[{"embeddable":true,"href":"https:\/\/contraluzcucuta.co\/index.php?rest_route=%2Fwp%2Fv2%2Fcomments&post=43006"}],"version-history":[{"count":1,"href":"https:\/\/contraluzcucuta.co\/index.php?rest_route=\/wp\/v2\/posts\/43006\/revisions"}],"predecessor-version":[{"id":43010,"href":"https:\/\/contraluzcucuta.co\/index.php?rest_route=\/wp\/v2\/posts\/43006\/revisions\/43010"}],"wp:featuredmedia":[{"embeddable":true,"href":"https:\/\/contraluzcucuta.co\/index.php?rest_route=\/wp\/v2\/media\/43007"}],"wp:attachment":[{"href":"https:\/\/contraluzcucuta.co\/index.php?rest_route=%2Fwp%2Fv2%2Fmedia&parent=43006"}],"wp:term":[{"taxonomy":"category","embeddable":true,"href":"https:\/\/contraluzcucuta.co\/index.php?rest_route=%2Fwp%2Fv2%2Fcategories&post=43006"},{"taxonomy":"post_tag","embeddable":true,"href":"https:\/\/contraluzcucuta.co\/index.php?rest_route=%2Fwp%2Fv2%2Ftags&post=43006"}],"curies":[{"name":"wp","href":"https:\/\/api.w.org\/{rel}","templated":true}]}}