{"id":42966,"date":"2024-08-13T04:17:27","date_gmt":"2024-08-13T09:17:27","guid":{"rendered":"https:\/\/contraluzcucuta.co\/?p=42966"},"modified":"2024-08-13T04:17:27","modified_gmt":"2024-08-13T09:17:27","slug":"ferias-y-fiestas-perfil-de-las-candidatas-al-reinado-popular-de-belleza-2024","status":"publish","type":"post","link":"https:\/\/contraluzcucuta.co\/?p=42966","title":{"rendered":"FERIAS Y FIESTAS. Perfil de las candidatas al reinado popular de belleza 2024"},"content":{"rendered":"<p style=\"padding-left: 40px; text-align: right;\"><strong><span style=\"color: #ff9900;\">C\u00daCUTA.- La Alcald\u00eda de C\u00facuta, la Secretar\u00eda de Cultura y Turismo y la organizaci\u00f3n de las Ferias de C\u00facuta 2024 presentan el perfil de las candidatas al Reinado Popular de la Belleza de C\u00facuta 2024.<\/span><\/strong><\/p>\n<p>Estas j\u00f3venes representan la belleza, la inteligencia y el compromiso social, al presentar proyectos de desarrollo para comunas y corregimientos. Adem\u00e1s, son testimonio del talante y resiliencia de la ciudad.<\/p>\n<p><a href=\"https:\/\/contraluzcucuta.co\/wp-content\/uploads\/2024\/08\/REINADO-DE-CUCUTA-13.jpeg\"><img loading=\"lazy\" decoding=\"async\" class=\"alignnone  wp-image-42968 alignleft\" src=\"https:\/\/contraluzcucuta.co\/wp-content\/uploads\/2024\/08\/REINADO-DE-CUCUTA-13-240x300.jpeg\" alt=\"\" width=\"147\" height=\"184\" srcset=\"https:\/\/contraluzcucuta.co\/wp-content\/uploads\/2024\/08\/REINADO-DE-CUCUTA-13-240x300.jpeg 240w, https:\/\/contraluzcucuta.co\/wp-content\/uploads\/2024\/08\/REINADO-DE-CUCUTA-13-600x750.jpeg 600w, https:\/\/contraluzcucuta.co\/wp-content\/uploads\/2024\/08\/REINADO-DE-CUCUTA-13-819x1024.jpeg 819w, https:\/\/contraluzcucuta.co\/wp-content\/uploads\/2024\/08\/REINADO-DE-CUCUTA-13-768x960.jpeg 768w, https:\/\/contraluzcucuta.co\/wp-content\/uploads\/2024\/08\/REINADO-DE-CUCUTA-13.jpeg 1024w\" sizes=\"auto, (max-width: 147px) 100vw, 147px\" \/><\/a><\/p>\n<p>Reina actual:<\/p>\n<p>Nombre: Daniela Pinz\u00f3n Visbal.<\/p>\n<p>Edad: 24 a\u00f1os.<\/p>\n<p>Estudios: abogada.<\/p>\n<p>Represent\u00f3: comuna 2.<\/p>\n<p><a href=\"https:\/\/contraluzcucuta.co\/wp-content\/uploads\/2024\/08\/REINADO-DE-CUCUTA-2.jpeg\"><img loading=\"lazy\" decoding=\"async\" class=\"alignnone  wp-image-42969 alignleft\" src=\"https:\/\/contraluzcucuta.co\/wp-content\/uploads\/2024\/08\/REINADO-DE-CUCUTA-2-240x300.jpeg\" alt=\"\" width=\"126\" height=\"157\" srcset=\"https:\/\/contraluzcucuta.co\/wp-content\/uploads\/2024\/08\/REINADO-DE-CUCUTA-2-240x300.jpeg 240w, https:\/\/contraluzcucuta.co\/wp-content\/uploads\/2024\/08\/REINADO-DE-CUCUTA-2-600x750.jpeg 600w, https:\/\/contraluzcucuta.co\/wp-content\/uploads\/2024\/08\/REINADO-DE-CUCUTA-2-819x1024.jpeg 819w, https:\/\/contraluzcucuta.co\/wp-content\/uploads\/2024\/08\/REINADO-DE-CUCUTA-2-768x960.jpeg 768w, https:\/\/contraluzcucuta.co\/wp-content\/uploads\/2024\/08\/REINADO-DE-CUCUTA-2.jpeg 1024w\" sizes=\"auto, (max-width: 126px) 100vw, 126px\" \/><\/a><\/p>\n<p>Comuna 1:<\/p>\n<p>Nombre: Mar\u00eda Isabel Romero G\u00e9lvez.<\/p>\n<p>Edad: 19 a\u00f1os.<\/p>\n<p>Estudios: Cuarto semestre de medicina.<\/p>\n<p>Reside en: barrio El Callej\u00f3n.<\/p>\n<p>Proyecto: Promover programas de apoyo en el Hospital Mental Rudesindo Soto para mejorar la calidad de vida de los consumidores de drogas en rehabilitaci\u00f3n para facilitar la reintegraci\u00f3n social.<\/p>\n<p><a href=\"https:\/\/contraluzcucuta.co\/wp-content\/uploads\/2024\/08\/REINADO-DE-CUCUTA-5.jpeg\"><img loading=\"lazy\" decoding=\"async\" class=\"alignnone  wp-image-42970 alignleft\" src=\"https:\/\/contraluzcucuta.co\/wp-content\/uploads\/2024\/08\/REINADO-DE-CUCUTA-5-240x300.jpeg\" alt=\"\" width=\"126\" height=\"158\" srcset=\"https:\/\/contraluzcucuta.co\/wp-content\/uploads\/2024\/08\/REINADO-DE-CUCUTA-5-240x300.jpeg 240w, https:\/\/contraluzcucuta.co\/wp-content\/uploads\/2024\/08\/REINADO-DE-CUCUTA-5-600x750.jpeg 600w, https:\/\/contraluzcucuta.co\/wp-content\/uploads\/2024\/08\/REINADO-DE-CUCUTA-5-819x1024.jpeg 819w, https:\/\/contraluzcucuta.co\/wp-content\/uploads\/2024\/08\/REINADO-DE-CUCUTA-5-768x960.jpeg 768w, https:\/\/contraluzcucuta.co\/wp-content\/uploads\/2024\/08\/REINADO-DE-CUCUTA-5.jpeg 1024w\" sizes=\"auto, (max-width: 126px) 100vw, 126px\" \/><\/a><\/p>\n<p>Comuna 2:<\/p>\n<p>Nombre: Ariadna Mendes Toscano.<\/p>\n<p>Edad: 20 a\u00f1os.<\/p>\n<p>Estudios: T\u00e9cnico en ingl\u00e9s y dise\u00f1o gr\u00e1fico. Cursa segundo semestre de criminal\u00edstica.<\/p>\n<p>Reside en: urbanizaci\u00f3n Prados Club.<\/p>\n<p>Proyecto: Gestionar planes de infraestructura vial y ofrecer asistencia a ni\u00f1os con c\u00e1ncer en las cl\u00ednicas comunitarias.<\/p>\n<p><a href=\"https:\/\/contraluzcucuta.co\/wp-content\/uploads\/2024\/08\/REINADO-DE-CUCUTA-4.jpeg\"><img loading=\"lazy\" decoding=\"async\" class=\"alignnone  wp-image-42971 alignleft\" src=\"https:\/\/contraluzcucuta.co\/wp-content\/uploads\/2024\/08\/REINADO-DE-CUCUTA-4-240x300.jpeg\" alt=\"\" width=\"123\" height=\"154\" srcset=\"https:\/\/contraluzcucuta.co\/wp-content\/uploads\/2024\/08\/REINADO-DE-CUCUTA-4-240x300.jpeg 240w, https:\/\/contraluzcucuta.co\/wp-content\/uploads\/2024\/08\/REINADO-DE-CUCUTA-4-600x750.jpeg 600w, https:\/\/contraluzcucuta.co\/wp-content\/uploads\/2024\/08\/REINADO-DE-CUCUTA-4-819x1024.jpeg 819w, https:\/\/contraluzcucuta.co\/wp-content\/uploads\/2024\/08\/REINADO-DE-CUCUTA-4-768x960.jpeg 768w, https:\/\/contraluzcucuta.co\/wp-content\/uploads\/2024\/08\/REINADO-DE-CUCUTA-4.jpeg 1024w\" sizes=\"auto, (max-width: 123px) 100vw, 123px\" \/><\/a><\/p>\n<p>Comuna 3:<\/p>\n<p>Nombre: Y\u00e9sica Alexandra Guzm\u00e1n Reyes.<\/p>\n<p>Edad: 19 a\u00f1os.<\/p>\n<p>Estudios: Cuarto semestre de cosmetolog\u00eda y est\u00e9tica integral.<\/p>\n<p>Reside en: barrio Bocon\u00f3.<\/p>\n<p>Proyecto: Buscar apoyo y provisi\u00f3n de recursos para madres j\u00f3venes, empoder\u00e1ndolas para afrontar los desaf\u00edos de la maternidad temprana y mejorar las oportunidades de desarrollo personal y profesional.<\/p>\n<p><a href=\"https:\/\/contraluzcucuta.co\/wp-content\/uploads\/2024\/08\/REINADO-DE-CUCUTA-8.jpeg\"><img loading=\"lazy\" decoding=\"async\" class=\"alignnone  wp-image-42972 alignleft\" src=\"https:\/\/contraluzcucuta.co\/wp-content\/uploads\/2024\/08\/REINADO-DE-CUCUTA-8-240x300.jpeg\" alt=\"\" width=\"132\" height=\"165\" srcset=\"https:\/\/contraluzcucuta.co\/wp-content\/uploads\/2024\/08\/REINADO-DE-CUCUTA-8-240x300.jpeg 240w, https:\/\/contraluzcucuta.co\/wp-content\/uploads\/2024\/08\/REINADO-DE-CUCUTA-8-600x750.jpeg 600w, https:\/\/contraluzcucuta.co\/wp-content\/uploads\/2024\/08\/REINADO-DE-CUCUTA-8-819x1024.jpeg 819w, https:\/\/contraluzcucuta.co\/wp-content\/uploads\/2024\/08\/REINADO-DE-CUCUTA-8-768x960.jpeg 768w, https:\/\/contraluzcucuta.co\/wp-content\/uploads\/2024\/08\/REINADO-DE-CUCUTA-8.jpeg 1024w\" sizes=\"auto, (max-width: 132px) 100vw, 132px\" \/><\/a><\/p>\n<p>Comuna 4:<\/p>\n<p>Nombre: Nicolle Dayana Sep\u00falveda.<\/p>\n<p>Edad: 18 a\u00f1os.<\/p>\n<p>Estudios: T\u00e9cnico en contabilidad. Cursa segundo semestre de ingenier\u00eda de sistemas.<\/p>\n<p>Reside en: urbanizaci\u00f3n Torcoroma 1.<\/p>\n<p>Proyecto: \u2018Limpia, Crece y Recicla\u2019, iniciativa que impulsa la conciencia ambiental y fomenta acciones comunitarias para preservar la limpieza y la belleza de los parques.<\/p>\n<p><a href=\"https:\/\/contraluzcucuta.co\/wp-content\/uploads\/2024\/08\/REINADO-DE-CUCUTA-6.jpeg\"><img loading=\"lazy\" decoding=\"async\" class=\"alignnone  wp-image-42973 alignleft\" src=\"https:\/\/contraluzcucuta.co\/wp-content\/uploads\/2024\/08\/REINADO-DE-CUCUTA-6-240x300.jpeg\" alt=\"\" width=\"134\" height=\"168\" srcset=\"https:\/\/contraluzcucuta.co\/wp-content\/uploads\/2024\/08\/REINADO-DE-CUCUTA-6-240x300.jpeg 240w, https:\/\/contraluzcucuta.co\/wp-content\/uploads\/2024\/08\/REINADO-DE-CUCUTA-6-600x750.jpeg 600w, https:\/\/contraluzcucuta.co\/wp-content\/uploads\/2024\/08\/REINADO-DE-CUCUTA-6-819x1024.jpeg 819w, https:\/\/contraluzcucuta.co\/wp-content\/uploads\/2024\/08\/REINADO-DE-CUCUTA-6-768x960.jpeg 768w, https:\/\/contraluzcucuta.co\/wp-content\/uploads\/2024\/08\/REINADO-DE-CUCUTA-6.jpeg 1024w\" sizes=\"auto, (max-width: 134px) 100vw, 134px\" \/><\/a><\/p>\n<p>Comuna 5:<\/p>\n<p>Nombre: Julieth Paola Rodr\u00edguez Romero.<\/p>\n<p>Edad: 22 a\u00f1os.<\/p>\n<p>Estudios: T\u00e9cnico en asistencia administrativa, tecn\u00f3loga en gesti\u00f3n empresarial, cursa octavo semestre de administraci\u00f3n de empresas.<\/p>\n<p>Reside en: barrio Sevilla.<\/p>\n<p>Proyecto: Impulsar la econom\u00eda y fortalecer la identidad cultural de la comuna, mediante la legalizaci\u00f3n del sal\u00f3n comunal y la promoci\u00f3n de rutas tur\u00edsticas y programas culturales.<\/p>\n<p><a href=\"https:\/\/contraluzcucuta.co\/wp-content\/uploads\/2024\/08\/REINADO-DE-CUCUTA-7.jpeg\"><img loading=\"lazy\" decoding=\"async\" class=\"alignnone  wp-image-42974 alignleft\" src=\"https:\/\/contraluzcucuta.co\/wp-content\/uploads\/2024\/08\/REINADO-DE-CUCUTA-7-240x300.jpeg\" alt=\"\" width=\"135\" height=\"169\" srcset=\"https:\/\/contraluzcucuta.co\/wp-content\/uploads\/2024\/08\/REINADO-DE-CUCUTA-7-240x300.jpeg 240w, https:\/\/contraluzcucuta.co\/wp-content\/uploads\/2024\/08\/REINADO-DE-CUCUTA-7-600x750.jpeg 600w, https:\/\/contraluzcucuta.co\/wp-content\/uploads\/2024\/08\/REINADO-DE-CUCUTA-7-819x1024.jpeg 819w, https:\/\/contraluzcucuta.co\/wp-content\/uploads\/2024\/08\/REINADO-DE-CUCUTA-7-768x960.jpeg 768w, https:\/\/contraluzcucuta.co\/wp-content\/uploads\/2024\/08\/REINADO-DE-CUCUTA-7.jpeg 1024w\" sizes=\"auto, (max-width: 135px) 100vw, 135px\" \/><\/a><\/p>\n<p>Comuna 6:<\/p>\n<p>Nombre: F\u00e1tima Rinc\u00f3n Duarte.<\/p>\n<p>Edad: 21 a\u00f1os.<\/p>\n<p>Estudios: Segundo semestre de cosmetolog\u00eda y est\u00e9tica integral.<\/p>\n<p>Reside en: barrio Brisas del Para\u00edso.<\/p>\n<p>Proyecto: Gestionar la construcci\u00f3n de la cancha multifuncional para promover la recreaci\u00f3n y la actividad deportiva en la comunidad<\/p>\n<p><a href=\"https:\/\/contraluzcucuta.co\/wp-content\/uploads\/2024\/08\/REINADO-DE-CUCUTA-10.jpeg\"><img loading=\"lazy\" decoding=\"async\" class=\"alignnone  wp-image-42975 alignleft\" src=\"https:\/\/contraluzcucuta.co\/wp-content\/uploads\/2024\/08\/REINADO-DE-CUCUTA-10-240x300.jpeg\" alt=\"\" width=\"134\" height=\"168\" srcset=\"https:\/\/contraluzcucuta.co\/wp-content\/uploads\/2024\/08\/REINADO-DE-CUCUTA-10-240x300.jpeg 240w, https:\/\/contraluzcucuta.co\/wp-content\/uploads\/2024\/08\/REINADO-DE-CUCUTA-10-600x750.jpeg 600w, https:\/\/contraluzcucuta.co\/wp-content\/uploads\/2024\/08\/REINADO-DE-CUCUTA-10-819x1024.jpeg 819w, https:\/\/contraluzcucuta.co\/wp-content\/uploads\/2024\/08\/REINADO-DE-CUCUTA-10-768x960.jpeg 768w, https:\/\/contraluzcucuta.co\/wp-content\/uploads\/2024\/08\/REINADO-DE-CUCUTA-10.jpeg 1024w\" sizes=\"auto, (max-width: 134px) 100vw, 134px\" \/><\/a><\/p>\n<p>Comuna 7:<\/p>\n<p>Nombre: Maryuri Yulieth Gonzales Mart\u00ednez.<\/p>\n<p>Edad: 20 a\u00f1os.<\/p>\n<p>Estudios: T\u00e9cnico en animaci\u00f3n tur\u00edstica, dibujo arquitect\u00f3nico en el SENA y estudia dise\u00f1o gr\u00e1fico.<\/p>\n<p>Reside en: barrio La Florida.<\/p>\n<p>Proyecto: implementar campa\u00f1as de sensibilizaci\u00f3n sobre la protecci\u00f3n del medio ambiente, centradas en la conservaci\u00f3n de recursos h\u00eddricos y la reducci\u00f3n de la contaminaci\u00f3n del aire.<\/p>\n<p><a href=\"https:\/\/contraluzcucuta.co\/wp-content\/uploads\/2024\/08\/REINADO-DE-CUCUTA-9.jpeg\"><img loading=\"lazy\" decoding=\"async\" class=\"alignnone  wp-image-42977 alignleft\" src=\"https:\/\/contraluzcucuta.co\/wp-content\/uploads\/2024\/08\/REINADO-DE-CUCUTA-9-240x300.jpeg\" alt=\"\" width=\"137\" height=\"171\" srcset=\"https:\/\/contraluzcucuta.co\/wp-content\/uploads\/2024\/08\/REINADO-DE-CUCUTA-9-240x300.jpeg 240w, https:\/\/contraluzcucuta.co\/wp-content\/uploads\/2024\/08\/REINADO-DE-CUCUTA-9-600x750.jpeg 600w, https:\/\/contraluzcucuta.co\/wp-content\/uploads\/2024\/08\/REINADO-DE-CUCUTA-9-819x1024.jpeg 819w, https:\/\/contraluzcucuta.co\/wp-content\/uploads\/2024\/08\/REINADO-DE-CUCUTA-9-768x960.jpeg 768w, https:\/\/contraluzcucuta.co\/wp-content\/uploads\/2024\/08\/REINADO-DE-CUCUTA-9.jpeg 1024w\" sizes=\"auto, (max-width: 137px) 100vw, 137px\" \/><\/a><\/p>\n<p>Comuna 8:<\/p>\n<p>Nombre: Yanitza Julieth Pacheco Su\u00e1rez.<\/p>\n<p>Edad: 18 a\u00f1os.<\/p>\n<p>Estudios: Bachiller-t\u00e9cnico en asesor\u00eda comercial.<\/p>\n<p>Reside en: barrio C\u00facuta 75.<\/p>\n<p>Proyecto: Fortalecer las juntas de acci\u00f3n comunal para crear oportunidades de empleo y fomentar el arte, la cultura y el deporte entre j\u00f3venes y adultos mayores.<\/p>\n<p><a href=\"https:\/\/contraluzcucuta.co\/wp-content\/uploads\/2024\/08\/REINADO-DE-CUCUTA-11.jpeg\"><img loading=\"lazy\" decoding=\"async\" class=\"alignnone  wp-image-42978 alignleft\" src=\"https:\/\/contraluzcucuta.co\/wp-content\/uploads\/2024\/08\/REINADO-DE-CUCUTA-11-240x300.jpeg\" alt=\"\" width=\"141\" height=\"176\" srcset=\"https:\/\/contraluzcucuta.co\/wp-content\/uploads\/2024\/08\/REINADO-DE-CUCUTA-11-240x300.jpeg 240w, https:\/\/contraluzcucuta.co\/wp-content\/uploads\/2024\/08\/REINADO-DE-CUCUTA-11-600x750.jpeg 600w, https:\/\/contraluzcucuta.co\/wp-content\/uploads\/2024\/08\/REINADO-DE-CUCUTA-11-819x1024.jpeg 819w, https:\/\/contraluzcucuta.co\/wp-content\/uploads\/2024\/08\/REINADO-DE-CUCUTA-11-768x960.jpeg 768w, https:\/\/contraluzcucuta.co\/wp-content\/uploads\/2024\/08\/REINADO-DE-CUCUTA-11.jpeg 1024w\" sizes=\"auto, (max-width: 141px) 100vw, 141px\" \/><\/a><\/p>\n<p>Comuna 9:<\/p>\n<p>Nombre: Angely Dayana Dur\u00e1n G\u00f3mez.<\/p>\n<p>Edad: 18 a\u00f1os.<\/p>\n<p>Estudios: Cuarto semestre de qu\u00edmica industrial.<\/p>\n<p>Reside en: barrio Carora.<\/p>\n<p>Proyecto: Gestionar recursos y apoyo para promover la salud mental de ni\u00f1os y j\u00f3venes, enfoc\u00e1ndose en el bienestar emocional y psicol\u00f3gico.<\/p>\n<p><a href=\"https:\/\/contraluzcucuta.co\/wp-content\/uploads\/2024\/08\/REINADO-DE-CUCUTA-12.jpeg\"><img loading=\"lazy\" decoding=\"async\" class=\"alignnone  wp-image-42979 alignleft\" src=\"https:\/\/contraluzcucuta.co\/wp-content\/uploads\/2024\/08\/REINADO-DE-CUCUTA-12-240x300.jpeg\" alt=\"\" width=\"142\" height=\"178\" srcset=\"https:\/\/contraluzcucuta.co\/wp-content\/uploads\/2024\/08\/REINADO-DE-CUCUTA-12-240x300.jpeg 240w, https:\/\/contraluzcucuta.co\/wp-content\/uploads\/2024\/08\/REINADO-DE-CUCUTA-12-600x750.jpeg 600w, https:\/\/contraluzcucuta.co\/wp-content\/uploads\/2024\/08\/REINADO-DE-CUCUTA-12-819x1024.jpeg 819w, https:\/\/contraluzcucuta.co\/wp-content\/uploads\/2024\/08\/REINADO-DE-CUCUTA-12-768x960.jpeg 768w, https:\/\/contraluzcucuta.co\/wp-content\/uploads\/2024\/08\/REINADO-DE-CUCUTA-12.jpeg 1024w\" sizes=\"auto, (max-width: 142px) 100vw, 142px\" \/><\/a><\/p>\n<p>Comuna 10:<\/p>\n<p>Nombre: Karen Tatiana Villamizar.<\/p>\n<p>Edad: 20 a\u00f1os.<\/p>\n<p>Estudios: T\u00e9cnico auxiliar de enfermer\u00eda, curso de autocuidado del proveedor de primeros auxilios psicol\u00f3gicos.<\/p>\n<p>Reside en: barrio Cuberos Ni\u00f1o.<\/p>\n<p>Proyecto: Implementar proyectos deportivos, art\u00edsticos y educativos dirigidos a j\u00f3venes y ni\u00f1os vulnerables.<\/p>\n<p><a href=\"https:\/\/contraluzcucuta.co\/wp-content\/uploads\/2024\/08\/REINADO-DE-CUCUTA-3.jpeg\"><img loading=\"lazy\" decoding=\"async\" class=\"alignnone  wp-image-42980 alignleft\" src=\"https:\/\/contraluzcucuta.co\/wp-content\/uploads\/2024\/08\/REINADO-DE-CUCUTA-3-240x300.jpeg\" alt=\"\" width=\"142\" height=\"178\" srcset=\"https:\/\/contraluzcucuta.co\/wp-content\/uploads\/2024\/08\/REINADO-DE-CUCUTA-3-240x300.jpeg 240w, https:\/\/contraluzcucuta.co\/wp-content\/uploads\/2024\/08\/REINADO-DE-CUCUTA-3-600x750.jpeg 600w, https:\/\/contraluzcucuta.co\/wp-content\/uploads\/2024\/08\/REINADO-DE-CUCUTA-3-819x1024.jpeg 819w, https:\/\/contraluzcucuta.co\/wp-content\/uploads\/2024\/08\/REINADO-DE-CUCUTA-3-768x960.jpeg 768w, https:\/\/contraluzcucuta.co\/wp-content\/uploads\/2024\/08\/REINADO-DE-CUCUTA-3.jpeg 1024w\" sizes=\"auto, (max-width: 142px) 100vw, 142px\" \/><\/a><\/p>\n<p>Corregimiento 1:<\/p>\n<p>Nombre: Luisa Fernanda Porras Navarro.<\/p>\n<p>Edad: 20 a\u00f1os.<\/p>\n<p>Estudios: Tecn\u00f3logo en coordinaci\u00f3n de sistemas integrados de gesti\u00f3n.<\/p>\n<p>Reside en: corregimientos Puerto Villamizar y Aguaclara.<\/p>\n<p>Proyecto: Gestionar la mejora de las v\u00edas terciarias que conectan los corregimientos.<\/p>\n<p><a href=\"https:\/\/contraluzcucuta.co\/wp-content\/uploads\/2024\/08\/REINADO-DE-CUCUTA-1.jpeg\"><img loading=\"lazy\" decoding=\"async\" class=\"alignnone  wp-image-42981 alignleft\" src=\"https:\/\/contraluzcucuta.co\/wp-content\/uploads\/2024\/08\/REINADO-DE-CUCUTA-1-240x300.jpeg\" alt=\"\" width=\"143\" height=\"179\" srcset=\"https:\/\/contraluzcucuta.co\/wp-content\/uploads\/2024\/08\/REINADO-DE-CUCUTA-1-240x300.jpeg 240w, https:\/\/contraluzcucuta.co\/wp-content\/uploads\/2024\/08\/REINADO-DE-CUCUTA-1-600x750.jpeg 600w, https:\/\/contraluzcucuta.co\/wp-content\/uploads\/2024\/08\/REINADO-DE-CUCUTA-1-819x1024.jpeg 819w, https:\/\/contraluzcucuta.co\/wp-content\/uploads\/2024\/08\/REINADO-DE-CUCUTA-1-768x960.jpeg 768w, https:\/\/contraluzcucuta.co\/wp-content\/uploads\/2024\/08\/REINADO-DE-CUCUTA-1.jpeg 1024w\" sizes=\"auto, (max-width: 143px) 100vw, 143px\" \/><\/a><\/p>\n<p>Corregimiento 2:<\/p>\n<p>Nombre: Laura Vanesa Rinc\u00f3n Mora.<\/p>\n<p>Edad: 20 a\u00f1os.<\/p>\n<p>Estudios: T\u00e9cnico en belleza integral, colorimetr\u00eda capilar, tecn\u00f3loga en formaci\u00f3n de producci\u00f3n de multimedia.<\/p>\n<p>Reside en: corregimiento San Faustino.<\/p>\n<p>Proyecto: Desarrollar y gestionar proyectos de agua y saneamiento sostenible en la comunidad.<\/p>\n","protected":false},"excerpt":{"rendered":"<p>C\u00daCUTA.- La Alcald\u00eda de C\u00facuta, la Secretar\u00eda de Cultura y Turismo y la organizaci\u00f3n de las Ferias de C\u00facuta 2024 presentan el perfil de las candidatas al Reinado Popular de la Belleza de C\u00facuta 2024. Estas j\u00f3venes representan la belleza, la inteligencia y el compromiso social, al presentar proyectos de desarrollo para comunas y corregimientos. &hellip;<\/p>\n","protected":false},"author":1,"featured_media":42967,"comment_status":"open","ping_status":"open","sticky":false,"template":"","format":"standard","meta":{"footnotes":""},"categories":[2625,4,36],"tags":[226,6578,6442],"class_list":["post-42966","post","type-post","status-publish","format-standard","has-post-thumbnail","hentry","category-alcaldia-de-cucuta","category-barra","category-la-voz-del-pueblo","tag-alcaldia-de-cucuta","tag-candidatas-al-reinado","tag-ferias-y-fiestas-de-cucuta"],"_links":{"self":[{"href":"https:\/\/contraluzcucuta.co\/index.php?rest_route=\/wp\/v2\/posts\/42966","targetHints":{"allow":["GET"]}}],"collection":[{"href":"https:\/\/contraluzcucuta.co\/index.php?rest_route=\/wp\/v2\/posts"}],"about":[{"href":"https:\/\/contraluzcucuta.co\/index.php?rest_route=\/wp\/v2\/types\/post"}],"author":[{"embeddable":true,"href":"https:\/\/contraluzcucuta.co\/index.php?rest_route=\/wp\/v2\/users\/1"}],"replies":[{"embeddable":true,"href":"https:\/\/contraluzcucuta.co\/index.php?rest_route=%2Fwp%2Fv2%2Fcomments&post=42966"}],"version-history":[{"count":1,"href":"https:\/\/contraluzcucuta.co\/index.php?rest_route=\/wp\/v2\/posts\/42966\/revisions"}],"predecessor-version":[{"id":42982,"href":"https:\/\/contraluzcucuta.co\/index.php?rest_route=\/wp\/v2\/posts\/42966\/revisions\/42982"}],"wp:featuredmedia":[{"embeddable":true,"href":"https:\/\/contraluzcucuta.co\/index.php?rest_route=\/wp\/v2\/media\/42967"}],"wp:attachment":[{"href":"https:\/\/contraluzcucuta.co\/index.php?rest_route=%2Fwp%2Fv2%2Fmedia&parent=42966"}],"wp:term":[{"taxonomy":"category","embeddable":true,"href":"https:\/\/contraluzcucuta.co\/index.php?rest_route=%2Fwp%2Fv2%2Fcategories&post=42966"},{"taxonomy":"post_tag","embeddable":true,"href":"https:\/\/contraluzcucuta.co\/index.php?rest_route=%2Fwp%2Fv2%2Ftags&post=42966"}],"curies":[{"name":"wp","href":"https:\/\/api.w.org\/{rel}","templated":true}]}}