{"id":42959,"date":"2024-08-12T20:34:57","date_gmt":"2024-08-13T01:34:57","guid":{"rendered":"https:\/\/contraluzcucuta.co\/?p=42959"},"modified":"2024-08-12T20:34:57","modified_gmt":"2024-08-13T01:34:57","slug":"conversaciones-de-entre-casa-algunos-diran-que-me-robe-el-cementerio-guillermo-gonzalez-amarilla","status":"publish","type":"post","link":"https:\/\/contraluzcucuta.co\/?p=42959","title":{"rendered":"CONVERSACIONES DE ENTRE CASA. Algunos dir\u00e1n que me rob\u00e9 el Cementerio, Guillermo Gonz\u00e1lez Amarilla"},"content":{"rendered":"<p style=\"padding-left: 40px; text-align: right;\"><strong><span style=\"color: #ff9900;\">C\u00daCUTA.-En la infancia compr\u00f3 el uniforme para ser portero de f\u00fatbol y el mismo d\u00eda del debut lo sacaron de la cancha para siempre. El equipo contrario, en pocos minutos, ganaba cinco a cero. El ni\u00f1o no quiso saber m\u00e1s de camisetas, pantalonetas y guayos. Creci\u00f3, se hizo bachiller, empac\u00f3 poca ropa y tom\u00f3 varios transportes para conocer mundo.<\/span><\/strong><\/p>\n<p><a href=\"https:\/\/contraluzcucuta.co\/wp-content\/uploads\/2024\/08\/AMARILLA-14-scaled.jpeg\"><img loading=\"lazy\" decoding=\"async\" class=\"alignnone  wp-image-42961 alignleft\" src=\"https:\/\/contraluzcucuta.co\/wp-content\/uploads\/2024\/08\/AMARILLA-14-300x225.jpeg\" alt=\"\" width=\"247\" height=\"185\" srcset=\"https:\/\/contraluzcucuta.co\/wp-content\/uploads\/2024\/08\/AMARILLA-14-300x225.jpeg 300w, https:\/\/contraluzcucuta.co\/wp-content\/uploads\/2024\/08\/AMARILLA-14-600x450.jpeg 600w, https:\/\/contraluzcucuta.co\/wp-content\/uploads\/2024\/08\/AMARILLA-14-1024x768.jpeg 1024w, https:\/\/contraluzcucuta.co\/wp-content\/uploads\/2024\/08\/AMARILLA-14-768x576.jpeg 768w, https:\/\/contraluzcucuta.co\/wp-content\/uploads\/2024\/08\/AMARILLA-14-1536x1152.jpeg 1536w, https:\/\/contraluzcucuta.co\/wp-content\/uploads\/2024\/08\/AMARILLA-14-2048x1536.jpeg 2048w\" sizes=\"auto, (max-width: 247px) 100vw, 247px\" \/><\/a><\/p>\n<p>Naci\u00f3 en Pijao (Quind\u00edo). A los pocos a\u00f1os la familia cambi\u00f3 de residencia y se traslad\u00f3 para Aguadas (Caldas). A los17 a\u00f1os, se march\u00f3 y cuando hab\u00eda atravesado el umbral de los 20 a\u00f1os apareci\u00f3 en C\u00facuta. Antes de llegar a la capital de Norte de Santander estudi\u00f3 en el colegio y algunos cursos corticos en el Sena.<\/p>\n<ul>\n<li><em>Cuando llegu\u00e9 a C\u00facuta hasta lav\u00e9 carros, jod\u00ed, me volv\u00ed arrastrador, fui 21 a\u00f1os presidente de la junta comunal del barrio San Jos\u00e9 (C\u00facuta) y administrador del Cementerio Central durante 29 a\u00f1os.<\/em><\/li>\n<\/ul>\n<p>Guillermo Gonz\u00e1lez Amarilla es uno de esos personajes que le hacen falta a la ciudad para que hagan historia. No consegu\u00eda trabajo y encontr\u00f3 en la asesor\u00eda a los venezolanos la oportunidad para ganarse la vida. Le gust\u00f3 el oficio y se qued\u00f3. Era la \u00e9poca dorada del comercio cucute\u00f1o, cuando los vecinos llegaban en lujosos veh\u00edculos y con buena cantidad de bol\u00edvares para hacer compras. Eran clientes apetecidos.<\/p>\n<p><a href=\"https:\/\/contraluzcucuta.co\/wp-content\/uploads\/2024\/08\/AMARILLA-13-scaled.jpeg\"><img loading=\"lazy\" decoding=\"async\" class=\"alignnone  wp-image-42962 alignleft\" src=\"https:\/\/contraluzcucuta.co\/wp-content\/uploads\/2024\/08\/AMARILLA-13-300x225.jpeg\" alt=\"\" width=\"247\" height=\"185\" srcset=\"https:\/\/contraluzcucuta.co\/wp-content\/uploads\/2024\/08\/AMARILLA-13-300x225.jpeg 300w, https:\/\/contraluzcucuta.co\/wp-content\/uploads\/2024\/08\/AMARILLA-13-600x450.jpeg 600w, https:\/\/contraluzcucuta.co\/wp-content\/uploads\/2024\/08\/AMARILLA-13-1024x768.jpeg 1024w, https:\/\/contraluzcucuta.co\/wp-content\/uploads\/2024\/08\/AMARILLA-13-768x576.jpeg 768w, https:\/\/contraluzcucuta.co\/wp-content\/uploads\/2024\/08\/AMARILLA-13-1536x1152.jpeg 1536w, https:\/\/contraluzcucuta.co\/wp-content\/uploads\/2024\/08\/AMARILLA-13-2048x1536.jpeg 2048w\" sizes=\"auto, (max-width: 247px) 100vw, 247px\" \/><\/a><\/p>\n<p>Esos momentos los vivi\u00f3 en la calle 12. Fue la mejor \u00e9poca de la vida. Los arrastradores aguardaban ansiosos la llegada de los compradores para guiarlos, asesorarlos y ayudarlos en la adquisici\u00f3n de mercanc\u00edas. Al terminar la ma\u00f1ana, ten\u00edan las ganancias en el bolsillo. Era el turno de gastar a manos llenas, porque al d\u00eda siguiente tendr\u00edan una suma de bol\u00edvares similar o mayor.<\/p>\n<ul>\n<li><em>La gente era tan sana, que la invit\u00e1bamos al almac\u00e9n y aceptaban. Ahora no, ahora van con miedo.<\/em><\/li>\n<\/ul>\n<p>En 1983, la \u2018gallinita de los huevos de oro\u2019 muri\u00f3. Guillermo abandon\u00f3 el centro de la ciudad y se refugi\u00f3 en el barrio San Jos\u00e9. Lo reeligieron en varios periodos como presidente de la junta comunal. Ide\u00f3 actividades para estar ocupado y ayudar a la comunidad. Algunas obras perduran, otras, entre el tiempo y el descuido, han perdido vigencia.<\/p>\n<p>Aunque confiesa que no le gusta la pol\u00edtica, tambi\u00e9n acepta que trabaj\u00f3 gustoso en el movimiento Unidad Liberal, dirigido por F\u00e9lix Salcedo Baldi\u00f3n. Quiz\u00e1s esos acercamientos le valieron para que el alcalde Jairo Slebi Medina, compa\u00f1ero en la \u00e9poca de arrastrador, lo nombrara administrador del Cementerio Central.<\/p>\n<ul>\n<li><em>La gente recuerda mi labor. Unos dir\u00e1n que me rob\u00e9 el Cementerio; otros, que era jodido y malgeniado, me importa un carajo. Lo cierto es que lo rescat\u00e9 a punta de limosnas.<\/em><\/li>\n<\/ul>\n<p style=\"text-align: left;\"><a href=\"https:\/\/contraluzcucuta.co\/wp-content\/uploads\/2024\/08\/AMARILLA-6-scaled.jpeg\"><img loading=\"lazy\" decoding=\"async\" class=\"wp-image-42963 alignleft\" src=\"https:\/\/contraluzcucuta.co\/wp-content\/uploads\/2024\/08\/AMARILLA-6-300x225.jpeg\" alt=\"\" width=\"243\" height=\"182\" srcset=\"https:\/\/contraluzcucuta.co\/wp-content\/uploads\/2024\/08\/AMARILLA-6-300x225.jpeg 300w, https:\/\/contraluzcucuta.co\/wp-content\/uploads\/2024\/08\/AMARILLA-6-600x450.jpeg 600w, https:\/\/contraluzcucuta.co\/wp-content\/uploads\/2024\/08\/AMARILLA-6-1024x768.jpeg 1024w, https:\/\/contraluzcucuta.co\/wp-content\/uploads\/2024\/08\/AMARILLA-6-768x576.jpeg 768w, https:\/\/contraluzcucuta.co\/wp-content\/uploads\/2024\/08\/AMARILLA-6-1536x1152.jpeg 1536w, https:\/\/contraluzcucuta.co\/wp-content\/uploads\/2024\/08\/AMARILLA-6-2048x1536.jpeg 2048w\" sizes=\"auto, (max-width: 243px) 100vw, 243px\" \/><\/a>La experiencia ganada en esas casi tres d\u00e9cadas al frente del campo santo lo llevan a decir que a C\u00facuta le hace falta un lugar para enterrar los muertos. Seg\u00fan su mirada, el Covid 19 dej\u00f3 al descubierto la carencia de ese sitio. En su administraci\u00f3n enterr\u00f3, en promedio, 1300 cad\u00e1veres. De esos, 300 no eran reclamados por familiares.<\/p>\n<p>Entre Los problemas que afront\u00f3 en el Cementerio est\u00e1n los causados por prohibir el ingreso en pantaloneta y blusas sin mangas. La decisi\u00f3n la tom\u00f3 porque crey\u00f3 que la gente tomaba el lugar como un balneario o una plaza de mercado. Lo demandaron por intransigente, no perdi\u00f3 en los estrados judiciales.<\/p>\n<p>En una ocasi\u00f3n, una mujer lo amenaz\u00f3, porque no la dej\u00f3 vender cerveza adentro. Le dijo hasta de qu\u00e9 mal morir\u00eda. Otra, que enterraba unos mu\u00f1ecos, lo maldijo con que lo secar\u00eda hasta morir. Muchos a\u00f1os despu\u00e9s, Amarilla goza de buena salud y ha soportado varias intervenciones quir\u00fargicas.<\/p>\n<ul>\n<li><em>Vi enterrar mucha gente y muchas veces parec\u00eda el Viejo Oeste, tiros iban y ven\u00edan.<\/em><\/li>\n<\/ul>\n<p><a href=\"https:\/\/contraluzcucuta.co\/wp-content\/uploads\/2024\/08\/AMARILLA-1-scaled.jpeg\"><img loading=\"lazy\" decoding=\"async\" class=\"alignnone  wp-image-42964 alignleft\" src=\"https:\/\/contraluzcucuta.co\/wp-content\/uploads\/2024\/08\/AMARILLA-1-225x300.jpeg\" alt=\"\" width=\"208\" height=\"277\" srcset=\"https:\/\/contraluzcucuta.co\/wp-content\/uploads\/2024\/08\/AMARILLA-1-225x300.jpeg 225w, https:\/\/contraluzcucuta.co\/wp-content\/uploads\/2024\/08\/AMARILLA-1-600x800.jpeg 600w, https:\/\/contraluzcucuta.co\/wp-content\/uploads\/2024\/08\/AMARILLA-1-768x1024.jpeg 768w, https:\/\/contraluzcucuta.co\/wp-content\/uploads\/2024\/08\/AMARILLA-1-1152x1536.jpeg 1152w, https:\/\/contraluzcucuta.co\/wp-content\/uploads\/2024\/08\/AMARILLA-1-1536x2048.jpeg 1536w, https:\/\/contraluzcucuta.co\/wp-content\/uploads\/2024\/08\/AMARILLA-1-scaled.jpeg 1920w\" sizes=\"auto, (max-width: 208px) 100vw, 208px\" \/><\/a><\/p>\n<p>De los personajes cucute\u00f1os le dio sepultura a Enrique \u2018La Marrana\u2019, Mar\u00eda, Cone. Elisa fue enterrada en el cementerio de San Luis y Candelo recibi\u00f3 entierro de primera. Entre las tumbas m\u00e1s visitadas destac\u00f3 la del Mico Izasa, Antonio Y\u00e1\u00f1ez, una enfermera, la se\u00f1ora que dorm\u00eda en un ata\u00fad, la de un ni\u00f1o y la del negro Tomas.<\/p>\n<p>El Cementerio le dej\u00f3 lindos recuerdos como l\u00edder y por el trabajo que emprendi\u00f3 por C\u00facuta. Peleas y demandas, a granel. Ayudar a los desprotegidos, vestir a ni\u00f1os en la Primera Comuni\u00f3n, repartir mercados y hacer obras sociales.<\/p>\n<p>Entre lo que no hizo est\u00e1 el no haber conseguido los hornos crematorios, a pesar de que los prometieron.<\/p>\n<p><strong>\u00bfQu\u00e9 le quit\u00f3 el Cementerio?<\/strong><\/p>\n<ul>\n<li><em>Mi vida. Trabajaba s\u00e1bados, domingos y festivos. Eso nunca lo cobr\u00e9.<\/em><\/li>\n<\/ul>\n<p>Otra pasi\u00f3n de Guillermo Gonz\u00e1lez era el C\u00facuta Deportivo. Asist\u00eda a los partidos en el General Santander y repart\u00eda balones, pitos, dulces. Las malas presentaciones del once motil\u00f3n lo alejaron del estadio. Ahora, est\u00e1 orondo con el Once Caldas. Va poco a f\u00fatbol.<\/p>\n<p>Goza de la pensi\u00f3n y gasta el tiempo y los ingresos en paseos por Colombia. Toma fotos y las monta en la cuenta de Facebook. Le gusta levantarse a las 5:00 de la ma\u00f1ana para accionar la c\u00e1mara.<\/p>\n<p>La gente lo recuerda como jod\u00f3n. Prefiere que lo reconozcan como frentero, porque ese fue su estilo. Habla r\u00e1pido, pareciera que no piensa para soltar la sarta de palabras y se detiene con una sonrisa. Y quiere aprovechar que los cucute\u00f1os lo reconocen para darle rienda suelta a la aspiraci\u00f3n de ser concejal. No dar\u00e1 puestos, ni repartir\u00e1 plata, ni ofrecer\u00e1 d\u00e1divas. Ser\u00e1 solidario y humanitario.<\/p>\n<p><strong>\u00bfLo ha asustado un muerto?<\/strong><\/p>\n<ul>\n<li><em>Los muertos no asustan, asustan los vivos. El pasado es pasado, vivamos el hoy, porque el ma\u00f1ana no ha llegado. <\/em><\/li>\n<\/ul>\n<p><strong>RAFAEL ANTONIO PAB\u00d3N<\/strong><\/p>\n<p><strong><a href=\"mailto:rafaelpabon58@hotmail.com\">rafaelpabon58@hotmail.com<\/a><\/strong><\/p>\n","protected":false},"excerpt":{"rendered":"<p>C\u00daCUTA.-En la infancia compr\u00f3 el uniforme para ser portero de f\u00fatbol y el mismo d\u00eda del debut lo sacaron de la cancha para siempre. El equipo contrario, en pocos minutos, ganaba cinco a cero. El ni\u00f1o no quiso saber m\u00e1s de camisetas, pantalonetas y guayos. Creci\u00f3, se hizo bachiller, empac\u00f3 poca ropa y tom\u00f3 varios &hellip;<\/p>\n","protected":false},"author":1,"featured_media":42960,"comment_status":"open","ping_status":"open","sticky":false,"template":"","format":"standard","meta":{"footnotes":""},"categories":[5970,45,4],"tags":[6577,2461,5935,6576],"class_list":["post-42959","post","type-post","status-publish","format-standard","has-post-thumbnail","hentry","category-conversaciones-de-entre-casa","category-destacado","category-barra","tag-arrastradores-de-cucuta","tag-cementerio-central-de-cucuta","tag-conversaciones-de-entre-casa","tag-guillermo-gonzalez-amarilla"],"_links":{"self":[{"href":"https:\/\/contraluzcucuta.co\/index.php?rest_route=\/wp\/v2\/posts\/42959","targetHints":{"allow":["GET"]}}],"collection":[{"href":"https:\/\/contraluzcucuta.co\/index.php?rest_route=\/wp\/v2\/posts"}],"about":[{"href":"https:\/\/contraluzcucuta.co\/index.php?rest_route=\/wp\/v2\/types\/post"}],"author":[{"embeddable":true,"href":"https:\/\/contraluzcucuta.co\/index.php?rest_route=\/wp\/v2\/users\/1"}],"replies":[{"embeddable":true,"href":"https:\/\/contraluzcucuta.co\/index.php?rest_route=%2Fwp%2Fv2%2Fcomments&post=42959"}],"version-history":[{"count":1,"href":"https:\/\/contraluzcucuta.co\/index.php?rest_route=\/wp\/v2\/posts\/42959\/revisions"}],"predecessor-version":[{"id":42965,"href":"https:\/\/contraluzcucuta.co\/index.php?rest_route=\/wp\/v2\/posts\/42959\/revisions\/42965"}],"wp:featuredmedia":[{"embeddable":true,"href":"https:\/\/contraluzcucuta.co\/index.php?rest_route=\/wp\/v2\/media\/42960"}],"wp:attachment":[{"href":"https:\/\/contraluzcucuta.co\/index.php?rest_route=%2Fwp%2Fv2%2Fmedia&parent=42959"}],"wp:term":[{"taxonomy":"category","embeddable":true,"href":"https:\/\/contraluzcucuta.co\/index.php?rest_route=%2Fwp%2Fv2%2Fcategories&post=42959"},{"taxonomy":"post_tag","embeddable":true,"href":"https:\/\/contraluzcucuta.co\/index.php?rest_route=%2Fwp%2Fv2%2Ftags&post=42959"}],"curies":[{"name":"wp","href":"https:\/\/api.w.org\/{rel}","templated":true}]}}