{"id":42951,"date":"2024-08-12T05:26:47","date_gmt":"2024-08-12T10:26:47","guid":{"rendered":"https:\/\/contraluzcucuta.co\/?p=42951"},"modified":"2024-08-12T05:26:47","modified_gmt":"2024-08-12T10:26:47","slug":"banda-del-sagrado-90-aniversario-en-medio-de-musica-y-tradicion","status":"publish","type":"post","link":"https:\/\/contraluzcucuta.co\/?p=42951","title":{"rendered":"BANDA DEL SAGRADO. 90 aniversario en medio de m\u00fasica y tradici\u00f3n"},"content":{"rendered":"<p style=\"padding-left: 40px; text-align: right;\"><strong><span style=\"color: #ff9900;\">C\u00daCUTA.- La Banda del Colegio Sagrado Coraz\u00f3n de Jes\u00fas cumpli\u00f3 90 a\u00f1os. La celebraci\u00f3n se cumpli\u00f3 en medio del Festival de Bandas Musicales, que permiti\u00f3 a los cucute\u00f1os disfrutar de la m\u00fasica y la tradici\u00f3n.<\/span><\/strong><\/p>\n<p><a href=\"https:\/\/contraluzcucuta.co\/wp-content\/uploads\/2024\/08\/SAGRADO-CORAZON-BANDA-2.jpeg\"><img loading=\"lazy\" decoding=\"async\" class=\"alignnone  wp-image-42953 alignleft\" src=\"https:\/\/contraluzcucuta.co\/wp-content\/uploads\/2024\/08\/SAGRADO-CORAZON-BANDA-2-300x225.jpeg\" alt=\"\" width=\"248\" height=\"186\" srcset=\"https:\/\/contraluzcucuta.co\/wp-content\/uploads\/2024\/08\/SAGRADO-CORAZON-BANDA-2-300x225.jpeg 300w, https:\/\/contraluzcucuta.co\/wp-content\/uploads\/2024\/08\/SAGRADO-CORAZON-BANDA-2-600x450.jpeg 600w, https:\/\/contraluzcucuta.co\/wp-content\/uploads\/2024\/08\/SAGRADO-CORAZON-BANDA-2-1024x768.jpeg 1024w, https:\/\/contraluzcucuta.co\/wp-content\/uploads\/2024\/08\/SAGRADO-CORAZON-BANDA-2-768x576.jpeg 768w, https:\/\/contraluzcucuta.co\/wp-content\/uploads\/2024\/08\/SAGRADO-CORAZON-BANDA-2.jpeg 1280w\" sizes=\"auto, (max-width: 248px) 100vw, 248px\" \/><\/a><\/p>\n<p>El desfile parti\u00f3 de la avenida 6 con calle 11, recorri\u00f3 las v\u00edas c\u00e9ntricas de la ciudad hasta llegar al colegio Sagrado Coraz\u00f3n de Jes\u00fas. All\u00ed, las bandas se lucieron con la presentaci\u00f3n coreogr\u00e1fica. Veinte bandas infantiles, con integrantes de entre 3 y 10 a\u00f1os, desplegaron talento musical y llenaron de alegr\u00eda y orgullo el recinto educativo.<\/p>\n<p>\u201cLa dedicaci\u00f3n de estos peque\u00f1os es conmovedora. Su pasi\u00f3n por la m\u00fasica es un recordatorio de que el futuro de nuestras bandas est\u00e1 asegurado\u201d, dijo el secretario de Cultura y Turismo de C\u00facuta, Nadim Bayona.<\/p>\n<p>En tarde, 20 bandas conformadas por j\u00f3venes de entre 11 y 23 a\u00f1os, ofrecieron un espect\u00e1culo lleno de entusiasmo y profesionalismo. El festival cont\u00f3 con la asistencia masiva de cucute\u00f1os dej\u00f3 en evidencia el papel fundamental de la m\u00fasica en el desarrollo cultural de C\u00facuta.<\/p>\n<p>\u201cEste festival no solo es una celebraci\u00f3n, sino una oportunidad para que los j\u00f3venes muestren todo lo que han aprendido y se sientan parte de esta gran tradici\u00f3n\u201d, expres\u00f3 el director de la Banda del Colegio Sagrado Coraz\u00f3n de Jes\u00fas, el m\u00fasico marcial Carlos Ardila.<\/p>\n<p>La administraci\u00f3n local entreg\u00f3 una placa conmemorativa en reconocimiento de los 90 a\u00f1os de la banda.<\/p>\n","protected":false},"excerpt":{"rendered":"<p>C\u00daCUTA.- La Banda del Colegio Sagrado Coraz\u00f3n de Jes\u00fas cumpli\u00f3 90 a\u00f1os. La celebraci\u00f3n se cumpli\u00f3 en medio del Festival de Bandas Musicales, que permiti\u00f3 a los cucute\u00f1os disfrutar de la m\u00fasica y la tradici\u00f3n. El desfile parti\u00f3 de la avenida 6 con calle 11, recorri\u00f3 las v\u00edas c\u00e9ntricas de la ciudad hasta llegar al &hellip;<\/p>\n","protected":false},"author":1,"featured_media":42952,"comment_status":"open","ping_status":"open","sticky":false,"template":"","format":"standard","meta":{"footnotes":""},"categories":[74,4,36],"tags":[6573,4910,6574],"class_list":["post-42951","post","type-post","status-publish","format-standard","has-post-thumbnail","hentry","category-aula-universitaria","category-barra","category-la-voz-del-pueblo","tag-banda-del-sagrado-corazon","tag-corsaje","tag-festival-de-bandas-musicales"],"_links":{"self":[{"href":"https:\/\/contraluzcucuta.co\/index.php?rest_route=\/wp\/v2\/posts\/42951","targetHints":{"allow":["GET"]}}],"collection":[{"href":"https:\/\/contraluzcucuta.co\/index.php?rest_route=\/wp\/v2\/posts"}],"about":[{"href":"https:\/\/contraluzcucuta.co\/index.php?rest_route=\/wp\/v2\/types\/post"}],"author":[{"embeddable":true,"href":"https:\/\/contraluzcucuta.co\/index.php?rest_route=\/wp\/v2\/users\/1"}],"replies":[{"embeddable":true,"href":"https:\/\/contraluzcucuta.co\/index.php?rest_route=%2Fwp%2Fv2%2Fcomments&post=42951"}],"version-history":[{"count":1,"href":"https:\/\/contraluzcucuta.co\/index.php?rest_route=\/wp\/v2\/posts\/42951\/revisions"}],"predecessor-version":[{"id":42954,"href":"https:\/\/contraluzcucuta.co\/index.php?rest_route=\/wp\/v2\/posts\/42951\/revisions\/42954"}],"wp:featuredmedia":[{"embeddable":true,"href":"https:\/\/contraluzcucuta.co\/index.php?rest_route=\/wp\/v2\/media\/42952"}],"wp:attachment":[{"href":"https:\/\/contraluzcucuta.co\/index.php?rest_route=%2Fwp%2Fv2%2Fmedia&parent=42951"}],"wp:term":[{"taxonomy":"category","embeddable":true,"href":"https:\/\/contraluzcucuta.co\/index.php?rest_route=%2Fwp%2Fv2%2Fcategories&post=42951"},{"taxonomy":"post_tag","embeddable":true,"href":"https:\/\/contraluzcucuta.co\/index.php?rest_route=%2Fwp%2Fv2%2Ftags&post=42951"}],"curies":[{"name":"wp","href":"https:\/\/api.w.org\/{rel}","templated":true}]}}