{"id":42912,"date":"2024-08-10T04:53:07","date_gmt":"2024-08-10T09:53:07","guid":{"rendered":"https:\/\/contraluzcucuta.co\/?p=42912"},"modified":"2024-08-10T04:53:07","modified_gmt":"2024-08-10T09:53:07","slug":"arboledas-salazar-nuevo-tramo-mejorado-beneficiara-a-8984-habitantes","status":"publish","type":"post","link":"https:\/\/contraluzcucuta.co\/?p=42912","title":{"rendered":"ARBOLEDAS \u2013 SALAZAR. Nuevo tramo mejorado beneficiar\u00e1 a 8984 habitantes"},"content":{"rendered":"<p><a href=\"https:\/\/contraluzcucuta.co\/wp-content\/uploads\/2024\/08\/VIA-ARBOLEDAS-SALAZAR-3-scaled.jpg\"><img loading=\"lazy\" decoding=\"async\" class=\"alignnone  wp-image-42914 alignleft\" src=\"https:\/\/contraluzcucuta.co\/wp-content\/uploads\/2024\/08\/VIA-ARBOLEDAS-SALAZAR-3-300x225.jpg\" alt=\"\" width=\"255\" height=\"191\" srcset=\"https:\/\/contraluzcucuta.co\/wp-content\/uploads\/2024\/08\/VIA-ARBOLEDAS-SALAZAR-3-300x225.jpg 300w, https:\/\/contraluzcucuta.co\/wp-content\/uploads\/2024\/08\/VIA-ARBOLEDAS-SALAZAR-3-600x450.jpg 600w, https:\/\/contraluzcucuta.co\/wp-content\/uploads\/2024\/08\/VIA-ARBOLEDAS-SALAZAR-3-1024x768.jpg 1024w, https:\/\/contraluzcucuta.co\/wp-content\/uploads\/2024\/08\/VIA-ARBOLEDAS-SALAZAR-3-768x576.jpg 768w, https:\/\/contraluzcucuta.co\/wp-content\/uploads\/2024\/08\/VIA-ARBOLEDAS-SALAZAR-3-1536x1152.jpg 1536w, https:\/\/contraluzcucuta.co\/wp-content\/uploads\/2024\/08\/VIA-ARBOLEDAS-SALAZAR-3-2048x1536.jpg 2048w\" sizes=\"auto, (max-width: 255px) 100vw, 255px\" \/><\/a><\/p>\n<p><strong><span style=\"color: #ff9900;\">C\u00daCUTA.- El tramo vial, comprendido entre los segmentos k 0+320 al k 0+665 y k 0+830 al k 01+485, de la carretera Salazar \u2013 Arboledas fue entregado por el gobernador William Villamizar. La obra beneficiar\u00e1 a 8984 habitantes de esa regi\u00f3n.<\/span><\/strong><\/p>\n<p>Los trabajos ejecutados corresponden a:<\/p>\n<ul>\n<li>Drenaje y manejo de aguas con alcantarillado<\/li>\n<li><em>Box culvert<\/em>, cunetas y bordillos<\/li>\n<li>Pavimento flexible<\/li>\n<li>Se\u00f1alizaci\u00f3n vertical y demarcaci\u00f3n horizontal<\/li>\n<li>Tachas reflexivas y delineador de curva y corona horizontal<\/li>\n<li>Muros en concreto y gaviones.<\/li>\n<\/ul>\n<p>Esta obra mejorar\u00e1 significativamente el tr\u00e1nsito vehicular y la movilidad entre los Pueblos de Occidente. \u00abTambi\u00e9n, fortalece el turismo y dinamiza la econom\u00eda de las familias productoras, garantizando un futuro m\u00e1s pr\u00f3spero para la regi\u00f3n\u00bb, afirm\u00f3 Villamizar.<\/p>\n","protected":false},"excerpt":{"rendered":"<p>C\u00daCUTA.- El tramo vial, comprendido entre los segmentos k 0+320 al k 0+665 y k 0+830 al k 01+485, de la carretera Salazar \u2013 Arboledas fue entregado por el gobernador William Villamizar. La obra beneficiar\u00e1 a 8984 habitantes de esa regi\u00f3n. Los trabajos ejecutados corresponden a: Drenaje y manejo de aguas con alcantarillado Box culvert, &hellip;<\/p>\n","protected":false},"author":1,"featured_media":42913,"comment_status":"open","ping_status":"open","sticky":false,"template":"","format":"standard","meta":{"footnotes":""},"categories":[4,6011,32],"tags":[259,379,1254],"class_list":["post-42912","post","type-post","status-publish","format-standard","has-post-thumbnail","hentry","category-barra","category-gobernacion-de-norte-de-santander","category-recorrido-por-la-region","tag-arboledas","tag-gobernacion-de-norte-de-santander","tag-salazar-de-las-palmas"],"_links":{"self":[{"href":"https:\/\/contraluzcucuta.co\/index.php?rest_route=\/wp\/v2\/posts\/42912","targetHints":{"allow":["GET"]}}],"collection":[{"href":"https:\/\/contraluzcucuta.co\/index.php?rest_route=\/wp\/v2\/posts"}],"about":[{"href":"https:\/\/contraluzcucuta.co\/index.php?rest_route=\/wp\/v2\/types\/post"}],"author":[{"embeddable":true,"href":"https:\/\/contraluzcucuta.co\/index.php?rest_route=\/wp\/v2\/users\/1"}],"replies":[{"embeddable":true,"href":"https:\/\/contraluzcucuta.co\/index.php?rest_route=%2Fwp%2Fv2%2Fcomments&post=42912"}],"version-history":[{"count":1,"href":"https:\/\/contraluzcucuta.co\/index.php?rest_route=\/wp\/v2\/posts\/42912\/revisions"}],"predecessor-version":[{"id":42915,"href":"https:\/\/contraluzcucuta.co\/index.php?rest_route=\/wp\/v2\/posts\/42912\/revisions\/42915"}],"wp:featuredmedia":[{"embeddable":true,"href":"https:\/\/contraluzcucuta.co\/index.php?rest_route=\/wp\/v2\/media\/42913"}],"wp:attachment":[{"href":"https:\/\/contraluzcucuta.co\/index.php?rest_route=%2Fwp%2Fv2%2Fmedia&parent=42912"}],"wp:term":[{"taxonomy":"category","embeddable":true,"href":"https:\/\/contraluzcucuta.co\/index.php?rest_route=%2Fwp%2Fv2%2Fcategories&post=42912"},{"taxonomy":"post_tag","embeddable":true,"href":"https:\/\/contraluzcucuta.co\/index.php?rest_route=%2Fwp%2Fv2%2Ftags&post=42912"}],"curies":[{"name":"wp","href":"https:\/\/api.w.org\/{rel}","templated":true}]}}