{"id":42896,"date":"2024-08-08T04:28:11","date_gmt":"2024-08-08T09:28:11","guid":{"rendered":"https:\/\/contraluzcucuta.co\/?p=42896"},"modified":"2024-08-08T04:28:11","modified_gmt":"2024-08-08T09:28:11","slug":"dia-del-ejercito-celebracion-del-214-aniversario","status":"publish","type":"post","link":"https:\/\/contraluzcucuta.co\/?p=42896","title":{"rendered":"D\u00cdA DEL EJ\u00c9RCITO. Celebraci\u00f3n del 214 aniversario"},"content":{"rendered":"<p style=\"padding-left: 40px; text-align: right;\"><strong><span style=\"color: #ff9900;\">C\u00daCUTA.- Este a\u00f1o, entrar\u00e1 en funci\u00f3n el Batall\u00f3n de Polic\u00eda Militar N. 30 que reforzar\u00e1 los procedimientos de control y vigilancia en el casco urbano y zona rural de C\u00facuta. El anuncio lo hizo el alcalde Jorge Acevedo en la celebraci\u00f3n del D\u00eda del Ej\u00e9rcito.<\/span><\/strong><\/p>\n<p>La administraci\u00f3n municipal, en desarrollo de la estrategia C\u00facuta Territorio Seguro, brinda apoyo para el fortalecimiento de las capacidades institucionales en todas las especialidades del Ej\u00e9rcito que operan en C\u00facuta.<\/p>\n<p>La Alcald\u00eda se vincul\u00f3 a la conmemoraci\u00f3n de los 205 a\u00f1os de la Batalla de Boyac\u00e1 y la celebraci\u00f3n del 214 aniversario del Ej\u00e9rcito. El alcalde Jorge Acevedo exalt\u00f3 la labor de hombres y mujeres adscritos a la Trig\u00e9sima Brigada.<\/p>\n<p>\u201cReconocemos el compromiso, entrega y dedicaci\u00f3n de nuestras tropas que a diario con honor y lealtad velan por la seguridad de nuestra patria en cada uno de los territorios. Los cucute\u00f1os nos sentimos orgullosos de su labor y sentido de pertenencia y orgullo por portar el uniforme con dignidad y respeto\u201d.<\/p>\n<p>El secretario de Seguridad Ciudadana, Diego Villamizar, destac\u00f3 los resultados operacionales del Ej\u00e9rcito en C\u00facuta. Desmantelamiento de bandas dedicadas a la extorsi\u00f3n y golpes al narcotr\u00e1fico son, entre otros, los logros en conjunto con la Polic\u00eda y la Fiscal\u00eda.<\/p>\n","protected":false},"excerpt":{"rendered":"<p>C\u00daCUTA.- Este a\u00f1o, entrar\u00e1 en funci\u00f3n el Batall\u00f3n de Polic\u00eda Militar N. 30 que reforzar\u00e1 los procedimientos de control y vigilancia en el casco urbano y zona rural de C\u00facuta. El anuncio lo hizo el alcalde Jorge Acevedo en la celebraci\u00f3n del D\u00eda del Ej\u00e9rcito. La administraci\u00f3n municipal, en desarrollo de la estrategia C\u00facuta Territorio &hellip;<\/p>\n","protected":false},"author":1,"featured_media":42897,"comment_status":"open","ping_status":"open","sticky":false,"template":"","format":"standard","meta":{"footnotes":""},"categories":[11,4],"tags":[5950,6238,6556,299],"class_list":["post-42896","post","type-post","status-publish","format-standard","has-post-thumbnail","hentry","category-cronica-roja","category-barra","tag-alcalde-jorge-acevedo","tag-cucuta-territorio-seguro","tag-dia-del-ejercito","tag-ejercito-de-colombia"],"_links":{"self":[{"href":"https:\/\/contraluzcucuta.co\/index.php?rest_route=\/wp\/v2\/posts\/42896","targetHints":{"allow":["GET"]}}],"collection":[{"href":"https:\/\/contraluzcucuta.co\/index.php?rest_route=\/wp\/v2\/posts"}],"about":[{"href":"https:\/\/contraluzcucuta.co\/index.php?rest_route=\/wp\/v2\/types\/post"}],"author":[{"embeddable":true,"href":"https:\/\/contraluzcucuta.co\/index.php?rest_route=\/wp\/v2\/users\/1"}],"replies":[{"embeddable":true,"href":"https:\/\/contraluzcucuta.co\/index.php?rest_route=%2Fwp%2Fv2%2Fcomments&post=42896"}],"version-history":[{"count":1,"href":"https:\/\/contraluzcucuta.co\/index.php?rest_route=\/wp\/v2\/posts\/42896\/revisions"}],"predecessor-version":[{"id":42898,"href":"https:\/\/contraluzcucuta.co\/index.php?rest_route=\/wp\/v2\/posts\/42896\/revisions\/42898"}],"wp:featuredmedia":[{"embeddable":true,"href":"https:\/\/contraluzcucuta.co\/index.php?rest_route=\/wp\/v2\/media\/42897"}],"wp:attachment":[{"href":"https:\/\/contraluzcucuta.co\/index.php?rest_route=%2Fwp%2Fv2%2Fmedia&parent=42896"}],"wp:term":[{"taxonomy":"category","embeddable":true,"href":"https:\/\/contraluzcucuta.co\/index.php?rest_route=%2Fwp%2Fv2%2Fcategories&post=42896"},{"taxonomy":"post_tag","embeddable":true,"href":"https:\/\/contraluzcucuta.co\/index.php?rest_route=%2Fwp%2Fv2%2Ftags&post=42896"}],"curies":[{"name":"wp","href":"https:\/\/api.w.org\/{rel}","templated":true}]}}